{"id":9938,"date":"2019-08-05T15:22:28","date_gmt":"2019-08-05T14:22:28","guid":{"rendered":"https:\/\/www.entroncamentoonline.pt\/portal\/?p=9938"},"modified":"2019-08-05T15:22:28","modified_gmt":"2019-08-05T14:22:28","slug":"empresarios-da-regiao-em-missao-empresarial-ao-gana-e-costa-do-marfim-de-15-a-20-de-setembro","status":"publish","type":"post","link":"https:\/\/www.entroncamentoonline.pt\/portal\/empresarios-da-regiao-em-missao-empresarial-ao-gana-e-costa-do-marfim-de-15-a-20-de-setembro\/","title":{"rendered":"Empres\u00e1rios da regi\u00e3o em miss\u00e3o empresarial ao Gana e Costa do Marfim de 15 a 20 de setembro"},"content":{"rendered":"<p><span style=\"color: #666666;\">Entre os dias 15 e 20 de setembro, a NERSANT &#8211; Associa\u00e7\u00e3o Empresarial da Regi\u00e3o de Santar\u00e9m vai estar no Gana e Costa do Marfim com um conjunto de empresas a fazer prospe\u00e7\u00e3o de neg\u00f3cios. A miss\u00e3o tem como finalidade a identifica\u00e7\u00e3o de oportunidades de neg\u00f3cio atrav\u00e9s da realiza\u00e7\u00e3o de reuni\u00f5es empresariais e institucionais.<\/span><\/p>\n<p>A viagem de neg\u00f3cios, de car\u00e1ter multissetorial, tem incid\u00eancia na capital do Gana, Acra, e na capital econ\u00f3mica da Costa do Marfim, Abidjan, e conta com o apoio t\u00e9cnico da NERSANT ao longo de toda a miss\u00e3o. Nos locais, as empresas participantes v\u00e3o poder identificar oportunidades de neg\u00f3cio atrav\u00e9s da realiza\u00e7\u00e3o de reuni\u00f5es institucionais e da concretiza\u00e7\u00e3o de reuni\u00f5es bilaterais com empresas locais, previamente agendadas pela associa\u00e7\u00e3o de acordo com os interesses dos participantes.<\/p>\n<p>De referir que a miss\u00e3o empresarial ao Gana e Costa do Marfim \u00e9 uma iniciativa do projeto financiado pela Uni\u00e3o Europeia, &#8220;<a href=\"http:\/\/www.nersant.pt\/projetos\/financiados\/negocios-no-mundo\/\">Neg\u00f3cios no Mundo<\/a>&#8220;. O mesmo resulta de uma candidatura da AIP, ao Aviso N.\u00ba 28\/SI\/2017 &#8211; Sistema de Incentivos &#8220;Internacionaliza\u00e7\u00e3o das PME&#8221;, na modalidade de Projetos Conjuntos, em copromo\u00e7\u00e3o com sete associa\u00e7\u00f5es empresariais, entre elas a NERSANT.<\/p>\n<p>Os interessados em participar podem contactar a NERSANT para mais informa\u00e7\u00f5es ou inscri\u00e7\u00f5es atrav\u00e9s dos contactos <a href=\"mailto:negociosnomundo@nersant.pt\">negociosnomundo@nersant.pt<\/a> ou 249 839 500.<\/p>\n<div class=\"fb-background-color\">\n\t\t\t  <div \n\t\t\t  \tclass = \"fb-comments\" \n\t\t\t  \tdata-href = \"https:\/\/www.entroncamentoonline.pt\/portal\/empresarios-da-regiao-em-missao-empresarial-ao-gana-e-costa-do-marfim-de-15-a-20-de-setembro\/\"\n\t\t\t  \tdata-numposts = \"10\"\n\t\t\t  \tdata-lazy = \"true\"\n\t\t\t\tdata-colorscheme = \"light\"\n\t\t\t\tdata-order-by = \"social\"\n\t\t\t\tdata-mobile=true>\n\t\t\t  <\/div><\/div>\n\t\t  <style>\n\t\t    .fb-background-color {\n\t\t\t\tbackground:  !important;\n\t\t\t}\n\t\t\t.fb_iframe_widget_fluid_desktop iframe {\n\t\t\t    width: 100% !important;\n\t\t\t}\n\t\t  <\/style>\n\t\t  ","protected":false},"excerpt":{"rendered":"<p>Entre os dias 15 e 20 de setembro, a NERSANT &#8211; Associa\u00e7\u00e3o Empresarial da Regi\u00e3o de Santar\u00e9m vai estar no Gana e Costa do Marfim com um conjunto de empresas a fazer prospe\u00e7\u00e3o de neg\u00f3cios. A miss\u00e3o tem como finalidade a identifica\u00e7\u00e3o de oportunidades de neg\u00f3cio atrav\u00e9s da realiza\u00e7\u00e3o de reuni\u00f5es empresariais e institucionais. A [&hellip;]<\/p>\n","protected":false},"author":1,"featured_media":0,"comment_status":"open","ping_status":"closed","sticky":false,"template":"","format":"standard","meta":{"_acf_changed":false,"footnotes":""},"categories":[51],"tags":[],"class_list":{"0":"post-9938","1":"post","2":"type-post","3":"status-publish","4":"format-standard","6":"category-breves"},"acf":[],"_links":{"self":[{"href":"https:\/\/www.entroncamentoonline.pt\/portal\/wp-json\/wp\/v2\/posts\/9938","targetHints":{"allow":["GET"]}}],"collection":[{"href":"https:\/\/www.entroncamentoonline.pt\/portal\/wp-json\/wp\/v2\/posts"}],"about":[{"href":"https:\/\/www.entroncamentoonline.pt\/portal\/wp-json\/wp\/v2\/types\/post"}],"author":[{"embeddable":true,"href":"https:\/\/www.entroncamentoonline.pt\/portal\/wp-json\/wp\/v2\/users\/1"}],"replies":[{"embeddable":true,"href":"https:\/\/www.entroncamentoonline.pt\/portal\/wp-json\/wp\/v2\/comments?post=9938"}],"version-history":[{"count":0,"href":"https:\/\/www.entroncamentoonline.pt\/portal\/wp-json\/wp\/v2\/posts\/9938\/revisions"}],"wp:attachment":[{"href":"https:\/\/www.entroncamentoonline.pt\/portal\/wp-json\/wp\/v2\/media?parent=9938"}],"wp:term":[{"taxonomy":"category","embeddable":true,"href":"https:\/\/www.entroncamentoonline.pt\/portal\/wp-json\/wp\/v2\/categories?post=9938"},{"taxonomy":"post_tag","embeddable":true,"href":"https:\/\/www.entroncamentoonline.pt\/portal\/wp-json\/wp\/v2\/tags?post=9938"}],"curies":[{"name":"wp","href":"https:\/\/api.w.org\/{rel}","templated":true}]}}