{"id":9927,"date":"2019-08-05T10:22:32","date_gmt":"2019-08-05T09:22:32","guid":{"rendered":"https:\/\/www.entroncamentoonline.pt\/portal\/?p=9927"},"modified":"2019-08-05T10:23:03","modified_gmt":"2019-08-05T09:23:03","slug":"novidade-bons-sons-adega-pocas-com-vinho-a-copo-para-brindar-a-10a-edicao","status":"publish","type":"post","link":"https:\/\/www.entroncamentoonline.pt\/portal\/novidade-bons-sons-adega-pocas-com-vinho-a-copo-para-brindar-a-10a-edicao\/","title":{"rendered":"Novidade Bons Sons | Adega Po\u00e7as com vinho a copo para brindar \u00e0 10\u00aa edi\u00e7\u00e3o"},"content":{"rendered":"<p><strong>Na 10\u00aa edi\u00e7\u00e3o, o Festival Bons Sons inaugura pela primeira vez uma Adega na aldeia. A Po\u00e7as \u00e9 a parceira eleita que vai levar ao festival vinho a copo, programa\u00e7\u00e3o cultural pr\u00f3pria e um mural assinado pela artista Mariana, a Miser\u00e1vel.<\/strong><\/p>\n<p>Para brindar \u00e0 10\u00aa edi\u00e7\u00e3o do Festival Bons Sons, que decorre de 8 a 11 de agosto, na aldeia de Cem Soldos, em Tomar, a organiza\u00e7\u00e3o anunciou, como novidade, uma Adega de vinho no evento, onde ser\u00e1 vendido o vinho a copo durante o certame.<\/p>\n<p>A Adega Po\u00e7as vai tomar conta de uma das casas da aldeia mais populares entre os festivaleiros. O vinho vai ser servido a partir das janelas do edif\u00edcio e o interior vai ser dedicado \u00e0 cultura. Dentro da taberna t\u00edpica v\u00e3o decorrer tert\u00falias sobre o anivers\u00e1rio do festival, atua\u00e7\u00f5es de dan\u00e7a, poesia e alguns concertos surpresa.<\/p>\n<p>Das novidades que a Po\u00e7as traz ao Bons Sons 2019 destaca-se ainda o mural assinado pela Mariana, a Miser\u00e1vel, na fachada da Adega Po\u00e7as. A ilustradora portuense \u00e9 uma das artistas apoiadas pelo produtor este ano, no \u00e2mbito da campanha \u201cFora da S\u00e9rie\u201d que pretende homenagear e apadrinhar criadores em diferentes vertentes culturais.<\/p>\n<p><img loading=\"lazy\" decoding=\"async\" class=\"size-full wp-image-9928 aligncenter\" src=\"https:\/\/www.entroncamentoonline.pt\/portal\/wp-content\/uploads\/2019\/08\/Po\u00e7as-x-Bons-Sons.jpg\" alt=\"\" width=\"612\" height=\"408\" \/><\/p>\n<p>Para a Po\u00e7as, fundada em 1918, fazer vinho \u00e9 criar algo verdadeiramente \u00fanico, como uma obra de arte e, talvez por isso, desde sempre a marca assumiu uma rela\u00e7\u00e3o muito pr\u00f3xima com os movimentos art\u00edsticos portugueses. Em 2018, ano em que celebrou o centen\u00e1rio, a Po\u00e7as refor\u00e7ou a sua liga\u00e7\u00e3o \u00e0 cultura, apoiando uma s\u00e9rie de talentos nacionais, miss\u00e3o que renova este ano nas \u00e1reas da ilustra\u00e7\u00e3o, literatura, cinema e dan\u00e7a contempor\u00e2nea.<\/p>\n<div class=\"fb-background-color\">\n\t\t\t  <div \n\t\t\t  \tclass = \"fb-comments\" \n\t\t\t  \tdata-href = \"https:\/\/www.entroncamentoonline.pt\/portal\/novidade-bons-sons-adega-pocas-com-vinho-a-copo-para-brindar-a-10a-edicao\/\"\n\t\t\t  \tdata-numposts = \"10\"\n\t\t\t  \tdata-lazy = \"true\"\n\t\t\t\tdata-colorscheme = \"light\"\n\t\t\t\tdata-order-by = \"social\"\n\t\t\t\tdata-mobile=true>\n\t\t\t  <\/div><\/div>\n\t\t  <style>\n\t\t    .fb-background-color {\n\t\t\t\tbackground:  !important;\n\t\t\t}\n\t\t\t.fb_iframe_widget_fluid_desktop iframe {\n\t\t\t    width: 100% !important;\n\t\t\t}\n\t\t  <\/style>\n\t\t  ","protected":false},"excerpt":{"rendered":"<p>Na 10\u00aa edi\u00e7\u00e3o, o Festival Bons Sons inaugura pela primeira vez uma Adega na aldeia. A Po\u00e7as \u00e9 a parceira eleita que vai levar ao festival vinho a copo, programa\u00e7\u00e3o cultural pr\u00f3pria e um mural assinado pela artista Mariana, a Miser\u00e1vel. Para brindar \u00e0 10\u00aa edi\u00e7\u00e3o do Festival Bons Sons, que decorre de 8 a [&hellip;]<\/p>\n","protected":false},"author":1,"featured_media":9929,"comment_status":"open","ping_status":"closed","sticky":false,"template":"","format":"standard","meta":{"_acf_changed":false,"footnotes":""},"categories":[71],"tags":[],"class_list":{"0":"post-9927","1":"post","2":"type-post","3":"status-publish","4":"format-standard","5":"has-post-thumbnail","7":"category-outras-noticias"},"acf":[],"_links":{"self":[{"href":"https:\/\/www.entroncamentoonline.pt\/portal\/wp-json\/wp\/v2\/posts\/9927","targetHints":{"allow":["GET"]}}],"collection":[{"href":"https:\/\/www.entroncamentoonline.pt\/portal\/wp-json\/wp\/v2\/posts"}],"about":[{"href":"https:\/\/www.entroncamentoonline.pt\/portal\/wp-json\/wp\/v2\/types\/post"}],"author":[{"embeddable":true,"href":"https:\/\/www.entroncamentoonline.pt\/portal\/wp-json\/wp\/v2\/users\/1"}],"replies":[{"embeddable":true,"href":"https:\/\/www.entroncamentoonline.pt\/portal\/wp-json\/wp\/v2\/comments?post=9927"}],"version-history":[{"count":0,"href":"https:\/\/www.entroncamentoonline.pt\/portal\/wp-json\/wp\/v2\/posts\/9927\/revisions"}],"wp:featuredmedia":[{"embeddable":true,"href":"https:\/\/www.entroncamentoonline.pt\/portal\/wp-json\/wp\/v2\/media\/9929"}],"wp:attachment":[{"href":"https:\/\/www.entroncamentoonline.pt\/portal\/wp-json\/wp\/v2\/media?parent=9927"}],"wp:term":[{"taxonomy":"category","embeddable":true,"href":"https:\/\/www.entroncamentoonline.pt\/portal\/wp-json\/wp\/v2\/categories?post=9927"},{"taxonomy":"post_tag","embeddable":true,"href":"https:\/\/www.entroncamentoonline.pt\/portal\/wp-json\/wp\/v2\/tags?post=9927"}],"curies":[{"name":"wp","href":"https:\/\/api.w.org\/{rel}","templated":true}]}}