{"id":9923,"date":"2019-08-05T10:04:22","date_gmt":"2019-08-05T09:04:22","guid":{"rendered":"https:\/\/www.entroncamentoonline.pt\/portal\/?p=9923"},"modified":"2019-08-05T10:04:22","modified_gmt":"2019-08-05T09:04:22","slug":"nersant-segue-para-viagem-de-negocios-a-mocambique-no-final-do-mes","status":"publish","type":"post","link":"https:\/\/www.entroncamentoonline.pt\/portal\/nersant-segue-para-viagem-de-negocios-a-mocambique-no-final-do-mes\/","title":{"rendered":"NERSANT segue para viagem de neg\u00f3cios a Mo\u00e7ambique no final do m\u00eas"},"content":{"rendered":"<p><span style=\"color: #666666;\">\u00c9 j\u00e1 no dia 30 de agosto que a NERSANT &#8211; Associa\u00e7\u00e3o Empresarial da Regi\u00e3o de Santar\u00e9m inicia uma miss\u00e3o empresarial em Maputo, Mo\u00e7ambique. A viagem de neg\u00f3cios decorre at\u00e9 dia 5 de setembro e pretende aumentar as exporta\u00e7\u00f5es das empresas da regi\u00e3o para aquele pa\u00eds africano.<\/span><\/p>\n<p>A miss\u00e3o empresarial tem car\u00e1ter multissetorial e engloba a identifica\u00e7\u00e3o de oportunidades de neg\u00f3cio de acordo com os interesses das empresas participantes, a realiza\u00e7\u00e3o de reuni\u00f5es institucionais e a realiza\u00e7\u00e3o de reuni\u00f5es bilaterais com empresas locais, que possam vir a ser potenciais clientes, parceiros ou fornecedores.<\/p>\n<p>Cabe \u00e0 NERSANT organizar e liderar esta miss\u00e3o empresarial, desde o agendamento de voos, marca\u00e7\u00e3o de reuni\u00f5es de acordo com os interesses dos participantes e apoio t\u00e9cnico durante a viagem de neg\u00f3cios. Por se tratar de uma a\u00e7\u00e3o financiada, as empresas participantes poder\u00e3o ter acesso a um financiamento de 50% das despesas eleg\u00edveis.<\/p>\n<p>A realiza\u00e7\u00e3o da miss\u00e3o empresarial a Mo\u00e7ambique \u00e9 uma a\u00e7\u00e3o integrada no projeto \u201c<a href=\"http:\/\/www.nersant.pt\/projetos\/financiados\/negocios-no-mundo\/\">Neg\u00f3cios no Mundo<\/a>\u201d, financiado pelo Portugal 2020, vocacionado para a potencializa\u00e7\u00e3o da internacionaliza\u00e7\u00e3o das PME nacionais, atrav\u00e9s de uma atua\u00e7\u00e3o integrada de a\u00e7\u00f5es externas, miss\u00f5es inversas e capacita\u00e7\u00e3o de empres\u00e1rios e encontra-se estruturado de forma a envolver diretamente 150 empresas de Portugal Continental que apresentam reduzidos valores de exporta\u00e7\u00e3o, que procuram diversificar a sua presen\u00e7a no exterior, bem como a sua rede de parceiros internacionais em novos mercados.<\/p>\n<p>As empresas interessadas em integrar a miss\u00e3o empresarial da NERSANT a Mo\u00e7ambique devem abordar a associa\u00e7\u00e3o atrav\u00e9s dos contactos <a href=\"mailto:negociosnomundo@nersant.pt\">negociosnomundo@nersant.pt<\/a> ou 249 839 500.<\/p>\n<div class=\"fb-background-color\">\n\t\t\t  <div \n\t\t\t  \tclass = \"fb-comments\" \n\t\t\t  \tdata-href = \"https:\/\/www.entroncamentoonline.pt\/portal\/nersant-segue-para-viagem-de-negocios-a-mocambique-no-final-do-mes\/\"\n\t\t\t  \tdata-numposts = \"10\"\n\t\t\t  \tdata-lazy = \"true\"\n\t\t\t\tdata-colorscheme = \"light\"\n\t\t\t\tdata-order-by = \"social\"\n\t\t\t\tdata-mobile=true>\n\t\t\t  <\/div><\/div>\n\t\t  <style>\n\t\t    .fb-background-color {\n\t\t\t\tbackground:  !important;\n\t\t\t}\n\t\t\t.fb_iframe_widget_fluid_desktop iframe {\n\t\t\t    width: 100% !important;\n\t\t\t}\n\t\t  <\/style>\n\t\t  ","protected":false},"excerpt":{"rendered":"<p>\u00c9 j\u00e1 no dia 30 de agosto que a NERSANT &#8211; Associa\u00e7\u00e3o Empresarial da Regi\u00e3o de Santar\u00e9m inicia uma miss\u00e3o empresarial em Maputo, Mo\u00e7ambique. A viagem de neg\u00f3cios decorre at\u00e9 dia 5 de setembro e pretende aumentar as exporta\u00e7\u00f5es das empresas da regi\u00e3o para aquele pa\u00eds africano. A miss\u00e3o empresarial tem car\u00e1ter multissetorial e engloba [&hellip;]<\/p>\n","protected":false},"author":1,"featured_media":0,"comment_status":"open","ping_status":"closed","sticky":false,"template":"","format":"standard","meta":{"_acf_changed":false,"footnotes":""},"categories":[51],"tags":[],"class_list":{"0":"post-9923","1":"post","2":"type-post","3":"status-publish","4":"format-standard","6":"category-breves"},"acf":[],"_links":{"self":[{"href":"https:\/\/www.entroncamentoonline.pt\/portal\/wp-json\/wp\/v2\/posts\/9923","targetHints":{"allow":["GET"]}}],"collection":[{"href":"https:\/\/www.entroncamentoonline.pt\/portal\/wp-json\/wp\/v2\/posts"}],"about":[{"href":"https:\/\/www.entroncamentoonline.pt\/portal\/wp-json\/wp\/v2\/types\/post"}],"author":[{"embeddable":true,"href":"https:\/\/www.entroncamentoonline.pt\/portal\/wp-json\/wp\/v2\/users\/1"}],"replies":[{"embeddable":true,"href":"https:\/\/www.entroncamentoonline.pt\/portal\/wp-json\/wp\/v2\/comments?post=9923"}],"version-history":[{"count":0,"href":"https:\/\/www.entroncamentoonline.pt\/portal\/wp-json\/wp\/v2\/posts\/9923\/revisions"}],"wp:attachment":[{"href":"https:\/\/www.entroncamentoonline.pt\/portal\/wp-json\/wp\/v2\/media?parent=9923"}],"wp:term":[{"taxonomy":"category","embeddable":true,"href":"https:\/\/www.entroncamentoonline.pt\/portal\/wp-json\/wp\/v2\/categories?post=9923"},{"taxonomy":"post_tag","embeddable":true,"href":"https:\/\/www.entroncamentoonline.pt\/portal\/wp-json\/wp\/v2\/tags?post=9923"}],"curies":[{"name":"wp","href":"https:\/\/api.w.org\/{rel}","templated":true}]}}