{"id":9792,"date":"2019-07-31T22:19:31","date_gmt":"2019-07-31T21:19:31","guid":{"rendered":"https:\/\/www.entroncamentoonline.pt\/portal\/?p=9792"},"modified":"2019-10-04T23:46:14","modified_gmt":"2019-10-04T22:46:14","slug":"isilda-aguincha-psd-nao-sera-candidata-a-deputada","status":"publish","type":"post","link":"https:\/\/www.entroncamentoonline.pt\/portal\/isilda-aguincha-psd-nao-sera-candidata-a-deputada\/","title":{"rendered":"Isilda Aguincha (PSD) n\u00e3o ser\u00e1 candidata a deputada"},"content":{"rendered":"<p>Na sequ\u00eancia do processo de constitui\u00e7\u00e3o das listas candidatas \u00e0s elei\u00e7\u00f5es legislativas de 6 de outubro, Isilda Aguincha comunicou ao presidente do PSD a sua indisponibilidade para fazer parte da lista de candidatos pelo c\u00edrculo eleitoral de Santar\u00e9m.<\/p>\n<p>Numa missiva em que \u00e9 dito \u201cn\u00e3o autorizo a minha inclus\u00e3o na lista apresentada e votada relativa ao c\u00edrculo eleitoral de Santar\u00e9m\u201d, Isilda Aguincha refere \u201caguardei que a considera\u00e7\u00e3o de curr\u00edculos, que os TSD remeteram embora a Distrital de Santar\u00e9m n\u00e3o os tenha pedido, e de percursos, para al\u00e9m do perfil aprovado e que no caso do meu distrito foi ajustado \u00e0s conveni\u00eancias, viesse a ser considerada numa an\u00e1lise cuidada que se pressupunha vir a existir quando foi anunciado que as propostas de candidatos deveriam ser remetidas \u00e0 Comiss\u00e3o Pol\u00edtica Nacional por ordem alfab\u00e9tica.\u201c Referindo ainda que \u201co respeito pelo partido e pelo pa\u00eds n\u00e3o podem sobrepor-se \u00e0 minha dignidade pessoal \u2013 felizmente tenho trabalho, n\u00e3o dependo nem do partido nem de favores partid\u00e1rios, mas n\u00e3o concebo que um percurso profissional s\u00f3lido e o trabalho e dedica\u00e7\u00e3o \u00e0 causa p\u00fablica, com provas dadas quer em termos aut\u00e1rquicos quer em mandato parlamentar, sejam ignorados ou menorizados\u201d, Isilda Aguincha lamenta a gest\u00e3o do processo de constitui\u00e7\u00e3o de listas, tanto a n\u00edvel distrital como nacional \u2013 \u201cum servi\u00e7o a causas pessoais que nada contribui para o futuro do pa\u00eds\u201d.<\/p>\n<hr \/>\n<p>Isilda Aguincha \u00e9 Professora do grupo de Inform\u00e1tica do Quadro do Agrupamento de Escolas Cidade do Entroncamento, tendo iniciado as suas fun\u00e7\u00f5es como docente em 1986. \u00c9 Licenciada em Inform\u00e1tica de Gest\u00e3o, Mestre em Tecnologias da Informa\u00e7\u00e3o e Comunica\u00e7\u00e3o e Educa\u00e7\u00e3o, Formadora certificada pelo Conselho Cient\u00edfico-Pedag\u00f3gica da Forma\u00e7\u00e3o Cont\u00ednua e pelo IEFP. Foi Deputada (2011-2015), Presidente da Assembleia Intermunicipal do M\u00e9dio Tejo, tendo anteriormente sido vice-presidente do mesmo \u00f3rg\u00e3o e vice-presidente da Assembleia da Comunidade Urbana do M\u00e9dio Tejo, Presidente da Assembleia Municipal do Entroncamento, antes membro da mesma Assembleia Municipal, e Vereadora da C\u00e2mara Municipal do Entroncamento. \u00c9 militante do PSD desde os 18 anos, com participa\u00e7\u00e3o na JSD desde muito jovem, sendo tamb\u00e9m membro dos TSD. Tem desempenhado diversos cargos na estrutura, sendo atualmente membro da Comiss\u00e3o Pol\u00edtica de Sec\u00e7\u00e3o do PSD Entroncamento, Conselheira Nacional dos TSD e Vice-Presidente da Assembleia Distrital dos TSD Santar\u00e9m.<\/p>\n<div class=\"fb-background-color\">\n\t\t\t  <div \n\t\t\t  \tclass = \"fb-comments\" \n\t\t\t  \tdata-href = \"https:\/\/www.entroncamentoonline.pt\/portal\/isilda-aguincha-psd-nao-sera-candidata-a-deputada\/\"\n\t\t\t  \tdata-numposts = \"10\"\n\t\t\t  \tdata-lazy = \"true\"\n\t\t\t\tdata-colorscheme = \"light\"\n\t\t\t\tdata-order-by = \"social\"\n\t\t\t\tdata-mobile=true>\n\t\t\t  <\/div><\/div>\n\t\t  <style>\n\t\t    .fb-background-color {\n\t\t\t\tbackground:  !important;\n\t\t\t}\n\t\t\t.fb_iframe_widget_fluid_desktop iframe {\n\t\t\t    width: 100% !important;\n\t\t\t}\n\t\t  <\/style>\n\t\t  ","protected":false},"excerpt":{"rendered":"<p>Na sequ\u00eancia do processo de constitui\u00e7\u00e3o das listas candidatas \u00e0s elei\u00e7\u00f5es legislativas de 6 de outubro, Isilda Aguincha comunicou ao presidente do PSD a sua indisponibilidade para fazer parte da lista de candidatos pelo c\u00edrculo eleitoral de Santar\u00e9m. Numa missiva em que \u00e9 dito \u201cn\u00e3o autorizo a minha inclus\u00e3o na lista apresentada e votada relativa [&hellip;]<\/p>\n","protected":false},"author":1,"featured_media":9793,"comment_status":"open","ping_status":"closed","sticky":false,"template":"","format":"standard","meta":{"_acf_changed":false,"footnotes":""},"categories":[1],"tags":[],"class_list":{"0":"post-9792","1":"post","2":"type-post","3":"status-publish","4":"format-standard","5":"has-post-thumbnail","7":"category-sem-categoria"},"acf":[],"_links":{"self":[{"href":"https:\/\/www.entroncamentoonline.pt\/portal\/wp-json\/wp\/v2\/posts\/9792","targetHints":{"allow":["GET"]}}],"collection":[{"href":"https:\/\/www.entroncamentoonline.pt\/portal\/wp-json\/wp\/v2\/posts"}],"about":[{"href":"https:\/\/www.entroncamentoonline.pt\/portal\/wp-json\/wp\/v2\/types\/post"}],"author":[{"embeddable":true,"href":"https:\/\/www.entroncamentoonline.pt\/portal\/wp-json\/wp\/v2\/users\/1"}],"replies":[{"embeddable":true,"href":"https:\/\/www.entroncamentoonline.pt\/portal\/wp-json\/wp\/v2\/comments?post=9792"}],"version-history":[{"count":0,"href":"https:\/\/www.entroncamentoonline.pt\/portal\/wp-json\/wp\/v2\/posts\/9792\/revisions"}],"wp:featuredmedia":[{"embeddable":true,"href":"https:\/\/www.entroncamentoonline.pt\/portal\/wp-json\/wp\/v2\/media\/9793"}],"wp:attachment":[{"href":"https:\/\/www.entroncamentoonline.pt\/portal\/wp-json\/wp\/v2\/media?parent=9792"}],"wp:term":[{"taxonomy":"category","embeddable":true,"href":"https:\/\/www.entroncamentoonline.pt\/portal\/wp-json\/wp\/v2\/categories?post=9792"},{"taxonomy":"post_tag","embeddable":true,"href":"https:\/\/www.entroncamentoonline.pt\/portal\/wp-json\/wp\/v2\/tags?post=9792"}],"curies":[{"name":"wp","href":"https:\/\/api.w.org\/{rel}","templated":true}]}}