{"id":9790,"date":"2019-07-31T19:34:21","date_gmt":"2019-07-31T18:34:21","guid":{"rendered":"https:\/\/www.entroncamentoonline.pt\/portal\/?p=9790"},"modified":"2019-07-31T19:34:21","modified_gmt":"2019-07-31T18:34:21","slug":"altice-responde-ao-protesto-da-camara-municipal-de-constancia","status":"publish","type":"post","link":"https:\/\/www.entroncamentoonline.pt\/portal\/altice-responde-ao-protesto-da-camara-municipal-de-constancia\/","title":{"rendered":"Altice responde ao \u201cprotesto da C\u00e2mara Municipal de Const\u00e2ncia\u201d"},"content":{"rendered":"<p>Em comunicado a Altice Portugal respondeu \u00e0s \u201cpreocupa\u00e7\u00f5es e protestos da C\u00e2mara Municipal de Const\u00e2ncia\u201d, que transcrevemos na \u00edntegra.<\/p>\n<p>\u201c\u00c9 com estupefa\u00e7\u00e3o que a Altice Portugal reage \u00e0 not\u00edcia hoje veiculada num meio de comunica\u00e7\u00e3o regional sobre o \u201cprotesto da C\u00e2mara Municipal de Const\u00e2ncia\u201d, sobretudo porque este Concelho tem sido alvo de um grande investimento da Altice Portugal em fibra \u00f3tica e, sobretudo, porque no dia de ontem, o Gabinete Institucional da Empresa esclareceu o Presidente da C\u00e2mara Municipal sobre os projetos de infraestrutura\u00e7\u00e3o que est\u00e3o em curso neste Munic\u00edpio desde fevereiro de 2019.<\/p>\n<p>A Altice Portugal esclarece ainda que, ap\u00f3s reuni\u00e3o entre o Presidente Executivo da Altice e o Presidente da C\u00e2mara Municipal de Const\u00e2ncia, em dezembro de 2018, foram imediatamente analisadas todas as possibilidades para uma segunda vaga de investimento em Fibra \u00d3tica no Munic\u00edpio de Const\u00e2ncia. Neste momento os estudos t\u00e9cnicos necess\u00e1rios ao planeamento e projeto de implementa\u00e7\u00e3o est\u00e3o j\u00e1 finalizados e o projeto de Fibra \u00d3tica em Santa Margarida da Coutada encontra-se em fase de arranque, estando previsto que a cobertura desta localidade esteja finalizada durante o m\u00eas de Novembro. Para assinalar este momento de implementa\u00e7\u00e3o da rede de fibra \u00f3tica de \u00faltima gera\u00e7\u00e3o na freguesia de Santa Margarida da Coutada, a Comiss\u00e3o Executiva da Altice Portugal deslocar-se-\u00e1 a Const\u00e2ncia, j\u00e1 em setembro.<\/p>\n<p>Relativamente \u00e0 rede m\u00f3vel, a Altice Portugal assume o seu compromisso com o Munic\u00edpio de Const\u00e2ncia, ali\u00e1s como \u00e9 seu apan\u00e1gio, e ir\u00e1 analisar a situa\u00e7\u00e3o, de que apenas teve conhecimento dela no dia de ontem, no sentido de apurar a necessidade de instala\u00e7\u00e3o de uma nova esta\u00e7\u00e3o m\u00f3vel que reforce sinal na localidade de Santa Margarida da Coutada, para a qual trabalhar\u00e1 em conjunto com a Autarquia na localiza\u00e7\u00e3o da mesma.<\/p>\n<p>Todas estas informa\u00e7\u00f5es sobre a segunda vaga de investimento da Altice Portugal na regi\u00e3o, tanto ao n\u00edvel de fibra \u00f3tica como da rede m\u00f3vel, foram hoje transmitidas por comunica\u00e7\u00e3o institucional ao Presidente da C\u00e2mara Municipal de Const\u00e2ncia, entidade que tem conhecimento sobre o avultado investimento em redes, nomeadamente, fibra \u00f3tica no Concelho de Const\u00e2ncia.<\/p>\n<p>A Altice Portugal congratula-se com o facto de, perante este tipo de necessidades, ser o \u00fanico operador contactado e a quem estas popula\u00e7\u00f5es recorreram, mesmo sabendo que a Empresa n\u00e3o tem qualquer responsabilidade ou obriga\u00e7\u00e3o de assegurar estas coberturas. Isto deve-se ao facto dos restantes operadores nunca terem manifestado vontade ou capacidade de chegar a estes locais remotos e de baixa densidade populacional, onde a Altice Portugal tem marcado presen\u00e7a regular nos \u00faltimos 2 anos.\u201d<\/p>\n<div class=\"fb-background-color\">\n\t\t\t  <div \n\t\t\t  \tclass = \"fb-comments\" \n\t\t\t  \tdata-href = \"https:\/\/www.entroncamentoonline.pt\/portal\/altice-responde-ao-protesto-da-camara-municipal-de-constancia\/\"\n\t\t\t  \tdata-numposts = \"10\"\n\t\t\t  \tdata-lazy = \"true\"\n\t\t\t\tdata-colorscheme = \"light\"\n\t\t\t\tdata-order-by = \"social\"\n\t\t\t\tdata-mobile=true>\n\t\t\t  <\/div><\/div>\n\t\t  <style>\n\t\t    .fb-background-color {\n\t\t\t\tbackground:  !important;\n\t\t\t}\n\t\t\t.fb_iframe_widget_fluid_desktop iframe {\n\t\t\t    width: 100% !important;\n\t\t\t}\n\t\t  <\/style>\n\t\t  ","protected":false},"excerpt":{"rendered":"<p>Em comunicado a Altice Portugal respondeu \u00e0s \u201cpreocupa\u00e7\u00f5es e protestos da C\u00e2mara Municipal de Const\u00e2ncia\u201d, que transcrevemos na \u00edntegra. \u201c\u00c9 com estupefa\u00e7\u00e3o que a Altice Portugal reage \u00e0 not\u00edcia hoje veiculada num meio de comunica\u00e7\u00e3o regional sobre o \u201cprotesto da C\u00e2mara Municipal de Const\u00e2ncia\u201d, sobretudo porque este Concelho tem sido alvo de um grande investimento [&hellip;]<\/p>\n","protected":false},"author":1,"featured_media":0,"comment_status":"open","ping_status":"closed","sticky":false,"template":"","format":"standard","meta":{"_acf_changed":false,"footnotes":""},"categories":[51],"tags":[],"class_list":{"0":"post-9790","1":"post","2":"type-post","3":"status-publish","4":"format-standard","6":"category-breves"},"acf":[],"_links":{"self":[{"href":"https:\/\/www.entroncamentoonline.pt\/portal\/wp-json\/wp\/v2\/posts\/9790","targetHints":{"allow":["GET"]}}],"collection":[{"href":"https:\/\/www.entroncamentoonline.pt\/portal\/wp-json\/wp\/v2\/posts"}],"about":[{"href":"https:\/\/www.entroncamentoonline.pt\/portal\/wp-json\/wp\/v2\/types\/post"}],"author":[{"embeddable":true,"href":"https:\/\/www.entroncamentoonline.pt\/portal\/wp-json\/wp\/v2\/users\/1"}],"replies":[{"embeddable":true,"href":"https:\/\/www.entroncamentoonline.pt\/portal\/wp-json\/wp\/v2\/comments?post=9790"}],"version-history":[{"count":0,"href":"https:\/\/www.entroncamentoonline.pt\/portal\/wp-json\/wp\/v2\/posts\/9790\/revisions"}],"wp:attachment":[{"href":"https:\/\/www.entroncamentoonline.pt\/portal\/wp-json\/wp\/v2\/media?parent=9790"}],"wp:term":[{"taxonomy":"category","embeddable":true,"href":"https:\/\/www.entroncamentoonline.pt\/portal\/wp-json\/wp\/v2\/categories?post=9790"},{"taxonomy":"post_tag","embeddable":true,"href":"https:\/\/www.entroncamentoonline.pt\/portal\/wp-json\/wp\/v2\/tags?post=9790"}],"curies":[{"name":"wp","href":"https:\/\/api.w.org\/{rel}","templated":true}]}}