{"id":9782,"date":"2019-07-31T15:43:17","date_gmt":"2019-07-31T14:43:17","guid":{"rendered":"https:\/\/www.entroncamentoonline.pt\/portal\/?p=9782"},"modified":"2019-08-05T16:14:26","modified_gmt":"2019-08-05T15:14:26","slug":"ciencia-viva-no-verao-a-descoberta-das-aves-no-bonito-este-domingo","status":"publish","type":"post","link":"https:\/\/www.entroncamentoonline.pt\/portal\/ciencia-viva-no-verao-a-descoberta-das-aves-no-bonito-este-domingo\/","title":{"rendered":"Ci\u00eancia Viva no ver\u00e3o | \u00c0 descoberta das aves no Bonito este domingo"},"content":{"rendered":"<p>Ci\u00eancia Viva no Ver\u00e3o em Rede no Entroncamento, Tomar, Torres Novas, Azinhaga (Goleg\u00e3) e Reserva Natural do Paul do Boquilobo.<\/p>\n<p>O programa Ci\u00eancia Viva no Ver\u00e3o em Rede est\u00e1 de volta e a 30POR1LINHA preparou 6 atividades para desafiar a popula\u00e7\u00e3o da regi\u00e3o a viver a Biologia no Ver\u00e3o.<\/p>\n<p>J\u00e1 no pr\u00f3ximo domingo dia 4 de Agosto estar\u00e3o \u00e0 descoberta das aves que vivem no Parque Verde do Bonito no Entroncamento, ser\u00e1 a estreia neste espa\u00e7o desta associa\u00e7\u00e3o que conta com a presen\u00e7a de todos para ajudarem na identifica\u00e7\u00e3o das esp\u00e9cies que por ali vivem e\/ou passam.<\/p>\n<p>A\u00a0 18 de Agosto, estar\u00e3o mais uma vez \u00e0 descoberta das aves do Jardim do Mouch\u00e3o em Tomar durante a manh\u00e3 para mais um &#8220;Aqui h\u00e1 Aves!&#8221; neste belo jardim.<\/p>\n<p>E no dia 1 de Setembro a Associa\u00e7\u00e3o preparou um percurso urbano para descoberta da biodiversidade, na cidade de Tomar, \u00e9 ao fim da tarde o &#8220;Biodiver-cidade&#8221;.<\/p>\n<p>Dia 7 de Setembro far\u00e3o uma visita \u00e0 Reserva Natural do Paul do Boquilobo para uma sess\u00e3o de anilhagem cientifica de aves. Nesta actividade poder\u00e3o ficar a conhecer melhor este m\u00e9todo de investiga\u00e7\u00e3o e a sua import\u00e2ncia para o conhecimento dos h\u00e1bitos das diferentes esp\u00e9cies.<\/p>\n<p>A 8 de Setembro, v\u00e3o desvendar v\u00e1rias aves que habitam o Jardim das Rosas na cidade de Torres Novas, nesta atividade ir\u00e3o estar durante a manh\u00e3 a realizar observa\u00e7\u00e3o de aves com quem se queira juntar.<\/p>\n<p>Para terminar, no dia 15 de Setembro v\u00e3o estar na Azinhaga (Goleg\u00e3) para percorrer a zona ribeirinha que foi requalificada e descobrir as aves que ali habitam. Ser\u00e1 mais uma edi\u00e7\u00e3o do &#8220;Aqui h\u00e1 Aves!&#8221; Na Azinhaga ir\u00e3o realizar a atividade na parte da manh\u00e3 e na parte da tarde.<\/p>\n<p>As atividades s\u00e3o gratuitas e adequadas a todas as idades, de jovens, a adultos e fam\u00edlias, ideais para quem tenha curiosidade pela vida que habita nas cidades e tamb\u00e9m para quem esteja a iniciar a pr\u00e1tica de observa\u00e7\u00e3o de aves.<\/p>\n<p>As inscri\u00e7\u00f5es podem ser feitas <a href=\"http:\/\/www.cienciaviva.pt\/veraocv\/2019\/\">AQUI<\/a>.<\/p>\n<div class=\"fb-background-color\">\n\t\t\t  <div \n\t\t\t  \tclass = \"fb-comments\" \n\t\t\t  \tdata-href = \"https:\/\/www.entroncamentoonline.pt\/portal\/ciencia-viva-no-verao-a-descoberta-das-aves-no-bonito-este-domingo\/\"\n\t\t\t  \tdata-numposts = \"10\"\n\t\t\t  \tdata-lazy = \"true\"\n\t\t\t\tdata-colorscheme = \"light\"\n\t\t\t\tdata-order-by = \"social\"\n\t\t\t\tdata-mobile=true>\n\t\t\t  <\/div><\/div>\n\t\t  <style>\n\t\t    .fb-background-color {\n\t\t\t\tbackground:  !important;\n\t\t\t}\n\t\t\t.fb_iframe_widget_fluid_desktop iframe {\n\t\t\t    width: 100% !important;\n\t\t\t}\n\t\t  <\/style>\n\t\t  ","protected":false},"excerpt":{"rendered":"<p>Ci\u00eancia Viva no Ver\u00e3o em Rede no Entroncamento, Tomar, Torres Novas, Azinhaga (Goleg\u00e3) e Reserva Natural do Paul do Boquilobo. O programa Ci\u00eancia Viva no Ver\u00e3o em Rede est\u00e1 de volta e a 30POR1LINHA preparou 6 atividades para desafiar a popula\u00e7\u00e3o da regi\u00e3o a viver a Biologia no Ver\u00e3o. J\u00e1 no pr\u00f3ximo domingo dia 4 [&hellip;]<\/p>\n","protected":false},"author":1,"featured_media":9783,"comment_status":"open","ping_status":"closed","sticky":false,"template":"","format":"standard","meta":{"_acf_changed":false,"footnotes":""},"categories":[1],"tags":[],"class_list":{"0":"post-9782","1":"post","2":"type-post","3":"status-publish","4":"format-standard","5":"has-post-thumbnail","7":"category-sem-categoria"},"acf":[],"_links":{"self":[{"href":"https:\/\/www.entroncamentoonline.pt\/portal\/wp-json\/wp\/v2\/posts\/9782","targetHints":{"allow":["GET"]}}],"collection":[{"href":"https:\/\/www.entroncamentoonline.pt\/portal\/wp-json\/wp\/v2\/posts"}],"about":[{"href":"https:\/\/www.entroncamentoonline.pt\/portal\/wp-json\/wp\/v2\/types\/post"}],"author":[{"embeddable":true,"href":"https:\/\/www.entroncamentoonline.pt\/portal\/wp-json\/wp\/v2\/users\/1"}],"replies":[{"embeddable":true,"href":"https:\/\/www.entroncamentoonline.pt\/portal\/wp-json\/wp\/v2\/comments?post=9782"}],"version-history":[{"count":0,"href":"https:\/\/www.entroncamentoonline.pt\/portal\/wp-json\/wp\/v2\/posts\/9782\/revisions"}],"wp:featuredmedia":[{"embeddable":true,"href":"https:\/\/www.entroncamentoonline.pt\/portal\/wp-json\/wp\/v2\/media\/9783"}],"wp:attachment":[{"href":"https:\/\/www.entroncamentoonline.pt\/portal\/wp-json\/wp\/v2\/media?parent=9782"}],"wp:term":[{"taxonomy":"category","embeddable":true,"href":"https:\/\/www.entroncamentoonline.pt\/portal\/wp-json\/wp\/v2\/categories?post=9782"},{"taxonomy":"post_tag","embeddable":true,"href":"https:\/\/www.entroncamentoonline.pt\/portal\/wp-json\/wp\/v2\/tags?post=9782"}],"curies":[{"name":"wp","href":"https:\/\/api.w.org\/{rel}","templated":true}]}}