{"id":9777,"date":"2019-07-31T10:23:31","date_gmt":"2019-07-31T09:23:31","guid":{"rendered":"https:\/\/www.entroncamentoonline.pt\/portal\/?p=9777"},"modified":"2019-08-04T16:07:06","modified_gmt":"2019-08-04T15:07:06","slug":"3-de-agosto-volta-a-portugal-em-bicicleta-passa-no-entroncamento-este-sabado","status":"publish","type":"post","link":"https:\/\/www.entroncamentoonline.pt\/portal\/3-de-agosto-volta-a-portugal-em-bicicleta-passa-no-entroncamento-este-sabado\/","title":{"rendered":"3 de agosto | Volta a Portugal em Bicicleta passa no Entroncamento este s\u00e1bado"},"content":{"rendered":"<p>A 81\u00aa Volta a Portugal tem in\u00edcio esta quarta-feira, dia 31 de julho em Viseu e no s\u00e1bado dia 3 de agosto a 3\u00aa etapa vai ligar Santar\u00e9m a Castelo Branco, passando pelo Entroncamento, num total de 194,1 km.<\/p>\n<p>Os ciclistas v\u00e3o entrar na cidade pela N3 (reta dos Quarteis) quando forem 13h46, passando pela rotunda do Jeep dos Bombeiros em dire\u00e7\u00e3o ao Viaduto sobre a via f\u00e9rrea, seguindo depois para Vila Nova da Barquinha.<\/p>\n<p>O Comando Distrital de Santar\u00e9m da PSP informa que no dia 03 de Agosto de 2019 se ir\u00e1 realizar a 3\u00aa Etapa da 81\u00aa Volta a Portugal em Bicicleta, com in\u00edcio na cidade de Santar\u00e9m, passagem pelas cidades de Torres Novas, Entroncamento e Abrantes, e com chegada \u00e0 cidade de Castelo Branco, pelo que o tr\u00e2nsito ficar\u00e1 condicionado antes, durante e depois da passagem dos ciclistas.<\/p>\n<p>O policiamento ter\u00e1 in\u00edcio pelas 09H00, do dia 03 de Agosto de 2019, e afectar\u00e1 a normal circula\u00e7\u00e3o rodovi\u00e1ria na \u00e1rea de responsabilidade do Comando Distrital da PSP de Santar\u00e9m, nomeadamente nas cidades de Santar\u00e9m, Torres Novas, Entroncamento e Abrantes.<\/p>\n<p><strong>Cidade de Santar\u00e9m:<\/strong><\/p>\n<p>Entre as 10H00 e as 16H00 ser\u00e1 proibido estacionar junto da Casa do Campino\/ Campo da Feira, pois est\u00e1 reservado \u00e0 organiza\u00e7\u00e3o e aos atletas;<\/p>\n<p>A partir das 09H00 e at\u00e9 \u00e0s 13H00, o tro\u00e7o da Avenida Bernardo Santareno, compreendido entre o Hospital Distrital de Santar\u00e9m e o cruzamento com a Rua Alexandre Herculano, ter\u00e1 grades e fitas ao longo da avenida, por forma a proibir o estacionamento.<\/p>\n<p>Entre as 07H00 e as 16H00, o tro\u00e7o da Avenida Dom Afonso Henriques, compreendido entre o t\u00fanel de acesso \u00e0 Rua Pedro de Santar\u00e9m e o cruzamento de Lisboa (cruzamento da Avenida Dom Afonso Henriques com a N3), estar\u00e1 cortado ao tr\u00e2nsito e o estacionamento interdito;<\/p>\n<p>Entre as 12H00 e as 13H00 as seguintes Ruas\/Avenidas\/Rotundas ser\u00e3o cortadas ao tr\u00e2nsito:<\/p>\n<p>&#8211; Avenida Dom Afonso Henriques, Rotunda Largo C\u00e2ndido dos Reis; Rotunda C\u00edrculo Cultural Scalabitano; Avenida Jos\u00e9 Saramago; Rotunda do Pres\u00eddio pela Rua Capit\u00e3o Romeu Neves; Rua \u00c1lvaro Cunhal atrav\u00e9s da Rotunda Luminosa; Avenida Bernardo Santareno; Sa\u00edda dos v\u00e1rios parques de estacionamento ao longo da Avenida Bernardo Santareno; Entroncamento entre a Avenida Bernardo Santareno e a Rua Alexandre Herculano, impossibilitando quem vem do centro de Santar\u00e9m prosseguir pela Rua Alexandre Herculano ou prosseguir para a Avenida Bernardo Santareno; Sa\u00edda do parque de estacionamento do hipermercado Continente; Estrada Militar at\u00e9 \u00e0 Rotunda do Parisal; Acesso \u00e0 Rua Comandante Jos\u00e9 Carvalho ou \u00e0 Estrada da Esta\u00e7\u00e3o\/N365 atrav\u00e9s da passagem de n\u00edvel; Sa\u00edda do parque de estacionamento da Esta\u00e7\u00e3o Ferrovi\u00e1ria na Estrada da Esta\u00e7\u00e3o\/N365; Cruzamento entre a N365, a Cal\u00e7ada de Santa Clara e a Rua do Pocinho; Cruzamento entre a N365, a Cal\u00e7ada de Atamarma e a Rua do Meio; Interse\u00e7\u00e3o entre a N114 e a Estrada da Ponte.<\/p>\n<p><strong>Cidade de Torres Novas:<\/strong><\/p>\n<p>Entre as 13H00 e as 14H00 os acessos \u00e0 Rotunda da Boa Viagem, sita no Bairro do Nicho, estar\u00e3o cortados ao tr\u00e2nsito.<\/p>\n<p>Entre as 13H15 e as 14H00, o tr\u00e2nsito estar\u00e1 condicionado no tro\u00e7o da EN3 compreendido entre as Rotundas da Boa Viagem e do Torreshoping, bem como a sa\u00edda das bombas de combust\u00edvel do Pingo Doce.<\/p>\n<p><strong>Cidade de Entroncamento:<\/strong><\/p>\n<p>Entre as 13H00 e as 14H00 ser\u00e1 cortado o tr\u00e2nsito e proibido estacionar nas seguintes Ruas\/Avenidas:<\/p>\n<p>&#8211; Rua Engenheiro Ferreira Mesquita; Rua Entre Quart\u00e9is; Rua Almirante Reis; Rua Pedro \u00c1lvares Cabral; Rua Projetada \u00e0 Pedro \u00c1lvares Cabral; Rotunda da Rua Almirante Reis com a Estrada do Viaduto; Estrada do Viaduto; Rotunda da Rua Dr. Miguel Bombarda, com o Viaduto Eug\u00e9nio Dias Poitout; Rua Junto ao Jardim da Locomotiva; Rua Jacinto Marques Agostinho; Rua 31 de Janeiro e Rotunda da Rua 5 de Outubro junto ao Hospital.<\/p>\n<p>Decorrente de tal, tamb\u00e9m nesse mesmo hor\u00e1rio o tr\u00e2nsito ser\u00e1 condicionado nas seguintes Ruas\/Avenidas:<\/p>\n<p>&#8211; Rua de S\u00e3o Jo\u00e3o (Zona Industrial); Rua Principal de acesso \u00e0 Zona Industrial; Rua Foros da Lameira; Rua de acesso a Casais Formiga pela Rotunda \u00e0 entrada da cidade; Rua Direita (Bairro Fernando Pessoa); Rua Dr. Miguel Bombarda; Rua D. Carlos; Largo Jos\u00e9 Duarte Coelho; Rua Infante de Sagres; Rua 5 de Outubro; Rua S. Jo\u00e3o de Deus e Estrada Nacional 365, junto do Hospital.<\/p>\n<p><strong>Cidade de Abrantes:<\/strong><\/p>\n<p>Entre as 14H15 e as 15H30 as seguintes Ruas\/Avenidas\/Rotundas ser\u00e3o cortadas ao tr\u00e2nsito:<\/p>\n<p>&#8211; Avenida Aljubarrota; Avenida For\u00e7as Armadas c\/ Rotunda do Quartel; Avenida Dom Jo\u00e3o I; Rotunda do Olival c\/ Av\u00aa Dr M\u00e1rio Soares; Avenida Ant\u00f3nio Farinha Pereira; Rua da Fonte S\u00e3o Jos\u00e9; Largo do Teatro e Avenida Conde de Alferrarede.<\/p>\n<p>O percurso e as art\u00e9rias adjacentes ser\u00e3o interditados ao tr\u00e2nsito com alguma anteced\u00eancia relativamente \u00e0 passagem dos atletas, n\u00e3o sendo permitida a circula\u00e7\u00e3o de ve\u00edculos ou a travessia de pe\u00f5es.<\/p>\n<p>Para que o evento decorra sem qualquer incidente, o Comando Distrital de Santar\u00e9m da PSP aconselha o seguinte:<\/p>\n<ul>\n<li>Planeie as suas desloca\u00e7\u00f5es \u00e0s \u00e1reas afetadas pelos cortes e restri\u00e7\u00f5es de tr\u00e2nsito para antes ou depois dos hor\u00e1rios j\u00e1 referidos;<\/li>\n<li>Como condutor ou pe\u00e3o respeite integralmente as indica\u00e7\u00f5es e orienta\u00e7\u00f5es dos elementos policiais;<\/li>\n<li>N\u00e3o force, desloque ou remova qualquer barreira de seguran\u00e7a ou de corte de tr\u00e2nsito colocadas pela organiza\u00e7\u00e3o ou pela PSP. As mesmas est\u00e3o nos locais para garantir a seguran\u00e7a de todos, condutores, espectadores e ciclistas.sito colocadas pela organiza\u00e7\u00e3o ou pela PSP. As mesmas est\u00e3o nos locais para garantir a seguran\u00e7a de todos, condutores, espectadores e ciclistas.<\/li>\n<\/ul>\n<div class=\"fb-background-color\">\n\t\t\t  <div \n\t\t\t  \tclass = \"fb-comments\" \n\t\t\t  \tdata-href = \"https:\/\/www.entroncamentoonline.pt\/portal\/3-de-agosto-volta-a-portugal-em-bicicleta-passa-no-entroncamento-este-sabado\/\"\n\t\t\t  \tdata-numposts = \"10\"\n\t\t\t  \tdata-lazy = \"true\"\n\t\t\t\tdata-colorscheme = \"light\"\n\t\t\t\tdata-order-by = \"social\"\n\t\t\t\tdata-mobile=true>\n\t\t\t  <\/div><\/div>\n\t\t  <style>\n\t\t    .fb-background-color {\n\t\t\t\tbackground:  !important;\n\t\t\t}\n\t\t\t.fb_iframe_widget_fluid_desktop iframe {\n\t\t\t    width: 100% !important;\n\t\t\t}\n\t\t  <\/style>\n\t\t  ","protected":false},"excerpt":{"rendered":"<p>A 81\u00aa Volta a Portugal tem in\u00edcio esta quarta-feira, dia 31 de julho em Viseu e no s\u00e1bado dia 3 de agosto a 3\u00aa etapa vai ligar Santar\u00e9m a Castelo Branco, passando pelo Entroncamento, num total de 194,1 km. Os ciclistas v\u00e3o entrar na cidade pela N3 (reta dos Quarteis) quando forem 13h46, passando pela [&hellip;]<\/p>\n","protected":false},"author":1,"featured_media":9778,"comment_status":"open","ping_status":"closed","sticky":false,"template":"","format":"standard","meta":{"_acf_changed":false,"footnotes":""},"categories":[1],"tags":[],"class_list":{"0":"post-9777","1":"post","2":"type-post","3":"status-publish","4":"format-standard","5":"has-post-thumbnail","7":"category-sem-categoria"},"acf":[],"_links":{"self":[{"href":"https:\/\/www.entroncamentoonline.pt\/portal\/wp-json\/wp\/v2\/posts\/9777","targetHints":{"allow":["GET"]}}],"collection":[{"href":"https:\/\/www.entroncamentoonline.pt\/portal\/wp-json\/wp\/v2\/posts"}],"about":[{"href":"https:\/\/www.entroncamentoonline.pt\/portal\/wp-json\/wp\/v2\/types\/post"}],"author":[{"embeddable":true,"href":"https:\/\/www.entroncamentoonline.pt\/portal\/wp-json\/wp\/v2\/users\/1"}],"replies":[{"embeddable":true,"href":"https:\/\/www.entroncamentoonline.pt\/portal\/wp-json\/wp\/v2\/comments?post=9777"}],"version-history":[{"count":0,"href":"https:\/\/www.entroncamentoonline.pt\/portal\/wp-json\/wp\/v2\/posts\/9777\/revisions"}],"wp:featuredmedia":[{"embeddable":true,"href":"https:\/\/www.entroncamentoonline.pt\/portal\/wp-json\/wp\/v2\/media\/9778"}],"wp:attachment":[{"href":"https:\/\/www.entroncamentoonline.pt\/portal\/wp-json\/wp\/v2\/media?parent=9777"}],"wp:term":[{"taxonomy":"category","embeddable":true,"href":"https:\/\/www.entroncamentoonline.pt\/portal\/wp-json\/wp\/v2\/categories?post=9777"},{"taxonomy":"post_tag","embeddable":true,"href":"https:\/\/www.entroncamentoonline.pt\/portal\/wp-json\/wp\/v2\/tags?post=9777"}],"curies":[{"name":"wp","href":"https:\/\/api.w.org\/{rel}","templated":true}]}}