{"id":9774,"date":"2019-07-30T22:14:20","date_gmt":"2019-07-30T21:14:20","guid":{"rendered":"https:\/\/www.entroncamentoonline.pt\/portal\/?p=9774"},"modified":"2019-07-30T22:14:20","modified_gmt":"2019-07-30T21:14:20","slug":"camara-municipal-de-constancia-preocupada-com-deficiente-cobertura-de-sinal-de-internet-na-freguesia-de-santa-margarida-da-coutada","status":"publish","type":"post","link":"https:\/\/www.entroncamentoonline.pt\/portal\/camara-municipal-de-constancia-preocupada-com-deficiente-cobertura-de-sinal-de-internet-na-freguesia-de-santa-margarida-da-coutada\/","title":{"rendered":"C\u00e2mara Municipal de Const\u00e2ncia preocupada com deficiente cobertura de sinal de internet na freguesia de Santa Margarida da Coutada"},"content":{"rendered":"<p>O munic\u00edpio de Const\u00e2ncia enviou um of\u00edcio ao gestor da Altice Portugal, dando conta da preocupa\u00e7\u00e3o com a deficiente cobertura de sinal de internet e de comunica\u00e7\u00e3o por rede m\u00f3vel em toda a freguesia de Santa Margarida da Coutada.<\/p>\n<p>Tem sido recorrente chegar ao executivo um n\u00famero cada vez maior de alertas, expressando a insatisfa\u00e7\u00e3o dos mun\u00edcipes, acerca da fraca cobertura de rede de internet, em que muitos utilizadores referem ter velocidades de download e de upload inferiores a 1 Mbps, o que n\u00e3o \u00e9 condigno com a \u00e9poca da tecnologia em que vivemos.<\/p>\n<p>A instala\u00e7\u00e3o de rede de fibra \u00f3tica ser\u00e1 uma mais valia para o concelho, potenciando o desenvolvimento e a fixa\u00e7\u00e3o de popula\u00e7\u00e3o, ainda para mais quando e de acordo com a informa\u00e7\u00e3o recolhida na plataforma SIIA (Sistema de Informa\u00e7\u00e3o de Infraestruturas Aptas \u2013 Registo das infraestruturas existentes nas regi\u00f5es, pelos operadores) e em todos os lugares da freguesia de Santa Margarida, existem j\u00e1 infraestruturas base para a instala\u00e7\u00e3o da rede de fibra.<\/p>\n<p>Confirma\u00e7\u00e3o disso mesmo foi a migra\u00e7\u00e3o, efetuada ainda em 2018, da solu\u00e7\u00e3o de internet do Centro Escolar de Santa Margarida de ADSL para fibra \u00f3tica (pela Altice Portugal a pedido do Minist\u00e9rio da Educa\u00e7\u00e3o), no entanto, esta solu\u00e7\u00e3o ainda n\u00e3o se encontra dispon\u00edvel para empresas e popula\u00e7\u00e3o em geral.<\/p>\n<p>O munic\u00edpio de Const\u00e2ncia est\u00e1 a acompanhar esta situa\u00e7\u00e3o e espera que t\u00e3o breve quanto poss\u00edvel, a mesma possa ser resolvida, assim como a possibilidade de estender a rede de fibra \u00f3tica a todo o concelho de Const\u00e2ncia.<\/p>\n<div class=\"fb-background-color\">\n\t\t\t  <div \n\t\t\t  \tclass = \"fb-comments\" \n\t\t\t  \tdata-href = \"https:\/\/www.entroncamentoonline.pt\/portal\/camara-municipal-de-constancia-preocupada-com-deficiente-cobertura-de-sinal-de-internet-na-freguesia-de-santa-margarida-da-coutada\/\"\n\t\t\t  \tdata-numposts = \"10\"\n\t\t\t  \tdata-lazy = \"true\"\n\t\t\t\tdata-colorscheme = \"light\"\n\t\t\t\tdata-order-by = \"social\"\n\t\t\t\tdata-mobile=true>\n\t\t\t  <\/div><\/div>\n\t\t  <style>\n\t\t    .fb-background-color {\n\t\t\t\tbackground:  !important;\n\t\t\t}\n\t\t\t.fb_iframe_widget_fluid_desktop iframe {\n\t\t\t    width: 100% !important;\n\t\t\t}\n\t\t  <\/style>\n\t\t  ","protected":false},"excerpt":{"rendered":"<p>O munic\u00edpio de Const\u00e2ncia enviou um of\u00edcio ao gestor da Altice Portugal, dando conta da preocupa\u00e7\u00e3o com a deficiente cobertura de sinal de internet e de comunica\u00e7\u00e3o por rede m\u00f3vel em toda a freguesia de Santa Margarida da Coutada. Tem sido recorrente chegar ao executivo um n\u00famero cada vez maior de alertas, expressando a insatisfa\u00e7\u00e3o [&hellip;]<\/p>\n","protected":false},"author":1,"featured_media":0,"comment_status":"open","ping_status":"closed","sticky":false,"template":"","format":"standard","meta":{"_acf_changed":false,"footnotes":""},"categories":[51],"tags":[],"class_list":{"0":"post-9774","1":"post","2":"type-post","3":"status-publish","4":"format-standard","6":"category-breves"},"acf":[],"_links":{"self":[{"href":"https:\/\/www.entroncamentoonline.pt\/portal\/wp-json\/wp\/v2\/posts\/9774","targetHints":{"allow":["GET"]}}],"collection":[{"href":"https:\/\/www.entroncamentoonline.pt\/portal\/wp-json\/wp\/v2\/posts"}],"about":[{"href":"https:\/\/www.entroncamentoonline.pt\/portal\/wp-json\/wp\/v2\/types\/post"}],"author":[{"embeddable":true,"href":"https:\/\/www.entroncamentoonline.pt\/portal\/wp-json\/wp\/v2\/users\/1"}],"replies":[{"embeddable":true,"href":"https:\/\/www.entroncamentoonline.pt\/portal\/wp-json\/wp\/v2\/comments?post=9774"}],"version-history":[{"count":0,"href":"https:\/\/www.entroncamentoonline.pt\/portal\/wp-json\/wp\/v2\/posts\/9774\/revisions"}],"wp:attachment":[{"href":"https:\/\/www.entroncamentoonline.pt\/portal\/wp-json\/wp\/v2\/media?parent=9774"}],"wp:term":[{"taxonomy":"category","embeddable":true,"href":"https:\/\/www.entroncamentoonline.pt\/portal\/wp-json\/wp\/v2\/categories?post=9774"},{"taxonomy":"post_tag","embeddable":true,"href":"https:\/\/www.entroncamentoonline.pt\/portal\/wp-json\/wp\/v2\/tags?post=9774"}],"curies":[{"name":"wp","href":"https:\/\/api.w.org\/{rel}","templated":true}]}}