{"id":9771,"date":"2019-07-30T21:50:10","date_gmt":"2019-07-30T20:50:10","guid":{"rendered":"https:\/\/www.entroncamentoonline.pt\/portal\/?p=9771"},"modified":"2019-08-04T16:07:49","modified_gmt":"2019-08-04T15:07:49","slug":"12a-volta-a-portugal-de-cadetes-condiciona-transito-em-abrantes-tomar-e-ourem","status":"publish","type":"post","link":"https:\/\/www.entroncamentoonline.pt\/portal\/12a-volta-a-portugal-de-cadetes-condiciona-transito-em-abrantes-tomar-e-ourem\/","title":{"rendered":"12\u00aa Volta a Portugal de Cadetes condiciona tr\u00e2nsito em Abrantes, Tomar e Our\u00e9m"},"content":{"rendered":"<p>A 12\u00aa Volta a Portugal de Cadetes, com in\u00edcio na cidade de Abrantes a 2 de agosto, passagem por Tomar e chegada a Our\u00e9m a 4 de agosto vai condicionar o tr\u00e2nsito, antes, durante e depois da passagem dos ciclistas, segundo informa\u00e7\u00e3o do Comando Distrital de Santar\u00e9m da PSP.<strong>) &#8211; <\/strong><\/p>\n<p><strong><u>Dia 02 de Agosto &#8211; Cidade de Abrantes<\/u><\/strong><\/p>\n<ul>\n<li><strong>1\u00aa Etapa (Castelo de Abrantes \u2013 Abrantes<\/strong>Condicionamentos e cortes de Tr\u00e2nsito &#8211; <strong><u>Cidade de Abrantes:<\/u><\/strong><\/li>\n<\/ul>\n<p>Entre as 12H30 e as 13H15, a Rua D. Francisco de Almeida, a Rua Capit\u00e3o Lacerda, a Rua dos Combatentes da Grande Guerra, a Rua Ator Taborda, a Rua Defensores de Chaves, a Avenida das For\u00e7as Armadas (sentido descendente) e a Avenida D. Jo\u00e3o I estar\u00e3o cortadas ao tr\u00e2nsito.<\/p>\n<p>Entre as 12H35 e as 13H30, a Rotunda do Olival, a Avenida Ant\u00f3nio Farinha Pereira, a Rua do Tecnop\u00f3lo, a Via Industrial 2, a Avenida Fern\u00e3o de Magalh\u00e3es, a Rua do Cana Verde, a Avenida Conde de Alferrarede, a EN 3, a EN 3 \u2013 Barca do Pego e a EN 118-Rossio ao Sul do Tejo estar\u00e3o cortadas ao tr\u00e2nsito.<\/p>\n<p>Entre as 13H45 e as 14H20, a Avenida Avelar Machado, a Avenida Doutor Ant\u00f3nio Augusto Silva Martins e a Rua das Quintas estar\u00e3o cortadas ao tr\u00e2nsito.<\/p>\n<p>Entre as 14H40 e as 15H25, a Rua das Quintas, a Avenida Doutor Ant\u00f3nio Augusto Silva, a Ponte sobre o Tejo, a Avenida da Portagem, a Avenida Dom Manuel I, a Rotunda do Olival, a Avenida Ant\u00f3nio Farinha Pereira e a Rua do Tecnop\u00f3lo estar\u00e3o cortadas ao tr\u00e2nsito.<\/p>\n<p><strong>3\u00aa Etapa (Tomar \u2013 Our\u00e9m) &#8211; <u>Dia 04 de Agosto &#8211; Cidade de Tomar e Cidade de Our\u00e9m<\/u><\/strong><\/p>\n<ul>\n<li>Condicionamentos e cortes de Tr\u00e2nsito &#8211; <strong><u>Cidade de Tomar:<\/u><\/strong><\/li>\n<\/ul>\n<p>Entre as 09H45 e as 10H30, a Praceta da Oliven\u00e7a, a Rua Marqu\u00eas de Pombal, a Alameda 1 de Mar\u00e7o, a Avenida Dra. \u00c2ngela Tamagnini, a Avenida General Norton de Matos, a Praceta Alves Redol, a Rua Torres Pinheiro, a Avenida D. Nuno \u00c1lvares Pereira, a EN 110 \u2013 S\u00e3o Louren\u00e7o e a EN 110 &#8211; Carvalhos de Figueiredo estar\u00e3o cortadas ao tr\u00e2nsito.<\/p>\n<p>Entre as 10H10 e as 11H00, a EN 533 \u2013 Valbom, a RuaAquiles de Mota Lima, a Praceta M\u00e1rio Nunes, a Rua Manuel de Matos, a Avenida Dra. \u00c2ngela Tamagnini, a Rotunda do Bonjardim, a EN 110 \u2013 Rua de Coimbra, EN 110 \u2013 Alvito e a EN 110 \u2013 Cal\u00e7adas estar\u00e3o cortadas ao tr\u00e2nsito.<\/p>\n<p>Entre as 10H45 e as 11H40, a Estrada do Prado, o Largo do Pelourinho, a EN 113 \u2013 Estrada de Leiria e a EN 113 \u2013 Venda da Gaita estar\u00e3o cortadas ao tr\u00e2nsito.<\/p>\n<ul>\n<li>Condicionamentos e cortes de Tr\u00e2nsito &#8211; <strong><u>Cidade de Our\u00e9m:<\/u><\/strong><\/li>\n<\/ul>\n<p>Entre as 11H45 e at\u00e9 ao final da prova, a Avenida D. Nuno \u00c1lvares Pereira, a Rua Comandante Jos\u00e9 Maria Pereira e a Rua Lu\u00eds de Cam\u00f5es estar\u00e3o cortadas ao tr\u00e2nsito.<\/p>\n<p>Entre as 08H00 e o final do evento ser\u00e1 proibido estacionar na Rua Comandante Jos\u00e9 Maria Pereira e na Rua Lu\u00eds de Cam\u00f5es, pois ser\u00e3o os locais de aproxima\u00e7\u00e3o e final da competi\u00e7\u00e3o.<\/p>\n<p>O percurso e as art\u00e9rias adjacentes ser\u00e3o interditados ao tr\u00e2nsito com alguma anteced\u00eancia relativamente \u00e0 passagem dos atletas, n\u00e3o sendo permitida a circula\u00e7\u00e3o de ve\u00edculos ou a travessia de pe\u00f5es.<\/p>\n<p>Para que o evento decorra sem qualquer incidente, o Comando Distrital de Santar\u00e9m da PSP aconselha o seguinte:<\/p>\n<ul>\n<li>Planeie as suas desloca\u00e7\u00f5es \u00e0s \u00e1reas afetadas pelos cortes e restri\u00e7\u00f5es de tr\u00e2nsito para antes ou depois dos hor\u00e1rios j\u00e1 referidos;<\/li>\n<li>Como condutor ou pe\u00e3o respeite integralmente as indica\u00e7\u00f5es e orienta\u00e7\u00f5es dos elementos policiais;<\/li>\n<li>N\u00e3o force, desloque ou remova qualquer barreira de seguran\u00e7a ou de corte de tr\u00e2nsito colocadas pela organiza\u00e7\u00e3o ou pela PSP. As mesmas est\u00e3o nos locais para garantir a seguran\u00e7a de todos, condutores, espectadores e ciclistas.<\/li>\n<\/ul>\n<div class=\"fb-background-color\">\n\t\t\t  <div \n\t\t\t  \tclass = \"fb-comments\" \n\t\t\t  \tdata-href = \"https:\/\/www.entroncamentoonline.pt\/portal\/12a-volta-a-portugal-de-cadetes-condiciona-transito-em-abrantes-tomar-e-ourem\/\"\n\t\t\t  \tdata-numposts = \"10\"\n\t\t\t  \tdata-lazy = \"true\"\n\t\t\t\tdata-colorscheme = \"light\"\n\t\t\t\tdata-order-by = \"social\"\n\t\t\t\tdata-mobile=true>\n\t\t\t  <\/div><\/div>\n\t\t  <style>\n\t\t    .fb-background-color {\n\t\t\t\tbackground:  !important;\n\t\t\t}\n\t\t\t.fb_iframe_widget_fluid_desktop iframe {\n\t\t\t    width: 100% !important;\n\t\t\t}\n\t\t  <\/style>\n\t\t  ","protected":false},"excerpt":{"rendered":"<p>A 12\u00aa Volta a Portugal de Cadetes, com in\u00edcio na cidade de Abrantes a 2 de agosto, passagem por Tomar e chegada a Our\u00e9m a 4 de agosto vai condicionar o tr\u00e2nsito, antes, durante e depois da passagem dos ciclistas, segundo informa\u00e7\u00e3o do Comando Distrital de Santar\u00e9m da PSP.) &#8211; Dia 02 de Agosto &#8211; [&hellip;]<\/p>\n","protected":false},"author":1,"featured_media":9772,"comment_status":"open","ping_status":"closed","sticky":false,"template":"","format":"standard","meta":{"_acf_changed":false,"footnotes":""},"categories":[1],"tags":[],"class_list":{"0":"post-9771","1":"post","2":"type-post","3":"status-publish","4":"format-standard","5":"has-post-thumbnail","7":"category-sem-categoria"},"acf":[],"_links":{"self":[{"href":"https:\/\/www.entroncamentoonline.pt\/portal\/wp-json\/wp\/v2\/posts\/9771","targetHints":{"allow":["GET"]}}],"collection":[{"href":"https:\/\/www.entroncamentoonline.pt\/portal\/wp-json\/wp\/v2\/posts"}],"about":[{"href":"https:\/\/www.entroncamentoonline.pt\/portal\/wp-json\/wp\/v2\/types\/post"}],"author":[{"embeddable":true,"href":"https:\/\/www.entroncamentoonline.pt\/portal\/wp-json\/wp\/v2\/users\/1"}],"replies":[{"embeddable":true,"href":"https:\/\/www.entroncamentoonline.pt\/portal\/wp-json\/wp\/v2\/comments?post=9771"}],"version-history":[{"count":0,"href":"https:\/\/www.entroncamentoonline.pt\/portal\/wp-json\/wp\/v2\/posts\/9771\/revisions"}],"wp:featuredmedia":[{"embeddable":true,"href":"https:\/\/www.entroncamentoonline.pt\/portal\/wp-json\/wp\/v2\/media\/9772"}],"wp:attachment":[{"href":"https:\/\/www.entroncamentoonline.pt\/portal\/wp-json\/wp\/v2\/media?parent=9771"}],"wp:term":[{"taxonomy":"category","embeddable":true,"href":"https:\/\/www.entroncamentoonline.pt\/portal\/wp-json\/wp\/v2\/categories?post=9771"},{"taxonomy":"post_tag","embeddable":true,"href":"https:\/\/www.entroncamentoonline.pt\/portal\/wp-json\/wp\/v2\/tags?post=9771"}],"curies":[{"name":"wp","href":"https:\/\/api.w.org\/{rel}","templated":true}]}}