{"id":9429,"date":"2019-07-15T14:44:20","date_gmt":"2019-07-15T13:44:20","guid":{"rendered":"https:\/\/www.entroncamentoonline.pt\/portal\/?p=9429"},"modified":"2019-07-16T14:48:49","modified_gmt":"2019-07-16T13:48:49","slug":"voo-uma-exposicao-que-cai-bem-ate-ao-final-de-julho-no-parque-ambiental-de-santa-margarida","status":"publish","type":"post","link":"https:\/\/www.entroncamentoonline.pt\/portal\/voo-uma-exposicao-que-cai-bem-ate-ao-final-de-julho-no-parque-ambiental-de-santa-margarida\/","title":{"rendered":"VOO, UMA EXPOSI\u00c7\u00c3O QUE CAI BEM | At\u00e9 ao final de julho no Parque Ambiental de Santa Margarida"},"content":{"rendered":"<p>A Exposi\u00e7\u00e3o Voo, uma Exposi\u00e7\u00e3o que cai bem est\u00e1 patente ao p\u00fablico no Parque Ambiental de Santa Margarida, concelho de Const\u00e2ncia, at\u00e9 ao final do m\u00eas de julho.<\/p>\n<p>A itiner\u00e2ncia da exposi\u00e7\u00e3o far-se-\u00e1 por todos os munic\u00edpios do M\u00e9dio Tejo, sendo que Const\u00e2ncia foi o primeiro territ\u00f3rio a acolher a iniciativa.<\/p>\n<p>A exposi\u00e7\u00e3o \u00e9 composta por quatro m\u00f3dulos dedicados ao tema do Voo com intera\u00e7\u00f5es mec\u00e2nicas e digitais e legendas explicativas. Cada m\u00f3dulo interativo (1. Contextualiza\u00e7\u00e3o &amp; avalia\u00e7\u00e3o; 2. Descolar, 3. Voar; 4. Aterrar) permite ao visitante ficar a conhecer conceitos e fen\u00f3menos relacionados com a ci\u00eancia e a tecnologia associadas ao voo.<\/p>\n<p>A iniciativa, destinada ao p\u00fablico escolar e \u00e0s fam\u00edlias, com foco nos conte\u00fados curriculares\/aprendizagens essenciais ao n\u00edvel do 9\u00ba ano de escolaridade, estar\u00e1 dispon\u00edvel para as escolas, bibliotecas e para outras institui\u00e7\u00f5es.<\/p>\n<p>Entre os v\u00e1rios objetivos, pretende-se que esta exposi\u00e7\u00e3o, sobre o voo, permita a explora\u00e7\u00e3o de conte\u00fados curriculares de modo contextualizado e interdisciplinar, com recurso a metodologias ativas, motivadoras e facilitadoras da compreens\u00e3o da sua utilidade no dia-a-dia, com foco na literacia cient\u00edfica e na sensibiliza\u00e7\u00e3o da comunidade para a ci\u00eancia, num ambiente n\u00e3o formal de educa\u00e7\u00e3o em ci\u00eancias.<\/p>\n<p>A iniciativa surge integrada no Eixo tr\u00eas \u201cExperimenta + Ci\u00eancia\u201d &#8211; Programa Intermunicipal de Promo\u00e7\u00e3o da Ci\u00eancia &#8211; do Plano Estrat\u00e9gico de Desenvolvimento Intermunicipal da Educa\u00e7\u00e3o no M\u00e9dio Tejo (PEDIME), promovido pela Comunidade Intermunicipal do M\u00e9dio Tejo, os Munic\u00edpios e os Agrupamentos de Escolas.<\/p>\n<div class=\"fb-background-color\">\n\t\t\t  <div \n\t\t\t  \tclass = \"fb-comments\" \n\t\t\t  \tdata-href = \"https:\/\/www.entroncamentoonline.pt\/portal\/voo-uma-exposicao-que-cai-bem-ate-ao-final-de-julho-no-parque-ambiental-de-santa-margarida\/\"\n\t\t\t  \tdata-numposts = \"10\"\n\t\t\t  \tdata-lazy = \"true\"\n\t\t\t\tdata-colorscheme = \"light\"\n\t\t\t\tdata-order-by = \"social\"\n\t\t\t\tdata-mobile=true>\n\t\t\t  <\/div><\/div>\n\t\t  <style>\n\t\t    .fb-background-color {\n\t\t\t\tbackground:  !important;\n\t\t\t}\n\t\t\t.fb_iframe_widget_fluid_desktop iframe {\n\t\t\t    width: 100% !important;\n\t\t\t}\n\t\t  <\/style>\n\t\t  ","protected":false},"excerpt":{"rendered":"<p>A Exposi\u00e7\u00e3o Voo, uma Exposi\u00e7\u00e3o que cai bem est\u00e1 patente ao p\u00fablico no Parque Ambiental de Santa Margarida, concelho de Const\u00e2ncia, at\u00e9 ao final do m\u00eas de julho. A itiner\u00e2ncia da exposi\u00e7\u00e3o far-se-\u00e1 por todos os munic\u00edpios do M\u00e9dio Tejo, sendo que Const\u00e2ncia foi o primeiro territ\u00f3rio a acolher a iniciativa. A exposi\u00e7\u00e3o \u00e9 composta [&hellip;]<\/p>\n","protected":false},"author":1,"featured_media":9430,"comment_status":"open","ping_status":"closed","sticky":false,"template":"","format":"standard","meta":{"_acf_changed":false,"footnotes":""},"categories":[32,38],"tags":[],"class_list":{"0":"post-9429","1":"post","2":"type-post","3":"status-publish","4":"format-standard","5":"has-post-thumbnail","7":"category-noticias","8":"category-v-n-barquinha"},"acf":[],"_links":{"self":[{"href":"https:\/\/www.entroncamentoonline.pt\/portal\/wp-json\/wp\/v2\/posts\/9429","targetHints":{"allow":["GET"]}}],"collection":[{"href":"https:\/\/www.entroncamentoonline.pt\/portal\/wp-json\/wp\/v2\/posts"}],"about":[{"href":"https:\/\/www.entroncamentoonline.pt\/portal\/wp-json\/wp\/v2\/types\/post"}],"author":[{"embeddable":true,"href":"https:\/\/www.entroncamentoonline.pt\/portal\/wp-json\/wp\/v2\/users\/1"}],"replies":[{"embeddable":true,"href":"https:\/\/www.entroncamentoonline.pt\/portal\/wp-json\/wp\/v2\/comments?post=9429"}],"version-history":[{"count":0,"href":"https:\/\/www.entroncamentoonline.pt\/portal\/wp-json\/wp\/v2\/posts\/9429\/revisions"}],"wp:featuredmedia":[{"embeddable":true,"href":"https:\/\/www.entroncamentoonline.pt\/portal\/wp-json\/wp\/v2\/media\/9430"}],"wp:attachment":[{"href":"https:\/\/www.entroncamentoonline.pt\/portal\/wp-json\/wp\/v2\/media?parent=9429"}],"wp:term":[{"taxonomy":"category","embeddable":true,"href":"https:\/\/www.entroncamentoonline.pt\/portal\/wp-json\/wp\/v2\/categories?post=9429"},{"taxonomy":"post_tag","embeddable":true,"href":"https:\/\/www.entroncamentoonline.pt\/portal\/wp-json\/wp\/v2\/tags?post=9429"}],"curies":[{"name":"wp","href":"https:\/\/api.w.org\/{rel}","templated":true}]}}