{"id":9262,"date":"2019-07-11T16:48:39","date_gmt":"2019-07-11T15:48:39","guid":{"rendered":"https:\/\/www.entroncamentoonline.pt\/portal\/?p=9262"},"modified":"2019-07-11T16:48:39","modified_gmt":"2019-07-11T15:48:39","slug":"gnr-convida-a-populacao-a-visitar-as-novas-instalacoes-de-alcanena","status":"publish","type":"post","link":"https:\/\/www.entroncamentoonline.pt\/portal\/gnr-convida-a-populacao-a-visitar-as-novas-instalacoes-de-alcanena\/","title":{"rendered":"GNR convida a popula\u00e7\u00e3o a visitar as novas instala\u00e7\u00f5es de Alcanena"},"content":{"rendered":"<p>Depois de ter sido inaugurada no dia 9 de julho, as novas instala\u00e7\u00f5es do Posto Territorial de Alcanena, na \u00e1rea do Comando Territorial de Santar\u00e9m, atrav\u00e9s de uma cerim\u00f3nia que contou com a presen\u00e7a Ministro da Administra\u00e7\u00e3o Interna, Dr. Eduardo Cabrita, e do Comandante Geral da Guarda Nacional Republicana, Tenente-General Lu\u00eds Francisco Botelho Miguel, a GNR convida a popula\u00e7\u00e3o a visitar as novas instala\u00e7\u00f5es, no pr\u00f3ximo s\u00e1bado, dia 13 de julho, entre as 10H00 e as 12H00.<\/p>\n<p>As instala\u00e7\u00f5es localizam-se na Rua Tenente-Coronel Salgueiro Maia, n.\u00ba 118,\u00a0 2380-153 Alcanena, e t\u00eam o contacto telef\u00f3nico 249\u00a0882\u00a0385.<\/p>\n<div class=\"fb-background-color\">\n\t\t\t  <div \n\t\t\t  \tclass = \"fb-comments\" \n\t\t\t  \tdata-href = \"https:\/\/www.entroncamentoonline.pt\/portal\/gnr-convida-a-populacao-a-visitar-as-novas-instalacoes-de-alcanena\/\"\n\t\t\t  \tdata-numposts = \"10\"\n\t\t\t  \tdata-lazy = \"true\"\n\t\t\t\tdata-colorscheme = \"light\"\n\t\t\t\tdata-order-by = \"social\"\n\t\t\t\tdata-mobile=true>\n\t\t\t  <\/div><\/div>\n\t\t  <style>\n\t\t    .fb-background-color {\n\t\t\t\tbackground:  !important;\n\t\t\t}\n\t\t\t.fb_iframe_widget_fluid_desktop iframe {\n\t\t\t    width: 100% !important;\n\t\t\t}\n\t\t  <\/style>\n\t\t  ","protected":false},"excerpt":{"rendered":"<p>Depois de ter sido inaugurada no dia 9 de julho, as novas instala\u00e7\u00f5es do Posto Territorial de Alcanena, na \u00e1rea do Comando Territorial de Santar\u00e9m, atrav\u00e9s de uma cerim\u00f3nia que contou com a presen\u00e7a Ministro da Administra\u00e7\u00e3o Interna, Dr. Eduardo Cabrita, e do Comandante Geral da Guarda Nacional Republicana, Tenente-General Lu\u00eds Francisco Botelho Miguel, a [&hellip;]<\/p>\n","protected":false},"author":1,"featured_media":9154,"comment_status":"open","ping_status":"closed","sticky":false,"template":"","format":"standard","meta":{"_acf_changed":false,"footnotes":""},"categories":[71],"tags":[],"class_list":{"0":"post-9262","1":"post","2":"type-post","3":"status-publish","4":"format-standard","5":"has-post-thumbnail","7":"category-outras-noticias"},"acf":[],"_links":{"self":[{"href":"https:\/\/www.entroncamentoonline.pt\/portal\/wp-json\/wp\/v2\/posts\/9262","targetHints":{"allow":["GET"]}}],"collection":[{"href":"https:\/\/www.entroncamentoonline.pt\/portal\/wp-json\/wp\/v2\/posts"}],"about":[{"href":"https:\/\/www.entroncamentoonline.pt\/portal\/wp-json\/wp\/v2\/types\/post"}],"author":[{"embeddable":true,"href":"https:\/\/www.entroncamentoonline.pt\/portal\/wp-json\/wp\/v2\/users\/1"}],"replies":[{"embeddable":true,"href":"https:\/\/www.entroncamentoonline.pt\/portal\/wp-json\/wp\/v2\/comments?post=9262"}],"version-history":[{"count":0,"href":"https:\/\/www.entroncamentoonline.pt\/portal\/wp-json\/wp\/v2\/posts\/9262\/revisions"}],"wp:featuredmedia":[{"embeddable":true,"href":"https:\/\/www.entroncamentoonline.pt\/portal\/wp-json\/wp\/v2\/media\/9154"}],"wp:attachment":[{"href":"https:\/\/www.entroncamentoonline.pt\/portal\/wp-json\/wp\/v2\/media?parent=9262"}],"wp:term":[{"taxonomy":"category","embeddable":true,"href":"https:\/\/www.entroncamentoonline.pt\/portal\/wp-json\/wp\/v2\/categories?post=9262"},{"taxonomy":"post_tag","embeddable":true,"href":"https:\/\/www.entroncamentoonline.pt\/portal\/wp-json\/wp\/v2\/tags?post=9262"}],"curies":[{"name":"wp","href":"https:\/\/api.w.org\/{rel}","templated":true}]}}