{"id":9201,"date":"2019-07-09T17:16:35","date_gmt":"2019-07-09T16:16:35","guid":{"rendered":"https:\/\/www.entroncamentoonline.pt\/portal\/?p=9201"},"modified":"2019-08-29T17:46:42","modified_gmt":"2019-08-29T16:46:42","slug":"entroncamento-com-animacao-nas-noites-de-julho-e-agosto-na-praca-salgueiro-maia","status":"publish","type":"post","link":"https:\/\/www.entroncamentoonline.pt\/portal\/entroncamento-com-animacao-nas-noites-de-julho-e-agosto-na-praca-salgueiro-maia\/","title":{"rendered":"Entroncamento com anima\u00e7\u00e3o nas noites de julho e agosto na Pra\u00e7a Salgueiro Maia"},"content":{"rendered":"<p>\u201cNoites de Ver\u00e3o\u201d \u00e9 o programa que o Munic\u00edpio do Entroncamento prop\u00f5e para animar a cidade, durante os meses de julho e agosto.<\/p>\n<p>Os espet\u00e1culos das \u201cNoites de Ver\u00e3o\u201d decorrem na Pra\u00e7a Salgueiro Maia, \u00e0s 22h00, com a seguinte programa\u00e7\u00e3o:<\/p>\n<p><img loading=\"lazy\" decoding=\"async\" class=\"size-full wp-image-9203 alignright\" src=\"https:\/\/www.entroncamentoonline.pt\/portal\/wp-content\/uploads\/2019\/07\/Cartaz_NoitesVer\u00e3o_2019_net.jpg\" alt=\"\" width=\"420\" height=\"594\" srcset=\"https:\/\/www.entroncamentoonline.pt\/portal\/wp-content\/uploads\/2019\/07\/Cartaz_NoitesVer\u00e3o_2019_net.jpg 420w, https:\/\/www.entroncamentoonline.pt\/portal\/wp-content\/uploads\/2019\/07\/Cartaz_NoitesVer\u00e3o_2019_net-297x420.jpg 297w\" sizes=\"auto, (max-width: 420px) 100vw, 420px\" \/>19 julho \u2013 Grupo de Cantares Barquinha Saudosa, grupo de m\u00fasica tradicional portuguesa, com um percurso de 20 anos de carreira e que j\u00e1 percorreu Portugal de Norte a Sul;<\/p>\n<p>26 de julho \u2013 Banda D\u00e2ndi, um projeto musical ac\u00fastico com 3 anos de exist\u00eancia, um duo de voz e guitarra, que leva o p\u00fablico a uma viagem entre o fado, rock e pop;<\/p>\n<p>17 de agosto \u2013 Espet\u00e1culo de Acorde\u00e3o com os acordeonistas Peter Maric, s\u00e9rvio e campe\u00e3o do mundo de acorde\u00e3o, que ao longo da sua carreira se tem afirmado como uma refer\u00eancia contempor\u00e2nea no mundo da m\u00fasica, Bruno Gomes, respons\u00e1vel pelo projeto \u201cAcorde\u00e3o, G\u00e9nio e Arte\u201d e Bruno Gomes, respons\u00e1vel pelo projeto \u201cAcorde\u00e3o em Espet\u00e1culo\u201d;<\/p>\n<p>23 agosto \u2013\u00a0 Banda The Gorgeous Georges, uma banda da regi\u00e3o, que interpreta temas cl\u00e1ssicos do rock e da atualidade e prometem muita energia e boa disposi\u00e7\u00e3o.<\/p>\n<p>30 agosto \u2013 Dan\u00e7a Urbana, apresentada pela ADMU uma Academia de Dan\u00e7a Urbana, que no decorrer dos \u00faltimos tr\u00eas anos tem aliado o talento e a paix\u00e3o pela dan\u00e7a \u00e0 divers\u00e3o que apresentam nas suas atua\u00e7\u00f5es.<\/p>\n<div class=\"fb-background-color\">\n\t\t\t  <div \n\t\t\t  \tclass = \"fb-comments\" \n\t\t\t  \tdata-href = \"https:\/\/www.entroncamentoonline.pt\/portal\/entroncamento-com-animacao-nas-noites-de-julho-e-agosto-na-praca-salgueiro-maia\/\"\n\t\t\t  \tdata-numposts = \"10\"\n\t\t\t  \tdata-lazy = \"true\"\n\t\t\t\tdata-colorscheme = \"light\"\n\t\t\t\tdata-order-by = \"social\"\n\t\t\t\tdata-mobile=true>\n\t\t\t  <\/div><\/div>\n\t\t  <style>\n\t\t    .fb-background-color {\n\t\t\t\tbackground:  !important;\n\t\t\t}\n\t\t\t.fb_iframe_widget_fluid_desktop iframe {\n\t\t\t    width: 100% !important;\n\t\t\t}\n\t\t  <\/style>\n\t\t  ","protected":false},"excerpt":{"rendered":"<p>\u201cNoites de Ver\u00e3o\u201d \u00e9 o programa que o Munic\u00edpio do Entroncamento prop\u00f5e para animar a cidade, durante os meses de julho e agosto. Os espet\u00e1culos das \u201cNoites de Ver\u00e3o\u201d decorrem na Pra\u00e7a Salgueiro Maia, \u00e0s 22h00, com a seguinte programa\u00e7\u00e3o: 19 julho \u2013 Grupo de Cantares Barquinha Saudosa, grupo de m\u00fasica tradicional portuguesa, com um [&hellip;]<\/p>\n","protected":false},"author":1,"featured_media":9202,"comment_status":"open","ping_status":"closed","sticky":false,"template":"","format":"standard","meta":{"_acf_changed":false,"footnotes":""},"categories":[1],"tags":[],"class_list":{"0":"post-9201","1":"post","2":"type-post","3":"status-publish","4":"format-standard","5":"has-post-thumbnail","7":"category-sem-categoria"},"acf":[],"_links":{"self":[{"href":"https:\/\/www.entroncamentoonline.pt\/portal\/wp-json\/wp\/v2\/posts\/9201","targetHints":{"allow":["GET"]}}],"collection":[{"href":"https:\/\/www.entroncamentoonline.pt\/portal\/wp-json\/wp\/v2\/posts"}],"about":[{"href":"https:\/\/www.entroncamentoonline.pt\/portal\/wp-json\/wp\/v2\/types\/post"}],"author":[{"embeddable":true,"href":"https:\/\/www.entroncamentoonline.pt\/portal\/wp-json\/wp\/v2\/users\/1"}],"replies":[{"embeddable":true,"href":"https:\/\/www.entroncamentoonline.pt\/portal\/wp-json\/wp\/v2\/comments?post=9201"}],"version-history":[{"count":0,"href":"https:\/\/www.entroncamentoonline.pt\/portal\/wp-json\/wp\/v2\/posts\/9201\/revisions"}],"wp:featuredmedia":[{"embeddable":true,"href":"https:\/\/www.entroncamentoonline.pt\/portal\/wp-json\/wp\/v2\/media\/9202"}],"wp:attachment":[{"href":"https:\/\/www.entroncamentoonline.pt\/portal\/wp-json\/wp\/v2\/media?parent=9201"}],"wp:term":[{"taxonomy":"category","embeddable":true,"href":"https:\/\/www.entroncamentoonline.pt\/portal\/wp-json\/wp\/v2\/categories?post=9201"},{"taxonomy":"post_tag","embeddable":true,"href":"https:\/\/www.entroncamentoonline.pt\/portal\/wp-json\/wp\/v2\/tags?post=9201"}],"curies":[{"name":"wp","href":"https:\/\/api.w.org\/{rel}","templated":true}]}}