{"id":9156,"date":"2019-07-09T10:34:22","date_gmt":"2019-07-09T09:34:22","guid":{"rendered":"https:\/\/www.entroncamentoonline.pt\/portal\/?p=9156"},"modified":"2019-07-09T10:34:22","modified_gmt":"2019-07-09T09:34:22","slug":"valada-recebe-o-dia-intermunicipal-do-bootcamp-no-ambito-do-plano-integrado-e-inovador-de-combate-ao-insucesso-escolar-da-leziria-do-tejo","status":"publish","type":"post","link":"https:\/\/www.entroncamentoonline.pt\/portal\/valada-recebe-o-dia-intermunicipal-do-bootcamp-no-ambito-do-plano-integrado-e-inovador-de-combate-ao-insucesso-escolar-da-leziria-do-tejo\/","title":{"rendered":"Valada recebe o Dia Intermunicipal do Bootcamp no \u00e2mbito do Plano Integrado e Inovador de Combate ao Insucesso Escolar da Lez\u00edria do Tejo"},"content":{"rendered":"<p>No pr\u00f3ximo dia 12 de Julho, a zona ribeirinha de Valada, no Cartaxo, recebe o evento \u201cDia Intermunicipal do Bootcamp\u201d que decorrer\u00e1 entre as 09h30 e as 17h00.<\/p>\n<p>O Dia Intermunicipal do Bootcamp surge com o intuito de concluir o trabalho iniciado no passado m\u00eas de abril da 1\u00aa Edi\u00e7\u00e3o do Bootcamp de Criatividade e Inova\u00e7\u00e3o da Lez\u00edria do Tejo, na Brigada Mecanizada do Campo Militar de Santa Margarida, realizado no \u00e2mbito do Plano Integrado e Inovador de Combate ao Insucesso Escolar da Lez\u00edria do Tejo (PIICIE LT).<\/p>\n<p>Com este evento pretende-se trabalhar compet\u00eancias socio emocionais atrav\u00e9s de atividades de psicomotricidade e de <em>team building<\/em> atrav\u00e9s de din\u00e2micas de grupo tais como trabalho em equipa, coopera\u00e7\u00e3o, comunica\u00e7\u00e3o, lideran\u00e7a, resolu\u00e7\u00e3o de conflitos e colabora\u00e7\u00e3o, pois um dos grandes eixos no processo de aprendizagem das crian\u00e7as e jovens, \u00e9 o aprender-fazendo, potenciando as capacidades inatas de cada indiv\u00edduo.<\/p>\n<p>Recorde-se que o PIICIE LT, promovido pela Comunidade Intermunicipal da Lez\u00edria do Tejo (CIMLT) e cofinanciado pelo Fundo Social Europeu (Portugal 2020\/Alentejo 2020), visa a promo\u00e7\u00e3o do sucesso escolar atrav\u00e9s da implementa\u00e7\u00e3o de a\u00e7\u00f5es integradas num modelo de Educa\u00e7\u00e3o Positiva e Educa\u00e7\u00e3o pela Inova\u00e7\u00e3o, com o objetivo de potenciar a melhoria dos resultados escolares e das pr\u00e1ticas pedag\u00f3gicas, e contribuir para a igualdade de oportunidades e constru\u00e7\u00e3o de uma escola de qualidade, aut\u00f3noma, criativa e inovadora.<\/p>\n<div class=\"fb-background-color\">\n\t\t\t  <div \n\t\t\t  \tclass = \"fb-comments\" \n\t\t\t  \tdata-href = \"https:\/\/www.entroncamentoonline.pt\/portal\/valada-recebe-o-dia-intermunicipal-do-bootcamp-no-ambito-do-plano-integrado-e-inovador-de-combate-ao-insucesso-escolar-da-leziria-do-tejo\/\"\n\t\t\t  \tdata-numposts = \"10\"\n\t\t\t  \tdata-lazy = \"true\"\n\t\t\t\tdata-colorscheme = \"light\"\n\t\t\t\tdata-order-by = \"social\"\n\t\t\t\tdata-mobile=true>\n\t\t\t  <\/div><\/div>\n\t\t  <style>\n\t\t    .fb-background-color {\n\t\t\t\tbackground:  !important;\n\t\t\t}\n\t\t\t.fb_iframe_widget_fluid_desktop iframe {\n\t\t\t    width: 100% !important;\n\t\t\t}\n\t\t  <\/style>\n\t\t  ","protected":false},"excerpt":{"rendered":"<p>No pr\u00f3ximo dia 12 de Julho, a zona ribeirinha de Valada, no Cartaxo, recebe o evento \u201cDia Intermunicipal do Bootcamp\u201d que decorrer\u00e1 entre as 09h30 e as 17h00. O Dia Intermunicipal do Bootcamp surge com o intuito de concluir o trabalho iniciado no passado m\u00eas de abril da 1\u00aa Edi\u00e7\u00e3o do Bootcamp de Criatividade e [&hellip;]<\/p>\n","protected":false},"author":1,"featured_media":0,"comment_status":"open","ping_status":"closed","sticky":false,"template":"","format":"standard","meta":{"_acf_changed":false,"footnotes":""},"categories":[51],"tags":[],"class_list":{"0":"post-9156","1":"post","2":"type-post","3":"status-publish","4":"format-standard","6":"category-breves"},"acf":[],"_links":{"self":[{"href":"https:\/\/www.entroncamentoonline.pt\/portal\/wp-json\/wp\/v2\/posts\/9156","targetHints":{"allow":["GET"]}}],"collection":[{"href":"https:\/\/www.entroncamentoonline.pt\/portal\/wp-json\/wp\/v2\/posts"}],"about":[{"href":"https:\/\/www.entroncamentoonline.pt\/portal\/wp-json\/wp\/v2\/types\/post"}],"author":[{"embeddable":true,"href":"https:\/\/www.entroncamentoonline.pt\/portal\/wp-json\/wp\/v2\/users\/1"}],"replies":[{"embeddable":true,"href":"https:\/\/www.entroncamentoonline.pt\/portal\/wp-json\/wp\/v2\/comments?post=9156"}],"version-history":[{"count":0,"href":"https:\/\/www.entroncamentoonline.pt\/portal\/wp-json\/wp\/v2\/posts\/9156\/revisions"}],"wp:attachment":[{"href":"https:\/\/www.entroncamentoonline.pt\/portal\/wp-json\/wp\/v2\/media?parent=9156"}],"wp:term":[{"taxonomy":"category","embeddable":true,"href":"https:\/\/www.entroncamentoonline.pt\/portal\/wp-json\/wp\/v2\/categories?post=9156"},{"taxonomy":"post_tag","embeddable":true,"href":"https:\/\/www.entroncamentoonline.pt\/portal\/wp-json\/wp\/v2\/tags?post=9156"}],"curies":[{"name":"wp","href":"https:\/\/api.w.org\/{rel}","templated":true}]}}