{"id":9153,"date":"2019-07-09T09:33:00","date_gmt":"2019-07-09T08:33:00","guid":{"rendered":"https:\/\/www.entroncamentoonline.pt\/portal\/?p=9153"},"modified":"2019-07-12T10:21:13","modified_gmt":"2019-07-12T09:21:13","slug":"alcanena-eduardo-cabrita-inaugura-novo-posto-da-gnr-e-entrega-25-viaturas-ligeiras-de-combate-a-incendios","status":"publish","type":"post","link":"https:\/\/www.entroncamentoonline.pt\/portal\/alcanena-eduardo-cabrita-inaugura-novo-posto-da-gnr-e-entrega-25-viaturas-ligeiras-de-combate-a-incendios\/","title":{"rendered":"ALCANENA | Eduardo Cabrita inaugura novo Posto da GNR e entrega 25 Viaturas Ligeiras de Combate a Inc\u00eandios"},"content":{"rendered":"<p>Esta ter\u00e7a-feira, dia 09 de julho, ser\u00e3o inauguradas as novas instala\u00e7\u00f5es do Posto Territorial de Alcanena, na \u00e1rea do Comando Territorial de Santar\u00e9m, atrav\u00e9s de uma cerim\u00f3nia que contar\u00e1 com a presen\u00e7a do Ministro da Administra\u00e7\u00e3o Interna, Eduardo Cabrita, entidade que preside, e do Comandante-Geral da Guarda Nacional Republicana, Tenente-General Lu\u00eds Francisco Botelho Miguel, entre outras entidades civis e militares.<\/p>\n<p>O Posto Territorial de Alcanena tem um efetivo de 20 militares e re\u00fane singulares condi\u00e7\u00f5es estruturais e de localiza\u00e7\u00e3o que permitem aumentar, de forma significativa, a capacidade de apoio da GNR aos cidad\u00e3os na Uni\u00e3o de Freguesias de Alcanena e Vila Moreira, Uni\u00e3o de Freguesias de Malhou, Louriceira e Espinheiro e nas freguesias de Bugalhos, Minde, Moitas Venda, Monsanto e Serra de Santo Ant\u00f3nio, distribu\u00eddas por uma \u00e1rea total de 127.33 Km\u00b2, servindo uma popula\u00e7\u00e3o de 13 868 habitantes.<\/p>\n<p>Durante a cerim\u00f3nia de inaugura\u00e7\u00e3o das novas instala\u00e7\u00f5es ser\u00e1 ainda celebrado um protocolo de ced\u00eancia de uma viatura, pela C\u00e2mara Municipal de Alcanena, ao Posto Territorial de Alcanena.<\/p>\n<p>De seguida, ter\u00e1 lugar a cerim\u00f3nia de entrega 25 novas Viaturas Ligeiras de Combate a Inc\u00eandios, que se destinam a refor\u00e7ar a capacidade de patrulhamento, preven\u00e7\u00e3o e combate aos inc\u00eandios rurais da Unidade de Emerg\u00eancia de Prote\u00e7\u00e3o e Socorro (UEPS).<\/p>\n<div class=\"fb-background-color\">\n\t\t\t  <div \n\t\t\t  \tclass = \"fb-comments\" \n\t\t\t  \tdata-href = \"https:\/\/www.entroncamentoonline.pt\/portal\/alcanena-eduardo-cabrita-inaugura-novo-posto-da-gnr-e-entrega-25-viaturas-ligeiras-de-combate-a-incendios\/\"\n\t\t\t  \tdata-numposts = \"10\"\n\t\t\t  \tdata-lazy = \"true\"\n\t\t\t\tdata-colorscheme = \"light\"\n\t\t\t\tdata-order-by = \"social\"\n\t\t\t\tdata-mobile=true>\n\t\t\t  <\/div><\/div>\n\t\t  <style>\n\t\t    .fb-background-color {\n\t\t\t\tbackground:  !important;\n\t\t\t}\n\t\t\t.fb_iframe_widget_fluid_desktop iframe {\n\t\t\t    width: 100% !important;\n\t\t\t}\n\t\t  <\/style>\n\t\t  ","protected":false},"excerpt":{"rendered":"<p>Esta ter\u00e7a-feira, dia 09 de julho, ser\u00e3o inauguradas as novas instala\u00e7\u00f5es do Posto Territorial de Alcanena, na \u00e1rea do Comando Territorial de Santar\u00e9m, atrav\u00e9s de uma cerim\u00f3nia que contar\u00e1 com a presen\u00e7a do Ministro da Administra\u00e7\u00e3o Interna, Eduardo Cabrita, entidade que preside, e do Comandante-Geral da Guarda Nacional Republicana, Tenente-General Lu\u00eds Francisco Botelho Miguel, entre [&hellip;]<\/p>\n","protected":false},"author":1,"featured_media":9154,"comment_status":"open","ping_status":"closed","sticky":false,"template":"","format":"standard","meta":{"_acf_changed":false,"footnotes":""},"categories":[1],"tags":[],"class_list":{"0":"post-9153","1":"post","2":"type-post","3":"status-publish","4":"format-standard","5":"has-post-thumbnail","7":"category-sem-categoria"},"acf":[],"_links":{"self":[{"href":"https:\/\/www.entroncamentoonline.pt\/portal\/wp-json\/wp\/v2\/posts\/9153","targetHints":{"allow":["GET"]}}],"collection":[{"href":"https:\/\/www.entroncamentoonline.pt\/portal\/wp-json\/wp\/v2\/posts"}],"about":[{"href":"https:\/\/www.entroncamentoonline.pt\/portal\/wp-json\/wp\/v2\/types\/post"}],"author":[{"embeddable":true,"href":"https:\/\/www.entroncamentoonline.pt\/portal\/wp-json\/wp\/v2\/users\/1"}],"replies":[{"embeddable":true,"href":"https:\/\/www.entroncamentoonline.pt\/portal\/wp-json\/wp\/v2\/comments?post=9153"}],"version-history":[{"count":0,"href":"https:\/\/www.entroncamentoonline.pt\/portal\/wp-json\/wp\/v2\/posts\/9153\/revisions"}],"wp:featuredmedia":[{"embeddable":true,"href":"https:\/\/www.entroncamentoonline.pt\/portal\/wp-json\/wp\/v2\/media\/9154"}],"wp:attachment":[{"href":"https:\/\/www.entroncamentoonline.pt\/portal\/wp-json\/wp\/v2\/media?parent=9153"}],"wp:term":[{"taxonomy":"category","embeddable":true,"href":"https:\/\/www.entroncamentoonline.pt\/portal\/wp-json\/wp\/v2\/categories?post=9153"},{"taxonomy":"post_tag","embeddable":true,"href":"https:\/\/www.entroncamentoonline.pt\/portal\/wp-json\/wp\/v2\/tags?post=9153"}],"curies":[{"name":"wp","href":"https:\/\/api.w.org\/{rel}","templated":true}]}}