{"id":9136,"date":"2019-07-08T12:14:29","date_gmt":"2019-07-08T11:14:29","guid":{"rendered":"https:\/\/www.entroncamentoonline.pt\/portal\/?p=9136"},"modified":"2019-07-11T17:01:43","modified_gmt":"2019-07-11T16:01:43","slug":"terca-feira-secretaria-de-estado-da-cultura-visita-casa-memoria-de-camoes-em-constancia","status":"publish","type":"post","link":"https:\/\/www.entroncamentoonline.pt\/portal\/terca-feira-secretaria-de-estado-da-cultura-visita-casa-memoria-de-camoes-em-constancia\/","title":{"rendered":"TER\u00c7A-FEIRA | Secret\u00e1ria de Estado da Cultura visita Casa-Mem\u00f3ria de Cam\u00f5es em Const\u00e2ncia"},"content":{"rendered":"<p>Na sequ\u00eancia do reconhecimento por parte da Comunidade Intermunicipal do M\u00e9dio Tejo para a import\u00e2ncia e necessidade da abertura da Casa-Mem\u00f3ria de Cam\u00f5es, a Secret\u00e1ria de Estado da Cultura, Arquiteta \u00c2ngela Ferreira, visita amanh\u00e3, dia 9 de julho, \u00e0s 11h00, a Casa-Mem\u00f3ria de Cam\u00f5es em Const\u00e2ncia.<\/p>\n<p>Recorde-se que a Casa-Mem\u00f3ria de Cam\u00f5es foi erguida segundo um projeto da Faculdade de Arquitetura de Lisboa, com obras iniciadas em 1991, que se arrastaram por v\u00e1rios anos, devido a dificuldades sentidas para reunir os financiamentos necess\u00e1rios a tudo o que envolve um projeto desta envergadura.<\/p>\n<p>Esta Casa nunca chegou a abrir ao p\u00fablico por n\u00e3o dispor de conte\u00fados adequados para cumprir, com dignidade que se imp\u00f5e, o seu papel, que para al\u00e9m de preservar, valorizar e divulgar a rela\u00e7\u00e3o de Cam\u00f5es com Const\u00e2ncia, se traduz, n\u00e3o s\u00f3 num polo de cultura, como tamb\u00e9m, num polo de atratividade tur\u00edstica da nossa regi\u00e3o.<\/p>\n<p>A atual Dire\u00e7\u00e3o da Casa \u2013 Mem\u00f3ria de Cam\u00f5es tem envidado todos os esfor\u00e7os no sentido de sensibilizar o Governo Portugu\u00eas quer junto da Presid\u00eancia da Rep\u00fablica, quer junto dos nossos deputados, e at\u00e9 mesmo junto do Minist\u00e9rio da Cultura, para que possam ser reunidas as condi\u00e7\u00f5es necess\u00e1rias no sentido de dotar Const\u00e2ncia e o Pa\u00eds com uma Casa-Mem\u00f3ria de Cam\u00f5es aberta ao p\u00fablico e em pleno funcionamento, digna do nosso maior poeta Portugu\u00eas.<\/p>\n<p>Em sede de reuni\u00e3o do Conselho Intermunicipal do passado dia 28 de fevereiro, os autarcas do M\u00e9dio Tejo, associaram-se a Const\u00e2ncia e ao seu Presidente de C\u00e2mara, deliberando por unanimidade o reconhecimento e a premente necessidade da abertura desta Casa.<\/p>\n<p>Consideraram que este investimento n\u00e3o se confina apenas e s\u00f3 ao concelho de Const\u00e2ncia, real\u00e7ando todas as potencialidades que poder\u00e1 trazer para a nossa regi\u00e3o. Mais, a sua abertura ao p\u00fablico e o seu funcionamento, com visitas guiadas, com um servi\u00e7o educativo e um programa de atividades vasto, trar\u00e1 certamente um novo \u00edmpeto \u00e0 nossa regi\u00e3o e ao nosso pa\u00eds.<\/p>\n<div class=\"fb-background-color\">\n\t\t\t  <div \n\t\t\t  \tclass = \"fb-comments\" \n\t\t\t  \tdata-href = \"https:\/\/www.entroncamentoonline.pt\/portal\/terca-feira-secretaria-de-estado-da-cultura-visita-casa-memoria-de-camoes-em-constancia\/\"\n\t\t\t  \tdata-numposts = \"10\"\n\t\t\t  \tdata-lazy = \"true\"\n\t\t\t\tdata-colorscheme = \"light\"\n\t\t\t\tdata-order-by = \"social\"\n\t\t\t\tdata-mobile=true>\n\t\t\t  <\/div><\/div>\n\t\t  <style>\n\t\t    .fb-background-color {\n\t\t\t\tbackground:  !important;\n\t\t\t}\n\t\t\t.fb_iframe_widget_fluid_desktop iframe {\n\t\t\t    width: 100% !important;\n\t\t\t}\n\t\t  <\/style>\n\t\t  ","protected":false},"excerpt":{"rendered":"<p>Na sequ\u00eancia do reconhecimento por parte da Comunidade Intermunicipal do M\u00e9dio Tejo para a import\u00e2ncia e necessidade da abertura da Casa-Mem\u00f3ria de Cam\u00f5es, a Secret\u00e1ria de Estado da Cultura, Arquiteta \u00c2ngela Ferreira, visita amanh\u00e3, dia 9 de julho, \u00e0s 11h00, a Casa-Mem\u00f3ria de Cam\u00f5es em Const\u00e2ncia. Recorde-se que a Casa-Mem\u00f3ria de Cam\u00f5es foi erguida segundo [&hellip;]<\/p>\n","protected":false},"author":1,"featured_media":9137,"comment_status":"open","ping_status":"closed","sticky":false,"template":"","format":"standard","meta":{"_acf_changed":false,"footnotes":""},"categories":[71],"tags":[],"class_list":{"0":"post-9136","1":"post","2":"type-post","3":"status-publish","4":"format-standard","5":"has-post-thumbnail","7":"category-outras-noticias"},"acf":[],"_links":{"self":[{"href":"https:\/\/www.entroncamentoonline.pt\/portal\/wp-json\/wp\/v2\/posts\/9136","targetHints":{"allow":["GET"]}}],"collection":[{"href":"https:\/\/www.entroncamentoonline.pt\/portal\/wp-json\/wp\/v2\/posts"}],"about":[{"href":"https:\/\/www.entroncamentoonline.pt\/portal\/wp-json\/wp\/v2\/types\/post"}],"author":[{"embeddable":true,"href":"https:\/\/www.entroncamentoonline.pt\/portal\/wp-json\/wp\/v2\/users\/1"}],"replies":[{"embeddable":true,"href":"https:\/\/www.entroncamentoonline.pt\/portal\/wp-json\/wp\/v2\/comments?post=9136"}],"version-history":[{"count":0,"href":"https:\/\/www.entroncamentoonline.pt\/portal\/wp-json\/wp\/v2\/posts\/9136\/revisions"}],"wp:featuredmedia":[{"embeddable":true,"href":"https:\/\/www.entroncamentoonline.pt\/portal\/wp-json\/wp\/v2\/media\/9137"}],"wp:attachment":[{"href":"https:\/\/www.entroncamentoonline.pt\/portal\/wp-json\/wp\/v2\/media?parent=9136"}],"wp:term":[{"taxonomy":"category","embeddable":true,"href":"https:\/\/www.entroncamentoonline.pt\/portal\/wp-json\/wp\/v2\/categories?post=9136"},{"taxonomy":"post_tag","embeddable":true,"href":"https:\/\/www.entroncamentoonline.pt\/portal\/wp-json\/wp\/v2\/tags?post=9136"}],"curies":[{"name":"wp","href":"https:\/\/api.w.org\/{rel}","templated":true}]}}