{"id":8816,"date":"2019-07-02T11:03:23","date_gmt":"2019-07-02T10:03:23","guid":{"rendered":"https:\/\/www.entroncamentoonline.pt\/portal\/?p=8816"},"modified":"2019-07-02T11:03:23","modified_gmt":"2019-07-02T10:03:23","slug":"constancia-cria-cartao-senior-municipal","status":"publish","type":"post","link":"https:\/\/www.entroncamentoonline.pt\/portal\/constancia-cria-cartao-senior-municipal\/","title":{"rendered":"Const\u00e2ncia cria Cart\u00e3o S\u00e9nior Municipal"},"content":{"rendered":"<p>Foi aprovado em Assembleia Municipal, no dia 28 de junho o projeto de regulamento do Cart\u00e3o S\u00e9nior Municipal.<\/p>\n<p>\u201cEncontramo-nos numa sociedade que n\u00e3o foi concebida para os seniores, uma sociedade em que o modelo de fam\u00edlia nuclear assume cada vez mais import\u00e2ncia n\u00e3o garantindo assim prote\u00e7\u00e3o aos seus membros mais velhos at\u00e9 ao fim da vida. Deste modo, encontramos os nossos seniores s\u00f3s, em casa, isolados ou em institui\u00e7\u00f5es e fr\u00e1geis ao n\u00edvel das condi\u00e7\u00f5es econ\u00f3micas, sentindo-se cada vez mais marginalizados. A afirma\u00e7\u00e3o inequ\u00edvoca da cidadania e a defesa dos interesses espec\u00edficos das pessoas idosas depende assim de uma mudan\u00e7a de atitude individual e social.\u201d<\/p>\n<p>Neste sentido, de forma a contribuir para a luta contra a exclus\u00e3o de uma das camadas mais fr\u00e1geis da popula\u00e7\u00e3o \u2013 os idosos, surge como iniciativa da C\u00e2mara Municipal de Const\u00e2ncia, o programa Cart\u00e3o S\u00e9nior Municipal que tem como principais objetivos fomentar o conv\u00edvio, a frequ\u00eancia de espa\u00e7os culturais, desportivos e de lazer, bem como contribuir para a dignifica\u00e7\u00e3o das condi\u00e7\u00f5es de vida da popula\u00e7\u00e3o idosa, atrav\u00e9s da melhoria da sua situa\u00e7\u00e3o econ\u00f3mica.<\/p>\n<p>O Cart\u00e3o S\u00e9nior Municipal destina-se a apoiar os idosos, residentes no Concelho de Const\u00e2ncia e caracteriza-se por ser um servi\u00e7o simples, mas que nos parece justo e capaz de servir quem tanto j\u00e1 contribuiu para a evolu\u00e7\u00e3o deste concelho.<\/p>\n<p>A ades\u00e3o ao Cart\u00e3o S\u00e9nior Municipal \u00e9 feita na C\u00e2mara Municipal de Const\u00e2ncia, no Gabinete de A\u00e7\u00e3o Social, Sa\u00fade e Educa\u00e7\u00e3o, mediante o preenchimento de formul\u00e1rio, especialmente destinado para o efeito.<\/p>\n<p>O Cart\u00e3o S\u00e9nior Municipal, individual e intransmiss\u00edvel, tem validade de um ano e \u00e9 renov\u00e1vel mediante a apresenta\u00e7\u00e3o de todos os documentos necess\u00e1rios para a ades\u00e3o ao cart\u00e3o.<\/p>\n<p>&nbsp;<\/p>\n<p>&nbsp;<\/p>\n<div class=\"fb-background-color\">\n\t\t\t  <div \n\t\t\t  \tclass = \"fb-comments\" \n\t\t\t  \tdata-href = \"https:\/\/www.entroncamentoonline.pt\/portal\/constancia-cria-cartao-senior-municipal\/\"\n\t\t\t  \tdata-numposts = \"10\"\n\t\t\t  \tdata-lazy = \"true\"\n\t\t\t\tdata-colorscheme = \"light\"\n\t\t\t\tdata-order-by = \"social\"\n\t\t\t\tdata-mobile=true>\n\t\t\t  <\/div><\/div>\n\t\t  <style>\n\t\t    .fb-background-color {\n\t\t\t\tbackground:  !important;\n\t\t\t}\n\t\t\t.fb_iframe_widget_fluid_desktop iframe {\n\t\t\t    width: 100% !important;\n\t\t\t}\n\t\t  <\/style>\n\t\t  ","protected":false},"excerpt":{"rendered":"<p>Foi aprovado em Assembleia Municipal, no dia 28 de junho o projeto de regulamento do Cart\u00e3o S\u00e9nior Municipal. \u201cEncontramo-nos numa sociedade que n\u00e3o foi concebida para os seniores, uma sociedade em que o modelo de fam\u00edlia nuclear assume cada vez mais import\u00e2ncia n\u00e3o garantindo assim prote\u00e7\u00e3o aos seus membros mais velhos at\u00e9 ao fim da [&hellip;]<\/p>\n","protected":false},"author":1,"featured_media":0,"comment_status":"open","ping_status":"closed","sticky":false,"template":"","format":"standard","meta":{"_acf_changed":false,"footnotes":""},"categories":[51],"tags":[],"class_list":{"0":"post-8816","1":"post","2":"type-post","3":"status-publish","4":"format-standard","6":"category-breves"},"acf":[],"_links":{"self":[{"href":"https:\/\/www.entroncamentoonline.pt\/portal\/wp-json\/wp\/v2\/posts\/8816","targetHints":{"allow":["GET"]}}],"collection":[{"href":"https:\/\/www.entroncamentoonline.pt\/portal\/wp-json\/wp\/v2\/posts"}],"about":[{"href":"https:\/\/www.entroncamentoonline.pt\/portal\/wp-json\/wp\/v2\/types\/post"}],"author":[{"embeddable":true,"href":"https:\/\/www.entroncamentoonline.pt\/portal\/wp-json\/wp\/v2\/users\/1"}],"replies":[{"embeddable":true,"href":"https:\/\/www.entroncamentoonline.pt\/portal\/wp-json\/wp\/v2\/comments?post=8816"}],"version-history":[{"count":0,"href":"https:\/\/www.entroncamentoonline.pt\/portal\/wp-json\/wp\/v2\/posts\/8816\/revisions"}],"wp:attachment":[{"href":"https:\/\/www.entroncamentoonline.pt\/portal\/wp-json\/wp\/v2\/media?parent=8816"}],"wp:term":[{"taxonomy":"category","embeddable":true,"href":"https:\/\/www.entroncamentoonline.pt\/portal\/wp-json\/wp\/v2\/categories?post=8816"},{"taxonomy":"post_tag","embeddable":true,"href":"https:\/\/www.entroncamentoonline.pt\/portal\/wp-json\/wp\/v2\/tags?post=8816"}],"curies":[{"name":"wp","href":"https:\/\/api.w.org\/{rel}","templated":true}]}}