{"id":8521,"date":"2019-06-24T11:10:46","date_gmt":"2019-06-24T10:10:46","guid":{"rendered":"https:\/\/www.entroncamentoonline.pt\/portal\/?p=8521"},"modified":"2019-06-29T10:51:41","modified_gmt":"2019-06-29T09:51:41","slug":"entroncamento-quim-barreiros-arrasta-multidao-e-arrasa-nas-festas-de-sao-joao-e-da-cidade","status":"publish","type":"post","link":"https:\/\/www.entroncamentoonline.pt\/portal\/entroncamento-quim-barreiros-arrasta-multidao-e-arrasa-nas-festas-de-sao-joao-e-da-cidade\/","title":{"rendered":"ENTRONCAMENTO | Quim Barreiros arrasta multid\u00e3o e arrasa nas Festas de S\u00e3o Jo\u00e3o e da Cidade"},"content":{"rendered":"<p>Em noite de S\u00e3o Jo\u00e3o, Quim Barreiros levou at\u00e9 \u00e0s Festas do Entroncamento uma multid\u00e3o que encheu por completo o recinto e acessos, transformando-o num enorme arraial.<\/p>\n<p>Goste-se ou n\u00e3o, ningu\u00e9m resiste \u00e0s can\u00e7\u00f5es de Quim Barreiros que aos 72 anos e depois de ter dado outro concerto durante a tarde, consegue p\u00f4r toda a gente a dan\u00e7ar. Nem mesmo quem estava a jantar nas tasquinhas apinhadas, resistiu \u00e0 \u201cCabritinha\u201d, \u201cGaragem da Vizinha\u201d ou \u201cMestre de Culin\u00e1ria\u201d e levantaram-se, dan\u00e7aram e cantaram.<\/p>\n<div id='gallery-1' class='gallery galleryid-8521 gallery-columns-3 gallery-size-thumbnail'><figure class='gallery-item'>\n\t\t\t<div class='gallery-icon landscape'>\n\t\t\t\t<a href='https:\/\/www.entroncamentoonline.pt\/portal\/entroncamento-quim-barreiros-arrasta-multidao-e-arrasa-nas-festas-de-sao-joao-e-da-cidade\/dsc_9994\/'><img loading=\"lazy\" decoding=\"async\" width=\"350\" height=\"350\" src=\"https:\/\/www.entroncamentoonline.pt\/portal\/wp-content\/uploads\/2019\/06\/DSC_9994-350x350.jpg\" class=\"attachment-thumbnail size-thumbnail\" alt=\"\" aria-describedby=\"gallery-1-8525\" \/><\/a>\n\t\t\t<\/div>\n\t\t\t\t<figcaption class='wp-caption-text gallery-caption' id='gallery-1-8525'>\n\t\t\t\tFoto EOL\n\t\t\t\t<\/figcaption><\/figure><figure class='gallery-item'>\n\t\t\t<div class='gallery-icon landscape'>\n\t\t\t\t<a href='https:\/\/www.entroncamentoonline.pt\/portal\/entroncamento-quim-barreiros-arrasta-multidao-e-arrasa-nas-festas-de-sao-joao-e-da-cidade\/dsc_0043\/'><img loading=\"lazy\" decoding=\"async\" width=\"350\" height=\"350\" src=\"https:\/\/www.entroncamentoonline.pt\/portal\/wp-content\/uploads\/2019\/06\/DSC_0043-350x350.jpg\" class=\"attachment-thumbnail size-thumbnail\" alt=\"\" aria-describedby=\"gallery-1-8523\" \/><\/a>\n\t\t\t<\/div>\n\t\t\t\t<figcaption class='wp-caption-text gallery-caption' id='gallery-1-8523'>\n\t\t\t\tFoto EOL\n\t\t\t\t<\/figcaption><\/figure><figure class='gallery-item'>\n\t\t\t<div class='gallery-icon landscape'>\n\t\t\t\t<a href='https:\/\/www.entroncamentoonline.pt\/portal\/entroncamento-quim-barreiros-arrasta-multidao-e-arrasa-nas-festas-de-sao-joao-e-da-cidade\/dsc_0028\/'><img loading=\"lazy\" decoding=\"async\" width=\"350\" height=\"350\" src=\"https:\/\/www.entroncamentoonline.pt\/portal\/wp-content\/uploads\/2019\/06\/DSC_0028-350x350.jpg\" class=\"attachment-thumbnail size-thumbnail\" alt=\"\" aria-describedby=\"gallery-1-8522\" \/><\/a>\n\t\t\t<\/div>\n\t\t\t\t<figcaption class='wp-caption-text gallery-caption' id='gallery-1-8522'>\n\t\t\t\tFoto EOL\n\t\t\t\t<\/figcaption><\/figure>\n\t\t<\/div>\n\n<p>Hoje Dia de S\u00e3o Jo\u00e3o a Festa continua com O Chapas \u00e0s 21h30 e \u00e0s 22h30 a Banda Stew no Palco salgueiro Maia.<\/p>\n<p>No Palco Jos\u00e9 Duarte Colho a noite \u00e9 dos FH5.<\/p>\n<p><iframe loading=\"lazy\" title=\"Quim Barreiros nas Festas da Cidade do Entroncamento\" width=\"696\" height=\"392\" src=\"https:\/\/www.youtube.com\/embed\/zdIGom_GqGY?feature=oembed\" frameborder=\"0\" allow=\"accelerometer; autoplay; encrypted-media; gyroscope; picture-in-picture\" allowfullscreen><\/iframe><\/p>\n<div class=\"fb-background-color\">\n\t\t\t  <div \n\t\t\t  \tclass = \"fb-comments\" \n\t\t\t  \tdata-href = \"https:\/\/www.entroncamentoonline.pt\/portal\/entroncamento-quim-barreiros-arrasta-multidao-e-arrasa-nas-festas-de-sao-joao-e-da-cidade\/\"\n\t\t\t  \tdata-numposts = \"10\"\n\t\t\t  \tdata-lazy = \"true\"\n\t\t\t\tdata-colorscheme = \"light\"\n\t\t\t\tdata-order-by = \"social\"\n\t\t\t\tdata-mobile=true>\n\t\t\t  <\/div><\/div>\n\t\t  <style>\n\t\t    .fb-background-color {\n\t\t\t\tbackground:  !important;\n\t\t\t}\n\t\t\t.fb_iframe_widget_fluid_desktop iframe {\n\t\t\t    width: 100% !important;\n\t\t\t}\n\t\t  <\/style>\n\t\t  ","protected":false},"excerpt":{"rendered":"<p>Em noite de S\u00e3o Jo\u00e3o, Quim Barreiros levou at\u00e9 \u00e0s Festas do Entroncamento uma multid\u00e3o que encheu por completo o recinto e acessos, transformando-o num enorme arraial. Goste-se ou n\u00e3o, ningu\u00e9m resiste \u00e0s can\u00e7\u00f5es de Quim Barreiros que aos 72 anos e depois de ter dado outro concerto durante a tarde, consegue p\u00f4r toda a [&hellip;]<\/p>\n","protected":false},"author":1,"featured_media":8524,"comment_status":"open","ping_status":"closed","sticky":false,"template":"","format":"standard","meta":{"_acf_changed":false,"footnotes":""},"categories":[71],"tags":[],"class_list":{"0":"post-8521","1":"post","2":"type-post","3":"status-publish","4":"format-standard","5":"has-post-thumbnail","7":"category-outras-noticias"},"acf":[],"_links":{"self":[{"href":"https:\/\/www.entroncamentoonline.pt\/portal\/wp-json\/wp\/v2\/posts\/8521","targetHints":{"allow":["GET"]}}],"collection":[{"href":"https:\/\/www.entroncamentoonline.pt\/portal\/wp-json\/wp\/v2\/posts"}],"about":[{"href":"https:\/\/www.entroncamentoonline.pt\/portal\/wp-json\/wp\/v2\/types\/post"}],"author":[{"embeddable":true,"href":"https:\/\/www.entroncamentoonline.pt\/portal\/wp-json\/wp\/v2\/users\/1"}],"replies":[{"embeddable":true,"href":"https:\/\/www.entroncamentoonline.pt\/portal\/wp-json\/wp\/v2\/comments?post=8521"}],"version-history":[{"count":0,"href":"https:\/\/www.entroncamentoonline.pt\/portal\/wp-json\/wp\/v2\/posts\/8521\/revisions"}],"wp:featuredmedia":[{"embeddable":true,"href":"https:\/\/www.entroncamentoonline.pt\/portal\/wp-json\/wp\/v2\/media\/8524"}],"wp:attachment":[{"href":"https:\/\/www.entroncamentoonline.pt\/portal\/wp-json\/wp\/v2\/media?parent=8521"}],"wp:term":[{"taxonomy":"category","embeddable":true,"href":"https:\/\/www.entroncamentoonline.pt\/portal\/wp-json\/wp\/v2\/categories?post=8521"},{"taxonomy":"post_tag","embeddable":true,"href":"https:\/\/www.entroncamentoonline.pt\/portal\/wp-json\/wp\/v2\/tags?post=8521"}],"curies":[{"name":"wp","href":"https:\/\/api.w.org\/{rel}","templated":true}]}}