{"id":8181,"date":"2019-06-13T23:43:50","date_gmt":"2019-06-13T22:43:50","guid":{"rendered":"https:\/\/www.entroncamentoonline.pt\/portal\/?p=8181"},"modified":"2019-06-17T08:38:45","modified_gmt":"2019-06-17T07:38:45","slug":"domingo-dia-16-estao-todos-convidados-para-participarem-nas-filmagens-do-video-clip-dos-fenomenos-do-entroncamento","status":"publish","type":"post","link":"https:\/\/www.entroncamentoonline.pt\/portal\/domingo-dia-16-estao-todos-convidados-para-participarem-nas-filmagens-do-video-clip-dos-fenomenos-do-entroncamento\/","title":{"rendered":"Domingo, dia 16 | Est\u00e3o todos convidados para participarem nas filmagens do v\u00eddeo clip dos \u201cFen\u00f3menos do Entroncamento\u201d"},"content":{"rendered":"<p>As imagens finais do v\u00eddeo clip da m\u00fasica dos \u201cFen\u00f3menos do Entroncamento\u201d, com as vozes dos cantores Pedro Dyonysyo, Filipe Santos, Ricardo Costa, Valter Guia, Dominique Ventura, Ricardo Monteiro e Telmo Louren\u00e7o, v\u00e3o ser gravadas no domingo, dia 16 a partir das 16 horas na rua Engenheiro Henrique Gomes da Silva, que ser\u00e1 vedada para o efeito.<\/p>\n<p>A ideia de relan\u00e7ar os \u201cFen\u00f3menos do Entroncamento\u201d, partiu de Paula Carloto, que registou a marca e vai lan\u00e7ar um Livro sobre os Fen\u00f3menos em conjunto com uma can\u00e7\u00e3o com a participa\u00e7\u00e3o de v\u00e1rios m\u00fasicos do Entroncamento.<\/p>\n<p>No domingo v\u00e3o ser filmadas as imagens finais do v\u00eddeo clip, produzido por Pedro Dyonysyo, que inclui um desfile com lan\u00e7amento de confettis, desfile de mascotes dos fen\u00f3menos, m\u00fasicos e todos, que se querem muitos, para participarem com roupa colorida e esp\u00edrito divertido.<\/p>\n<p><img loading=\"lazy\" decoding=\"async\" class=\"size-full wp-image-8182 aligncenter\" src=\"https:\/\/www.entroncamentoonline.pt\/portal\/wp-content\/uploads\/2019\/06\/Rua-Filmagens.jpg\" alt=\"\" width=\"609\" height=\"410\" \/><\/p>\n<p>As v\u00e1rias Associa\u00e7\u00f5es do concelho s\u00e3o bem vindas ao desfile de domingo, onde ser\u00e1 cantado o refr\u00e3o da can\u00e7\u00e3o, com as vozes j\u00e1 previamente gravadas.<\/p>\n<p>Ap\u00f3s a grava\u00e7\u00e3o nesta rua do Bairro, ser\u00e3o gravadas ainda imagens \u00e0 porta do \u201cVila Franca\u201d, onde se espera tamb\u00e9m a presen\u00e7a de todos.<\/p>\n<div class=\"fb-background-color\">\n\t\t\t  <div \n\t\t\t  \tclass = \"fb-comments\" \n\t\t\t  \tdata-href = \"https:\/\/www.entroncamentoonline.pt\/portal\/domingo-dia-16-estao-todos-convidados-para-participarem-nas-filmagens-do-video-clip-dos-fenomenos-do-entroncamento\/\"\n\t\t\t  \tdata-numposts = \"10\"\n\t\t\t  \tdata-lazy = \"true\"\n\t\t\t\tdata-colorscheme = \"light\"\n\t\t\t\tdata-order-by = \"social\"\n\t\t\t\tdata-mobile=true>\n\t\t\t  <\/div><\/div>\n\t\t  <style>\n\t\t    .fb-background-color {\n\t\t\t\tbackground:  !important;\n\t\t\t}\n\t\t\t.fb_iframe_widget_fluid_desktop iframe {\n\t\t\t    width: 100% !important;\n\t\t\t}\n\t\t  <\/style>\n\t\t  ","protected":false},"excerpt":{"rendered":"<p>As imagens finais do v\u00eddeo clip da m\u00fasica dos \u201cFen\u00f3menos do Entroncamento\u201d, com as vozes dos cantores Pedro Dyonysyo, Filipe Santos, Ricardo Costa, Valter Guia, Dominique Ventura, Ricardo Monteiro e Telmo Louren\u00e7o, v\u00e3o ser gravadas no domingo, dia 16 a partir das 16 horas na rua Engenheiro Henrique Gomes da Silva, que ser\u00e1 vedada para [&hellip;]<\/p>\n","protected":false},"author":1,"featured_media":7663,"comment_status":"open","ping_status":"closed","sticky":false,"template":"","format":"standard","meta":{"_acf_changed":false,"footnotes":""},"categories":[1],"tags":[],"class_list":{"0":"post-8181","1":"post","2":"type-post","3":"status-publish","4":"format-standard","5":"has-post-thumbnail","7":"category-sem-categoria"},"acf":[],"_links":{"self":[{"href":"https:\/\/www.entroncamentoonline.pt\/portal\/wp-json\/wp\/v2\/posts\/8181","targetHints":{"allow":["GET"]}}],"collection":[{"href":"https:\/\/www.entroncamentoonline.pt\/portal\/wp-json\/wp\/v2\/posts"}],"about":[{"href":"https:\/\/www.entroncamentoonline.pt\/portal\/wp-json\/wp\/v2\/types\/post"}],"author":[{"embeddable":true,"href":"https:\/\/www.entroncamentoonline.pt\/portal\/wp-json\/wp\/v2\/users\/1"}],"replies":[{"embeddable":true,"href":"https:\/\/www.entroncamentoonline.pt\/portal\/wp-json\/wp\/v2\/comments?post=8181"}],"version-history":[{"count":0,"href":"https:\/\/www.entroncamentoonline.pt\/portal\/wp-json\/wp\/v2\/posts\/8181\/revisions"}],"wp:featuredmedia":[{"embeddable":true,"href":"https:\/\/www.entroncamentoonline.pt\/portal\/wp-json\/wp\/v2\/media\/7663"}],"wp:attachment":[{"href":"https:\/\/www.entroncamentoonline.pt\/portal\/wp-json\/wp\/v2\/media?parent=8181"}],"wp:term":[{"taxonomy":"category","embeddable":true,"href":"https:\/\/www.entroncamentoonline.pt\/portal\/wp-json\/wp\/v2\/categories?post=8181"},{"taxonomy":"post_tag","embeddable":true,"href":"https:\/\/www.entroncamentoonline.pt\/portal\/wp-json\/wp\/v2\/tags?post=8181"}],"curies":[{"name":"wp","href":"https:\/\/api.w.org\/{rel}","templated":true}]}}