{"id":8094,"date":"2019-06-12T14:25:53","date_gmt":"2019-06-12T13:25:53","guid":{"rendered":"https:\/\/www.entroncamentoonline.pt\/portal\/?p=8094"},"modified":"2019-06-12T14:25:53","modified_gmt":"2019-06-12T13:25:53","slug":"tomar-abastecimento-de-agua-no-concelho-vai-ser-todo-proveniente-da-epal","status":"publish","type":"post","link":"https:\/\/www.entroncamentoonline.pt\/portal\/tomar-abastecimento-de-agua-no-concelho-vai-ser-todo-proveniente-da-epal\/","title":{"rendered":"TOMAR | Abastecimento de \u00e1gua no concelho vai ser todo proveniente da EPAL"},"content":{"rendered":"<p style=\"text-align: justify; text-indent: 1.0cm; line-height: 150%; background: white;\"><span style=\"font-size: 12.0pt; line-height: 150%; font-family: 'Arial',sans-serif; color: black;\">O concelho de Tomar vai finalmente ser abastecido na sua totalidade por \u00e1gua proveniente da EPAL, captada na albufeira do Castelo de Bode, deixando de ser utilizada a capta\u00e7\u00e3o da Mendacha. A novidade foi dada ontem na reuni\u00e3o do executivo municipal, na sequ\u00eancia do lan\u00e7amento pela \u00c1guas do Vale do Tejo do concurso p\u00fablico para a empreitada de abastecimento \u00e0 Mendacha a partir da EPAL (Choromela), uma obra com valor base de 1,8 milh\u00f5es de euros e prazo de execu\u00e7\u00e3o de 365 dias.<\/span><\/p>\n<p style=\"text-align: justify; text-indent: 1.0cm; line-height: 150%; background: white;\"><span style=\"font-size: 12.0pt; line-height: 150%; font-family: 'Arial',sans-serif; color: black;\">Ap\u00f3s longa insist\u00eancia do Munic\u00edpio, ficar\u00e3o assim criadas as condi\u00e7\u00f5es para que todos os habitantes do concelho tenham acesso a \u00e1gua com a mesma qualidade de abastecimento.<\/span><\/p>\n<div class=\"fb-background-color\">\n\t\t\t  <div \n\t\t\t  \tclass = \"fb-comments\" \n\t\t\t  \tdata-href = \"https:\/\/www.entroncamentoonline.pt\/portal\/tomar-abastecimento-de-agua-no-concelho-vai-ser-todo-proveniente-da-epal\/\"\n\t\t\t  \tdata-numposts = \"10\"\n\t\t\t  \tdata-lazy = \"true\"\n\t\t\t\tdata-colorscheme = \"light\"\n\t\t\t\tdata-order-by = \"social\"\n\t\t\t\tdata-mobile=true>\n\t\t\t  <\/div><\/div>\n\t\t  <style>\n\t\t    .fb-background-color {\n\t\t\t\tbackground:  !important;\n\t\t\t}\n\t\t\t.fb_iframe_widget_fluid_desktop iframe {\n\t\t\t    width: 100% !important;\n\t\t\t}\n\t\t  <\/style>\n\t\t  ","protected":false},"excerpt":{"rendered":"<p>O concelho de Tomar vai finalmente ser abastecido na sua totalidade por \u00e1gua proveniente da EPAL, captada na albufeira do Castelo de Bode, deixando de ser utilizada a capta\u00e7\u00e3o da Mendacha. A novidade foi dada ontem na reuni\u00e3o do executivo municipal, na sequ\u00eancia do lan\u00e7amento pela \u00c1guas do Vale do Tejo do concurso p\u00fablico para [&hellip;]<\/p>\n","protected":false},"author":1,"featured_media":0,"comment_status":"open","ping_status":"closed","sticky":false,"template":"","format":"standard","meta":{"_acf_changed":false,"footnotes":""},"categories":[51],"tags":[],"class_list":{"0":"post-8094","1":"post","2":"type-post","3":"status-publish","4":"format-standard","6":"category-breves"},"acf":[],"_links":{"self":[{"href":"https:\/\/www.entroncamentoonline.pt\/portal\/wp-json\/wp\/v2\/posts\/8094","targetHints":{"allow":["GET"]}}],"collection":[{"href":"https:\/\/www.entroncamentoonline.pt\/portal\/wp-json\/wp\/v2\/posts"}],"about":[{"href":"https:\/\/www.entroncamentoonline.pt\/portal\/wp-json\/wp\/v2\/types\/post"}],"author":[{"embeddable":true,"href":"https:\/\/www.entroncamentoonline.pt\/portal\/wp-json\/wp\/v2\/users\/1"}],"replies":[{"embeddable":true,"href":"https:\/\/www.entroncamentoonline.pt\/portal\/wp-json\/wp\/v2\/comments?post=8094"}],"version-history":[{"count":0,"href":"https:\/\/www.entroncamentoonline.pt\/portal\/wp-json\/wp\/v2\/posts\/8094\/revisions"}],"wp:attachment":[{"href":"https:\/\/www.entroncamentoonline.pt\/portal\/wp-json\/wp\/v2\/media?parent=8094"}],"wp:term":[{"taxonomy":"category","embeddable":true,"href":"https:\/\/www.entroncamentoonline.pt\/portal\/wp-json\/wp\/v2\/categories?post=8094"},{"taxonomy":"post_tag","embeddable":true,"href":"https:\/\/www.entroncamentoonline.pt\/portal\/wp-json\/wp\/v2\/tags?post=8094"}],"curies":[{"name":"wp","href":"https:\/\/api.w.org\/{rel}","templated":true}]}}