{"id":8000,"date":"2019-06-11T16:23:38","date_gmt":"2019-06-11T15:23:38","guid":{"rendered":"https:\/\/www.entroncamentoonline.pt\/portal\/?p=8000"},"modified":"2019-06-12T09:07:17","modified_gmt":"2019-06-12T08:07:17","slug":"feira-do-tejo-2019-vila-nova-da-barquinha-em-festa-ate-dia-13","status":"publish","type":"post","link":"https:\/\/www.entroncamentoonline.pt\/portal\/feira-do-tejo-2019-vila-nova-da-barquinha-em-festa-ate-dia-13\/","title":{"rendered":"FEIRA DO TEJO 2019 | Vila Nova da Barquinha em Festa at\u00e9 dia 13"},"content":{"rendered":"<p>Decorre at\u00e9 dia 13 de junho no Parque Ribeirinho de Vila Nova da Barquinha a 33.\u00aa edi\u00e7\u00e3o da Feira do Tejo, com artesanato, tasquinhas e anima\u00e7\u00e3o para toda a fam\u00edlia.<\/p>\n<p>Depois de no s\u00e1bado os HMB terem aberto as festas para uma vasta plateia, no domingo o Teatro do Mar INSOMNIO acabadinhos de chegar de Barcelona, ocuparam o palco principal.<\/p>\n<p><iframe loading=\"lazy\" title=\"Insomnio\" width=\"696\" height=\"522\" src=\"https:\/\/www.youtube.com\/embed\/RfSIUZptp0o?feature=oembed\" frameborder=\"0\" allow=\"accelerometer; autoplay; encrypted-media; gyroscope; picture-in-picture\" allowfullscreen><\/iframe><\/p>\n<p>Os espet\u00e1culos do Insomnio refletem, na sua generalidade, essencialmente sobre tem\u00e1ticas cujo enfoque \u00e9 o homem contempor\u00e2neo e a sua condi\u00e7\u00e3o existencial face a uma ideia de progresso e a consequente transforma\u00e7\u00e3o da sua identidade e das suas mem\u00f3rias afetivas e culturais.<\/p>\n<p>Na segunda-feira a noite foi de Gl\u00f3ria com Carlos Barquinha e os 100 Stress que atuaram com artistas do concelho.<\/p>\n<p>No Parque Ribeirinho antes de jantar Pedro Dyonysyo &amp; Banda animaram a zona das tasquinhas.<\/p>\n<p>A fechar a noite foi a vez dos SEDE \u2013 Tributo ao Rock Portugu\u00eas, banda de Tomar que facilmente conquistaram o p\u00fablico em Dia de Portugal.<\/p>\n<p>Para hoje dia 11 de junho o Programa \u00e9 o seguinte:<\/p>\n<p>19h00 | Palco Ribeirinho<br \/>\nGuardi\u00f5es do Palco\u00a0\u2013 m\u00fasica<br \/>\n19h00 | concentra\u00e7\u00e3o junto Centro Cultural<br \/>\nCaminhada dos Artistas\u00a0&#8211; Percurso Ribeirinho<br \/>\n22h00 | Palco Principal<br \/>\nALIVE &#8211; Tributo a Pearl Jam\u00a0\u2013 m\u00fasica<br \/>\n00h00 | Palco Ribeirinho<br \/>\nSom pa&#8217;tudo\u00a0\u2013 m\u00fasica<\/p>\n<p>Fotos: P\u00e9rsio Basso; Jo\u00e3o Marques Alves<\/p>\n\r\n                <style type=\"text\/css\">\r\n                    \r\n                    #tdi_1  .td-doubleSlider-2 .td-item1 {\r\n                        background: url(https:\/\/www.entroncamentoonline.pt\/portal\/wp-content\/uploads\/2019\/06\/FeiraTejo1-80x60.jpg) 0 0 no-repeat;\r\n                    }\r\n                    #tdi_1  .td-doubleSlider-2 .td-item2 {\r\n                        background: url(https:\/\/www.entroncamentoonline.pt\/portal\/wp-content\/uploads\/2019\/06\/FeiraTejo15-80x60.jpg) 0 0 no-repeat;\r\n                    }\r\n                    #tdi_1  .td-doubleSlider-2 .td-item3 {\r\n                        background: url(https:\/\/www.entroncamentoonline.pt\/portal\/wp-content\/uploads\/2019\/06\/FeiraTejo14-80x60.jpg) 0 0 no-repeat;\r\n                    }\r\n                    #tdi_1  .td-doubleSlider-2 .td-item4 {\r\n                        background: url(https:\/\/www.entroncamentoonline.pt\/portal\/wp-content\/uploads\/2019\/06\/FeiraTejo13-80x60.jpg) 0 0 no-repeat;\r\n                    }\r\n                    #tdi_1  .td-doubleSlider-2 .td-item5 {\r\n                        background: url(https:\/\/www.entroncamentoonline.pt\/portal\/wp-content\/uploads\/2019\/06\/FeiraTejo12-80x60.jpg) 0 0 no-repeat;\r\n                    }\r\n                    #tdi_1  .td-doubleSlider-2 .td-item6 {\r\n                        background: url(https:\/\/www.entroncamentoonline.pt\/portal\/wp-content\/uploads\/2019\/06\/FeiraTejo11-80x60.jpg) 0 0 no-repeat;\r\n                    }\r\n                    #tdi_1  .td-doubleSlider-2 .td-item7 {\r\n                        background: url(https:\/\/www.entroncamentoonline.pt\/portal\/wp-content\/uploads\/2019\/06\/FeiraTejo10-80x60.jpg) 0 0 no-repeat;\r\n                    }\r\n                    #tdi_1  .td-doubleSlider-2 .td-item8 {\r\n                        background: url(https:\/\/www.entroncamentoonline.pt\/portal\/wp-content\/uploads\/2019\/06\/FeiraTejo9-80x60.jpg) 0 0 no-repeat;\r\n                    }\r\n                    #tdi_1  .td-doubleSlider-2 .td-item9 {\r\n                        background: url(https:\/\/www.entroncamentoonline.pt\/portal\/wp-content\/uploads\/2019\/06\/FeiraTejo8-80x60.jpg) 0 0 no-repeat;\r\n                    }\r\n                    #tdi_1  .td-doubleSlider-2 .td-item10 {\r\n                        background: url(https:\/\/www.entroncamentoonline.pt\/portal\/wp-content\/uploads\/2019\/06\/FeiraTejo7-80x60.jpg) 0 0 no-repeat;\r\n                    }\r\n                    #tdi_1  .td-doubleSlider-2 .td-item11 {\r\n                        background: url(https:\/\/www.entroncamentoonline.pt\/portal\/wp-content\/uploads\/2019\/06\/FeiraTejo6-80x60.jpg) 0 0 no-repeat;\r\n                    }\r\n                    #tdi_1  .td-doubleSlider-2 .td-item12 {\r\n                        background: url(https:\/\/www.entroncamentoonline.pt\/portal\/wp-content\/uploads\/2019\/06\/FeiraTejo5-80x60.jpg) 0 0 no-repeat;\r\n                    }\r\n                    #tdi_1  .td-doubleSlider-2 .td-item13 {\r\n                        background: url(https:\/\/www.entroncamentoonline.pt\/portal\/wp-content\/uploads\/2019\/06\/FeiraTejo4-80x60.jpg) 0 0 no-repeat;\r\n                    }\r\n                    #tdi_1  .td-doubleSlider-2 .td-item14 {\r\n                        background: url(https:\/\/www.entroncamentoonline.pt\/portal\/wp-content\/uploads\/2019\/06\/FeiraTejo3-80x60.jpg) 0 0 no-repeat;\r\n                    }\r\n                    #tdi_1  .td-doubleSlider-2 .td-item15 {\r\n                        background: url(https:\/\/www.entroncamentoonline.pt\/portal\/wp-content\/uploads\/2019\/06\/FeiraTejo2-80x60.jpg) 0 0 no-repeat;\r\n                    }\r\n                    #tdi_1  .td-doubleSlider-2 .td-item16 {\r\n                        background: url(https:\/\/www.entroncamentoonline.pt\/portal\/wp-content\/uploads\/2019\/06\/FeiraTejo16-80x60.jpg) 0 0 no-repeat;\r\n                    }\r\n                    #tdi_1  .td-doubleSlider-2 .td-item17 {\r\n                        background: url(https:\/\/www.entroncamentoonline.pt\/portal\/wp-content\/uploads\/2019\/06\/FeiraTejo17-80x60.jpg) 0 0 no-repeat;\r\n                    }\r\n                <\/style>\r\n\r\n                <div id=\"tdi_1\" class=\"td-gallery td-slide-on-2-columns\">\r\n                    <div class=\"post_td_gallery\">\r\n                        <div class=\"td-gallery-slide-top\">\r\n                           <div class=\"td-gallery-title\"><\/div>\r\n\r\n                            <div class=\"td-gallery-controls-wrapper\">\r\n                                <div class=\"td-gallery-slide-count\"><span class=\"td-gallery-slide-item-focus\">1<\/span> de 17<\/div>\r\n                                <div class=\"td-gallery-slide-prev-next-but\">\r\n                                    <i class = \"td-icon-left doubleSliderPrevButton\"><\/i>\r\n                                    <i class = \"td-icon-right doubleSliderNextButton\"><\/i>\r\n                                <\/div>\r\n                            <\/div>\r\n                        <\/div>\r\n\r\n                        <div class = \"td-doubleSlider-1 \">\r\n                            <div class = \"td-slider\">\r\n                                \r\n                    <div class = \"td-slide-item td-item1\">\r\n                        <figure class=\"td-slide-galery-figure td-slide-popup-gallery\">\r\n                            <a class=\"slide-gallery-image-link\" href=\"https:\/\/www.entroncamentoonline.pt\/portal\/wp-content\/uploads\/2019\/06\/FeiraTejo1.jpg\" title=\"FeiraTejo1\"  data-caption=\"Fotos de P\u00e9rsio Basso e Jo\u00e3o Marques Alves\"  data-description=\"\">\r\n                                <img decoding=\"async\" src=\"https:\/\/www.entroncamentoonline.pt\/portal\/wp-content\/uploads\/2019\/06\/FeiraTejo1.jpg\" alt=\"\">\r\n                            <\/a>\r\n                            <figcaption class = \"td-slide-caption td-gallery-slide-content\"><div class = \"td-gallery-slide-copywrite\">Fotos de P\u00e9rsio Basso e Jo\u00e3o Marques Alves<\/div><\/figcaption>\r\n                        <\/figure>\r\n                    <\/div>\r\n                    <div class = \"td-slide-item td-item2\">\r\n                        <figure class=\"td-slide-galery-figure td-slide-popup-gallery\">\r\n                            <a class=\"slide-gallery-image-link\" href=\"https:\/\/www.entroncamentoonline.pt\/portal\/wp-content\/uploads\/2019\/06\/FeiraTejo15.jpg\" title=\"FeiraTejo15\"  data-caption=\"Fotos de P\u00e9rsio Basso e Jo\u00e3o Marques Alves\"  data-description=\"\">\r\n                                <img decoding=\"async\" src=\"https:\/\/www.entroncamentoonline.pt\/portal\/wp-content\/uploads\/2019\/06\/FeiraTejo15.jpg\" alt=\"\">\r\n                            <\/a>\r\n                            <figcaption class = \"td-slide-caption td-gallery-slide-content\"><div class = \"td-gallery-slide-copywrite\">Fotos de P\u00e9rsio Basso e Jo\u00e3o Marques Alves<\/div><\/figcaption>\r\n                        <\/figure>\r\n                    <\/div>\r\n                    <div class = \"td-slide-item td-item3\">\r\n                        <figure class=\"td-slide-galery-figure td-slide-popup-gallery\">\r\n                            <a class=\"slide-gallery-image-link\" href=\"https:\/\/www.entroncamentoonline.pt\/portal\/wp-content\/uploads\/2019\/06\/FeiraTejo14.jpg\" title=\"FeiraTejo14\"  data-caption=\"Fotos de P\u00e9rsio Basso e Jo\u00e3o Marques Alves\"  data-description=\"\">\r\n                                <img decoding=\"async\" src=\"https:\/\/www.entroncamentoonline.pt\/portal\/wp-content\/uploads\/2019\/06\/FeiraTejo14-279x420.jpg\" srcset=\"https:\/\/www.entroncamentoonline.pt\/portal\/wp-content\/uploads\/2019\/06\/FeiraTejo14-279x420.jpg 279w, https:\/\/www.entroncamentoonline.pt\/portal\/wp-content\/uploads\/2019\/06\/FeiraTejo14.jpg 407w\" sizes=\"(max-width: 279px) 100vw, 279px\" alt=\"\">\r\n                            <\/a>\r\n                            <figcaption class = \"td-slide-caption td-gallery-slide-content\"><div class = \"td-gallery-slide-copywrite\">Fotos de P\u00e9rsio Basso e Jo\u00e3o Marques Alves<\/div><\/figcaption>\r\n                        <\/figure>\r\n                    <\/div>\r\n                    <div class = \"td-slide-item td-item4\">\r\n                        <figure class=\"td-slide-galery-figure td-slide-popup-gallery\">\r\n                            <a class=\"slide-gallery-image-link\" href=\"https:\/\/www.entroncamentoonline.pt\/portal\/wp-content\/uploads\/2019\/06\/FeiraTejo13.jpg\" title=\"FeiraTejo13\"  data-caption=\"Fotos de P\u00e9rsio Basso e Jo\u00e3o Marques Alves\"  data-description=\"\">\r\n                                <img decoding=\"async\" src=\"https:\/\/www.entroncamentoonline.pt\/portal\/wp-content\/uploads\/2019\/06\/FeiraTejo13.jpg\" alt=\"\">\r\n                            <\/a>\r\n                            <figcaption class = \"td-slide-caption td-gallery-slide-content\"><div class = \"td-gallery-slide-copywrite\">Fotos de P\u00e9rsio Basso e Jo\u00e3o Marques Alves<\/div><\/figcaption>\r\n                        <\/figure>\r\n                    <\/div>\r\n                    <div class = \"td-slide-item td-item5\">\r\n                        <figure class=\"td-slide-galery-figure td-slide-popup-gallery\">\r\n                            <a class=\"slide-gallery-image-link\" href=\"https:\/\/www.entroncamentoonline.pt\/portal\/wp-content\/uploads\/2019\/06\/FeiraTejo12.jpg\" title=\"FeiraTejo12\"  data-caption=\"Fotos de P\u00e9rsio Basso e Jo\u00e3o Marques Alves\"  data-description=\"\">\r\n                                <img decoding=\"async\" src=\"https:\/\/www.entroncamentoonline.pt\/portal\/wp-content\/uploads\/2019\/06\/FeiraTejo12.jpg\" alt=\"\">\r\n                            <\/a>\r\n                            <figcaption class = \"td-slide-caption td-gallery-slide-content\"><div class = \"td-gallery-slide-copywrite\">Fotos de P\u00e9rsio Basso e Jo\u00e3o Marques Alves<\/div><\/figcaption>\r\n                        <\/figure>\r\n                    <\/div>\r\n                    <div class = \"td-slide-item td-item6\">\r\n                        <figure class=\"td-slide-galery-figure td-slide-popup-gallery\">\r\n                            <a class=\"slide-gallery-image-link\" href=\"https:\/\/www.entroncamentoonline.pt\/portal\/wp-content\/uploads\/2019\/06\/FeiraTejo11.jpg\" title=\"FeiraTejo11\"  data-caption=\"Fotos de P\u00e9rsio Basso e Jo\u00e3o Marques Alves\"  data-description=\"\">\r\n                                <img decoding=\"async\" src=\"https:\/\/www.entroncamentoonline.pt\/portal\/wp-content\/uploads\/2019\/06\/FeiraTejo11.jpg\" alt=\"\">\r\n                            <\/a>\r\n                            <figcaption class = \"td-slide-caption td-gallery-slide-content\"><div class = \"td-gallery-slide-copywrite\">Fotos de P\u00e9rsio Basso e Jo\u00e3o Marques Alves<\/div><\/figcaption>\r\n                        <\/figure>\r\n                    <\/div>\r\n                    <div class = \"td-slide-item td-item7\">\r\n                        <figure class=\"td-slide-galery-figure td-slide-popup-gallery\">\r\n                            <a class=\"slide-gallery-image-link\" href=\"https:\/\/www.entroncamentoonline.pt\/portal\/wp-content\/uploads\/2019\/06\/FeiraTejo10.jpg\" title=\"FeiraTejo10\"  data-caption=\"Fotos de P\u00e9rsio Basso e Jo\u00e3o Marques Alves\"  data-description=\"\">\r\n                                <img decoding=\"async\" src=\"https:\/\/www.entroncamentoonline.pt\/portal\/wp-content\/uploads\/2019\/06\/FeiraTejo10.jpg\" alt=\"\">\r\n                            <\/a>\r\n                            <figcaption class = \"td-slide-caption td-gallery-slide-content\"><div class = \"td-gallery-slide-copywrite\">Fotos de P\u00e9rsio Basso e Jo\u00e3o Marques Alves<\/div><\/figcaption>\r\n                        <\/figure>\r\n                    <\/div>\r\n                    <div class = \"td-slide-item td-item8\">\r\n                        <figure class=\"td-slide-galery-figure td-slide-popup-gallery\">\r\n                            <a class=\"slide-gallery-image-link\" href=\"https:\/\/www.entroncamentoonline.pt\/portal\/wp-content\/uploads\/2019\/06\/FeiraTejo9.jpg\" title=\"FeiraTejo9\"  data-caption=\"Fotos de P\u00e9rsio Basso e Jo\u00e3o Marques Alves\"  data-description=\"\">\r\n                                <img decoding=\"async\" src=\"https:\/\/www.entroncamentoonline.pt\/portal\/wp-content\/uploads\/2019\/06\/FeiraTejo9.jpg\" alt=\"\">\r\n                            <\/a>\r\n                            <figcaption class = \"td-slide-caption td-gallery-slide-content\"><div class = \"td-gallery-slide-copywrite\">Fotos de P\u00e9rsio Basso e Jo\u00e3o Marques Alves<\/div><\/figcaption>\r\n                        <\/figure>\r\n                    <\/div>\r\n                    <div class = \"td-slide-item td-item9\">\r\n                        <figure class=\"td-slide-galery-figure td-slide-popup-gallery\">\r\n                            <a class=\"slide-gallery-image-link\" href=\"https:\/\/www.entroncamentoonline.pt\/portal\/wp-content\/uploads\/2019\/06\/FeiraTejo8.jpg\" title=\"FeiraTejo8\"  data-caption=\"Fotos de P\u00e9rsio Basso e Jo\u00e3o Marques Alves\"  data-description=\"\">\r\n                                <img decoding=\"async\" src=\"https:\/\/www.entroncamentoonline.pt\/portal\/wp-content\/uploads\/2019\/06\/FeiraTejo8.jpg\" alt=\"\">\r\n                            <\/a>\r\n                            <figcaption class = \"td-slide-caption td-gallery-slide-content\"><div class = \"td-gallery-slide-copywrite\">Fotos de P\u00e9rsio Basso e Jo\u00e3o Marques Alves<\/div><\/figcaption>\r\n                        <\/figure>\r\n                    <\/div>\r\n                    <div class = \"td-slide-item td-item10\">\r\n                        <figure class=\"td-slide-galery-figure td-slide-popup-gallery\">\r\n                            <a class=\"slide-gallery-image-link\" href=\"https:\/\/www.entroncamentoonline.pt\/portal\/wp-content\/uploads\/2019\/06\/FeiraTejo7.jpg\" title=\"FeiraTejo7\"  data-caption=\"Fotos de P\u00e9rsio Basso e Jo\u00e3o Marques Alves\"  data-description=\"\">\r\n                                <img decoding=\"async\" src=\"https:\/\/www.entroncamentoonline.pt\/portal\/wp-content\/uploads\/2019\/06\/FeiraTejo7.jpg\" alt=\"\">\r\n                            <\/a>\r\n                            <figcaption class = \"td-slide-caption td-gallery-slide-content\"><div class = \"td-gallery-slide-copywrite\">Fotos de P\u00e9rsio Basso e Jo\u00e3o Marques Alves<\/div><\/figcaption>\r\n                        <\/figure>\r\n                    <\/div>\r\n                    <div class = \"td-slide-item td-item11\">\r\n                        <figure class=\"td-slide-galery-figure td-slide-popup-gallery\">\r\n                            <a class=\"slide-gallery-image-link\" href=\"https:\/\/www.entroncamentoonline.pt\/portal\/wp-content\/uploads\/2019\/06\/FeiraTejo6.jpg\" title=\"FeiraTejo6\"  data-caption=\"Fotos de P\u00e9rsio Basso e Jo\u00e3o Marques Alves\"  data-description=\"\">\r\n                                <img decoding=\"async\" src=\"https:\/\/www.entroncamentoonline.pt\/portal\/wp-content\/uploads\/2019\/06\/FeiraTejo6.jpg\" alt=\"\">\r\n                            <\/a>\r\n                            <figcaption class = \"td-slide-caption td-gallery-slide-content\"><div class = \"td-gallery-slide-copywrite\">Fotos de P\u00e9rsio Basso e Jo\u00e3o Marques Alves<\/div><\/figcaption>\r\n                        <\/figure>\r\n                    <\/div>\r\n                    <div class = \"td-slide-item td-item12\">\r\n                        <figure class=\"td-slide-galery-figure td-slide-popup-gallery\">\r\n                            <a class=\"slide-gallery-image-link\" href=\"https:\/\/www.entroncamentoonline.pt\/portal\/wp-content\/uploads\/2019\/06\/FeiraTejo5.jpg\" title=\"FeiraTejo5\"  data-caption=\"Fotos de P\u00e9rsio Basso e Jo\u00e3o Marques Alves\"  data-description=\"\">\r\n                                <img decoding=\"async\" src=\"https:\/\/www.entroncamentoonline.pt\/portal\/wp-content\/uploads\/2019\/06\/FeiraTejo5.jpg\" alt=\"\">\r\n                            <\/a>\r\n                            <figcaption class = \"td-slide-caption td-gallery-slide-content\"><div class = \"td-gallery-slide-copywrite\">Fotos de P\u00e9rsio Basso e Jo\u00e3o Marques Alves<\/div><\/figcaption>\r\n                        <\/figure>\r\n                    <\/div>\r\n                    <div class = \"td-slide-item td-item13\">\r\n                        <figure class=\"td-slide-galery-figure td-slide-popup-gallery\">\r\n                            <a class=\"slide-gallery-image-link\" href=\"https:\/\/www.entroncamentoonline.pt\/portal\/wp-content\/uploads\/2019\/06\/FeiraTejo4.jpg\" title=\"FeiraTejo4\"  data-caption=\"Fotos de P\u00e9rsio Basso e Jo\u00e3o Marques Alves\"  data-description=\"\">\r\n                                <img decoding=\"async\" src=\"https:\/\/www.entroncamentoonline.pt\/portal\/wp-content\/uploads\/2019\/06\/FeiraTejo4.jpg\" alt=\"\">\r\n                            <\/a>\r\n                            <figcaption class = \"td-slide-caption td-gallery-slide-content\"><div class = \"td-gallery-slide-copywrite\">Fotos de P\u00e9rsio Basso e Jo\u00e3o Marques Alves<\/div><\/figcaption>\r\n                        <\/figure>\r\n                    <\/div>\r\n                    <div class = \"td-slide-item td-item14\">\r\n                        <figure class=\"td-slide-galery-figure td-slide-popup-gallery\">\r\n                            <a class=\"slide-gallery-image-link\" href=\"https:\/\/www.entroncamentoonline.pt\/portal\/wp-content\/uploads\/2019\/06\/FeiraTejo3.jpg\" title=\"FeiraTejo3\"  data-caption=\"Fotos de P\u00e9rsio Basso e Jo\u00e3o Marques Alves\"  data-description=\"\">\r\n                                <img decoding=\"async\" src=\"https:\/\/www.entroncamentoonline.pt\/portal\/wp-content\/uploads\/2019\/06\/FeiraTejo3.jpg\" alt=\"\">\r\n                            <\/a>\r\n                            <figcaption class = \"td-slide-caption td-gallery-slide-content\"><div class = \"td-gallery-slide-copywrite\">Fotos de P\u00e9rsio Basso e Jo\u00e3o Marques Alves<\/div><\/figcaption>\r\n                        <\/figure>\r\n                    <\/div>\r\n                    <div class = \"td-slide-item td-item15\">\r\n                        <figure class=\"td-slide-galery-figure td-slide-popup-gallery\">\r\n                            <a class=\"slide-gallery-image-link\" href=\"https:\/\/www.entroncamentoonline.pt\/portal\/wp-content\/uploads\/2019\/06\/FeiraTejo2.jpg\" title=\"FeiraTejo2\"  data-caption=\"Fotos de P\u00e9rsio Basso e Jo\u00e3o Marques Alves\"  data-description=\"\">\r\n                                <img decoding=\"async\" src=\"https:\/\/www.entroncamentoonline.pt\/portal\/wp-content\/uploads\/2019\/06\/FeiraTejo2.jpg\" alt=\"\">\r\n                            <\/a>\r\n                            <figcaption class = \"td-slide-caption td-gallery-slide-content\"><div class = \"td-gallery-slide-copywrite\">Fotos de P\u00e9rsio Basso e Jo\u00e3o Marques Alves<\/div><\/figcaption>\r\n                        <\/figure>\r\n                    <\/div>\r\n                    <div class = \"td-slide-item td-item16\">\r\n                        <figure class=\"td-slide-galery-figure td-slide-popup-gallery\">\r\n                            <a class=\"slide-gallery-image-link\" href=\"https:\/\/www.entroncamentoonline.pt\/portal\/wp-content\/uploads\/2019\/06\/FeiraTejo16.jpg\" title=\"FeiraTejo16\"  data-caption=\"Fotos de P\u00e9rsio Basso e Jo\u00e3o Marques Alves\"  data-description=\"\">\r\n                                <img decoding=\"async\" src=\"https:\/\/www.entroncamentoonline.pt\/portal\/wp-content\/uploads\/2019\/06\/FeiraTejo16.jpg\" alt=\"\">\r\n                            <\/a>\r\n                            <figcaption class = \"td-slide-caption td-gallery-slide-content\"><div class = \"td-gallery-slide-copywrite\">Fotos de P\u00e9rsio Basso e Jo\u00e3o Marques Alves<\/div><\/figcaption>\r\n                        <\/figure>\r\n                    <\/div>\r\n                    <div class = \"td-slide-item td-item17\">\r\n                        <figure class=\"td-slide-galery-figure td-slide-popup-gallery\">\r\n                            <a class=\"slide-gallery-image-link\" href=\"https:\/\/www.entroncamentoonline.pt\/portal\/wp-content\/uploads\/2019\/06\/FeiraTejo17.jpg\" title=\"FeiraTejo17\"  data-caption=\"Fotos de P\u00e9rsio Basso e Jo\u00e3o Marques Alves\"  data-description=\"\">\r\n                                <img decoding=\"async\" src=\"https:\/\/www.entroncamentoonline.pt\/portal\/wp-content\/uploads\/2019\/06\/FeiraTejo17.jpg\" alt=\"\">\r\n                            <\/a>\r\n                            <figcaption class = \"td-slide-caption td-gallery-slide-content\"><div class = \"td-gallery-slide-copywrite\">Fotos de P\u00e9rsio Basso e Jo\u00e3o Marques Alves<\/div><\/figcaption>\r\n                        <\/figure>\r\n                    <\/div>\r\n                            <\/div>\r\n                        <\/div>\r\n\r\n                        <div class = \"td-doubleSlider-2\">\r\n                            <div class = \"td-slider\">\r\n                                \r\n                    <div class = \"td-button td-item1\">\r\n                        <div class = \"td-border\"><\/div>\r\n                    <\/div>\r\n                    <div class = \"td-button td-item2\">\r\n                        <div class = \"td-border\"><\/div>\r\n                    <\/div>\r\n                    <div class = \"td-button td-item3\">\r\n                        <div class = \"td-border\"><\/div>\r\n                    <\/div>\r\n                    <div class = \"td-button td-item4\">\r\n                        <div class = \"td-border\"><\/div>\r\n                    <\/div>\r\n                    <div class = \"td-button td-item5\">\r\n                        <div class = \"td-border\"><\/div>\r\n                    <\/div>\r\n                    <div class = \"td-button td-item6\">\r\n                        <div class = \"td-border\"><\/div>\r\n                    <\/div>\r\n                    <div class = \"td-button td-item7\">\r\n                        <div class = \"td-border\"><\/div>\r\n                    <\/div>\r\n                    <div class = \"td-button td-item8\">\r\n                        <div class = \"td-border\"><\/div>\r\n                    <\/div>\r\n                    <div class = \"td-button td-item9\">\r\n                        <div class = \"td-border\"><\/div>\r\n                    <\/div>\r\n                    <div class = \"td-button td-item10\">\r\n                        <div class = \"td-border\"><\/div>\r\n                    <\/div>\r\n                    <div class = \"td-button td-item11\">\r\n                        <div class = \"td-border\"><\/div>\r\n                    <\/div>\r\n                    <div class = \"td-button td-item12\">\r\n                        <div class = \"td-border\"><\/div>\r\n                    <\/div>\r\n                    <div class = \"td-button td-item13\">\r\n                        <div class = \"td-border\"><\/div>\r\n                    <\/div>\r\n                    <div class = \"td-button td-item14\">\r\n                        <div class = \"td-border\"><\/div>\r\n                    <\/div>\r\n                    <div class = \"td-button td-item15\">\r\n                        <div class = \"td-border\"><\/div>\r\n                    <\/div>\r\n                    <div class = \"td-button td-item16\">\r\n                        <div class = \"td-border\"><\/div>\r\n                    <\/div>\r\n                    <div class = \"td-button td-item17\">\r\n                        <div class = \"td-border\"><\/div>\r\n                    <\/div>\r\n                            <\/div>\r\n                        <\/div>\r\n\r\n                    <\/div>\r\n\r\n                <\/div>\r\n                \n<div class=\"fb-background-color\">\n\t\t\t  <div \n\t\t\t  \tclass = \"fb-comments\" \n\t\t\t  \tdata-href = \"https:\/\/www.entroncamentoonline.pt\/portal\/feira-do-tejo-2019-vila-nova-da-barquinha-em-festa-ate-dia-13\/\"\n\t\t\t  \tdata-numposts = \"10\"\n\t\t\t  \tdata-lazy = \"true\"\n\t\t\t\tdata-colorscheme = \"light\"\n\t\t\t\tdata-order-by = \"social\"\n\t\t\t\tdata-mobile=true>\n\t\t\t  <\/div><\/div>\n\t\t  <style>\n\t\t    .fb-background-color {\n\t\t\t\tbackground:  !important;\n\t\t\t}\n\t\t\t.fb_iframe_widget_fluid_desktop iframe {\n\t\t\t    width: 100% !important;\n\t\t\t}\n\t\t  <\/style>\n\t\t  ","protected":false},"excerpt":{"rendered":"<p>Decorre at\u00e9 dia 13 de junho no Parque Ribeirinho de Vila Nova da Barquinha a 33.\u00aa edi\u00e7\u00e3o da Feira do Tejo, com artesanato, tasquinhas e anima\u00e7\u00e3o para toda a fam\u00edlia. Depois de no s\u00e1bado os HMB terem aberto as festas para uma vasta plateia, no domingo o Teatro do Mar INSOMNIO acabadinhos de chegar de [&hellip;]<\/p>\n","protected":false},"author":1,"featured_media":8002,"comment_status":"open","ping_status":"closed","sticky":false,"template":"","format":"standard","meta":{"_acf_changed":false,"footnotes":""},"categories":[32,38],"tags":[],"class_list":{"0":"post-8000","1":"post","2":"type-post","3":"status-publish","4":"format-standard","5":"has-post-thumbnail","7":"category-noticias","8":"category-v-n-barquinha"},"acf":[],"_links":{"self":[{"href":"https:\/\/www.entroncamentoonline.pt\/portal\/wp-json\/wp\/v2\/posts\/8000","targetHints":{"allow":["GET"]}}],"collection":[{"href":"https:\/\/www.entroncamentoonline.pt\/portal\/wp-json\/wp\/v2\/posts"}],"about":[{"href":"https:\/\/www.entroncamentoonline.pt\/portal\/wp-json\/wp\/v2\/types\/post"}],"author":[{"embeddable":true,"href":"https:\/\/www.entroncamentoonline.pt\/portal\/wp-json\/wp\/v2\/users\/1"}],"replies":[{"embeddable":true,"href":"https:\/\/www.entroncamentoonline.pt\/portal\/wp-json\/wp\/v2\/comments?post=8000"}],"version-history":[{"count":0,"href":"https:\/\/www.entroncamentoonline.pt\/portal\/wp-json\/wp\/v2\/posts\/8000\/revisions"}],"wp:featuredmedia":[{"embeddable":true,"href":"https:\/\/www.entroncamentoonline.pt\/portal\/wp-json\/wp\/v2\/media\/8002"}],"wp:attachment":[{"href":"https:\/\/www.entroncamentoonline.pt\/portal\/wp-json\/wp\/v2\/media?parent=8000"}],"wp:term":[{"taxonomy":"category","embeddable":true,"href":"https:\/\/www.entroncamentoonline.pt\/portal\/wp-json\/wp\/v2\/categories?post=8000"},{"taxonomy":"post_tag","embeddable":true,"href":"https:\/\/www.entroncamentoonline.pt\/portal\/wp-json\/wp\/v2\/tags?post=8000"}],"curies":[{"name":"wp","href":"https:\/\/api.w.org\/{rel}","templated":true}]}}