{"id":7962,"date":"2019-06-11T10:44:36","date_gmt":"2019-06-11T09:44:36","guid":{"rendered":"https:\/\/www.entroncamentoonline.pt\/portal\/?p=7962"},"modified":"2019-06-11T10:44:36","modified_gmt":"2019-06-11T09:44:36","slug":"triatlo-de-torres-novas-conquista-3o-lugar-em-peniche","status":"publish","type":"post","link":"https:\/\/www.entroncamentoonline.pt\/portal\/triatlo-de-torres-novas-conquista-3o-lugar-em-peniche\/","title":{"rendered":"Triatlo de Torres Novas conquista 3\u00ba lugar em Peniche"},"content":{"rendered":"<p>O Triatlo do Clube de Nata\u00e7\u00e3o de Torres Novas alcan\u00e7ou o 3\u00ba lugar no 36\u00ba Triatlo de Peniche, que se realizou na tarde de s\u00e1bado, dia 8 de junho, sendo mais uma etapa a contar para a Ta\u00e7a de Portugal de Triatlo.<\/p>\n<p>Numa prova disputada em dist\u00e2ncia sprint (750m\/nata\u00e7\u00e3o, 20kms\/ciclismo e 5kms\/corrida), Afonso do Canto foi o melhor atleta torrejano presente nesta prova, alcan\u00e7ando o 7\u00ba lugar absoluto (1\u00bajunior), enquanto Abel Afonso e Gon\u00e7alo Balbino, terminaram ao sprint no 12\u00ba e 13\u00balugares (2\u00ba e 3\u00bacadetes), respetivamente.<\/p>\n<p>No setor feminino, Joana Miranda esteve em bom plano ao alcan\u00e7ar tamb\u00e9m o 7\u00ba lugar absoluto (2\u00bajunior), e Catarina Neves terminou na 34\u00aaposi\u00e7\u00e3o (1\u00aa no grupo de idades 45-49 anos).<\/p>\n<p>Marco Sousa, foi o 4\u00ba atleta do Clube de Nata\u00e7\u00e3o torrejano a fechar a equipa masculina, ao alcan\u00e7ar o 37\u00balugar absoluto (1\u00ba no grupo de idades 40-44 anos).<\/p>\n<p>Duarte Santos na 41\u00aa posi\u00e7\u00e3o, Jo\u00e3o Diogo Correia na 52\u00aa, Jo\u00e3o Gra\u00e7a na 67\u00aa, Jo\u00e3o Correia na 71\u00aa, Guilherme Marques na 97\u00aa, David Paiva na 142\u00aa e Cristiano Marques na 163\u00aa, tamb\u00e9m participaram nesta 36\u00aa edi\u00e7\u00e3o do Triatlo de Peniche.<\/p>\n<p>Na mesma tarde, decorreu ainda uma Prova Aberta disputada em dist\u00e2ncia super-sprint, com a participa\u00e7\u00e3o de 6 atletas torrejanos do escal\u00e3o juvenil, que obtiveram uma vit\u00f3ria por equipas, gra\u00e7as ao 1\u00ba lugar de Jo\u00e3o Nuno Batista, ao 2\u00ba de Pedro Afonso Silva, ao 3\u00ba de Jos\u00e9 Tadeia, ao 5\u00ba de Gustavo do Canto, ao 7\u00ba de Martim Salvador e ao 8\u00ba de Andr\u00e9 Neves. O veterano Alberto Tadeia terminou na 12\u00aa posi\u00e7\u00e3o.<\/p>\n\r\n                <style type=\"text\/css\">\r\n                    \r\n                    #tdi_1  .td-doubleSlider-2 .td-item1 {\r\n                        background: url(https:\/\/www.entroncamentoonline.pt\/portal\/wp-content\/uploads\/2019\/06\/Maria-Sousa-1\u00balugar-Benjamins-Triatlo-Goleg\u00e3-80x60.jpg) 0 0 no-repeat;\r\n                    }\r\n                    #tdi_1  .td-doubleSlider-2 .td-item2 {\r\n                        background: url(https:\/\/www.entroncamentoonline.pt\/portal\/wp-content\/uploads\/2019\/06\/Mateus-Nascimento-1\u00balugar-Infantis-Triatlo-Goleg\u00e3-80x60.jpg) 0 0 no-repeat;\r\n                    }\r\n                    #tdi_1  .td-doubleSlider-2 .td-item3 {\r\n                        background: url(https:\/\/www.entroncamentoonline.pt\/portal\/wp-content\/uploads\/2019\/06\/Afonso-do-Canto-e-Joana-Miranda-1\u00ba-e-2\u00balugares-Juniores-Triatlo-Penich...-80x60.jpg) 0 0 no-repeat;\r\n                    }\r\n                    #tdi_1  .td-doubleSlider-2 .td-item4 {\r\n                        background: url(https:\/\/www.entroncamentoonline.pt\/portal\/wp-content\/uploads\/2019\/06\/Abel-Afonso-e-Gon\u00e7alo-Balbino-2\u00ba-e-3\u00balugares-Cadetes-Triatlo-Peniche-80x60.jpg) 0 0 no-repeat;\r\n                    }\r\n                    #tdi_1  .td-doubleSlider-2 .td-item5 {\r\n                        background: url(https:\/\/www.entroncamentoonline.pt\/portal\/wp-content\/uploads\/2019\/06\/Escola-Triatlo-C.Nat_.Torres-Novas-3\u00balugar-Triatlo-Jovem-Goleg\u00e3-80x60.jpg) 0 0 no-repeat;\r\n                    }\r\n                    #tdi_1  .td-doubleSlider-2 .td-item6 {\r\n                        background: url(https:\/\/www.entroncamentoonline.pt\/portal\/wp-content\/uploads\/2019\/06\/Triatlo-C.Nat_.Torres-Novas-3\u00balugar-por-equipas-Triatlo-Peniche-80x60.jpg) 0 0 no-repeat;\r\n                    }\r\n                <\/style>\r\n\r\n                <div id=\"tdi_1\" class=\"td-gallery td-slide-on-2-columns\">\r\n                    <div class=\"post_td_gallery\">\r\n                        <div class=\"td-gallery-slide-top\">\r\n                           <div class=\"td-gallery-title\"><\/div>\r\n\r\n                            <div class=\"td-gallery-controls-wrapper\">\r\n                                <div class=\"td-gallery-slide-count\"><span class=\"td-gallery-slide-item-focus\">1<\/span> de 6<\/div>\r\n                                <div class=\"td-gallery-slide-prev-next-but\">\r\n                                    <i class = \"td-icon-left doubleSliderPrevButton\"><\/i>\r\n                                    <i class = \"td-icon-right doubleSliderNextButton\"><\/i>\r\n                                <\/div>\r\n                            <\/div>\r\n                        <\/div>\r\n\r\n                        <div class = \"td-doubleSlider-1 \">\r\n                            <div class = \"td-slider\">\r\n                                \r\n                    <div class = \"td-slide-item td-item1\">\r\n                        <figure class=\"td-slide-galery-figure td-slide-popup-gallery\">\r\n                            <a class=\"slide-gallery-image-link\" href=\"https:\/\/www.entroncamentoonline.pt\/portal\/wp-content\/uploads\/2019\/06\/Maria-Sousa-1\u00balugar-Benjamins-Triatlo-Goleg\u00e3.jpg\" title=\"Maria Sousa - 1\u00balugar Benjamins Triatlo Goleg\u00e3\"  data-caption=\"\"  data-description=\"\">\r\n                                <img decoding=\"async\" src=\"https:\/\/www.entroncamentoonline.pt\/portal\/wp-content\/uploads\/2019\/06\/Maria-Sousa-1\u00balugar-Benjamins-Triatlo-Goleg\u00e3-315x420.jpg\" srcset=\"https:\/\/www.entroncamentoonline.pt\/portal\/wp-content\/uploads\/2019\/06\/Maria-Sousa-1\u00balugar-Benjamins-Triatlo-Goleg\u00e3-315x420.jpg 315w, https:\/\/www.entroncamentoonline.pt\/portal\/wp-content\/uploads\/2019\/06\/Maria-Sousa-1\u00balugar-Benjamins-Triatlo-Goleg\u00e3.jpg 433w\" sizes=\"(max-width: 315px) 100vw, 315px\" alt=\"\">\r\n                            <\/a>\r\n                            \r\n                        <\/figure>\r\n                    <\/div>\r\n                    <div class = \"td-slide-item td-item2\">\r\n                        <figure class=\"td-slide-galery-figure td-slide-popup-gallery\">\r\n                            <a class=\"slide-gallery-image-link\" href=\"https:\/\/www.entroncamentoonline.pt\/portal\/wp-content\/uploads\/2019\/06\/Mateus-Nascimento-1\u00balugar-Infantis-Triatlo-Goleg\u00e3.jpg\" title=\"Mateus Nascimento - 1\u00balugar Infantis Triatlo Goleg\u00e3\"  data-caption=\"\"  data-description=\"\">\r\n                                <img decoding=\"async\" src=\"https:\/\/www.entroncamentoonline.pt\/portal\/wp-content\/uploads\/2019\/06\/Mateus-Nascimento-1\u00balugar-Infantis-Triatlo-Goleg\u00e3-574x420.jpg\" srcset=\"https:\/\/www.entroncamentoonline.pt\/portal\/wp-content\/uploads\/2019\/06\/Mateus-Nascimento-1\u00balugar-Infantis-Triatlo-Goleg\u00e3-574x420.jpg 574w, https:\/\/www.entroncamentoonline.pt\/portal\/wp-content\/uploads\/2019\/06\/Mateus-Nascimento-1\u00balugar-Infantis-Triatlo-Goleg\u00e3-80x60.jpg 80w, https:\/\/www.entroncamentoonline.pt\/portal\/wp-content\/uploads\/2019\/06\/Mateus-Nascimento-1\u00balugar-Infantis-Triatlo-Goleg\u00e3.jpg 584w\" sizes=\"(max-width: 574px) 100vw, 574px\" alt=\"\">\r\n                            <\/a>\r\n                            \r\n                        <\/figure>\r\n                    <\/div>\r\n                    <div class = \"td-slide-item td-item3\">\r\n                        <figure class=\"td-slide-galery-figure td-slide-popup-gallery\">\r\n                            <a class=\"slide-gallery-image-link\" href=\"https:\/\/www.entroncamentoonline.pt\/portal\/wp-content\/uploads\/2019\/06\/Afonso-do-Canto-e-Joana-Miranda-1\u00ba-e-2\u00balugares-Juniores-Triatlo-Penich....jpg\" title=\"Afonso do Canto e Joana Miranda - 1\u00ba e 2\u00balugares Juniores Triatlo Penich...\"  data-caption=\"\"  data-description=\"\">\r\n                                <img decoding=\"async\" src=\"https:\/\/www.entroncamentoonline.pt\/portal\/wp-content\/uploads\/2019\/06\/Afonso-do-Canto-e-Joana-Miranda-1\u00ba-e-2\u00balugares-Juniores-Triatlo-Penich...-560x420.jpg\" srcset=\"https:\/\/www.entroncamentoonline.pt\/portal\/wp-content\/uploads\/2019\/06\/Afonso-do-Canto-e-Joana-Miranda-1\u00ba-e-2\u00balugares-Juniores-Triatlo-Penich...-560x420.jpg 560w, https:\/\/www.entroncamentoonline.pt\/portal\/wp-content\/uploads\/2019\/06\/Afonso-do-Canto-e-Joana-Miranda-1\u00ba-e-2\u00balugares-Juniores-Triatlo-Penich...-80x60.jpg 80w, https:\/\/www.entroncamentoonline.pt\/portal\/wp-content\/uploads\/2019\/06\/Afonso-do-Canto-e-Joana-Miranda-1\u00ba-e-2\u00balugares-Juniores-Triatlo-Penich...-265x198.jpg 265w, https:\/\/www.entroncamentoonline.pt\/portal\/wp-content\/uploads\/2019\/06\/Afonso-do-Canto-e-Joana-Miranda-1\u00ba-e-2\u00balugares-Juniores-Triatlo-Penich....jpg 577w\" sizes=\"(max-width: 560px) 100vw, 560px\" alt=\"\">\r\n                            <\/a>\r\n                            \r\n                        <\/figure>\r\n                    <\/div>\r\n                    <div class = \"td-slide-item td-item4\">\r\n                        <figure class=\"td-slide-galery-figure td-slide-popup-gallery\">\r\n                            <a class=\"slide-gallery-image-link\" href=\"https:\/\/www.entroncamentoonline.pt\/portal\/wp-content\/uploads\/2019\/06\/Abel-Afonso-e-Gon\u00e7alo-Balbino-2\u00ba-e-3\u00balugares-Cadetes-Triatlo-Peniche.jpg\" title=\"Abel Afonso e Gon\u00e7alo Balbino - 2\u00ba e 3\u00balugares Cadetes Triatlo Peniche\"  data-caption=\"\"  data-description=\"\">\r\n                                <img decoding=\"async\" src=\"https:\/\/www.entroncamentoonline.pt\/portal\/wp-content\/uploads\/2019\/06\/Abel-Afonso-e-Gon\u00e7alo-Balbino-2\u00ba-e-3\u00balugares-Cadetes-Triatlo-Peniche-560x420.jpg\" srcset=\"https:\/\/www.entroncamentoonline.pt\/portal\/wp-content\/uploads\/2019\/06\/Abel-Afonso-e-Gon\u00e7alo-Balbino-2\u00ba-e-3\u00balugares-Cadetes-Triatlo-Peniche-560x420.jpg 560w, https:\/\/www.entroncamentoonline.pt\/portal\/wp-content\/uploads\/2019\/06\/Abel-Afonso-e-Gon\u00e7alo-Balbino-2\u00ba-e-3\u00balugares-Cadetes-Triatlo-Peniche-80x60.jpg 80w, https:\/\/www.entroncamentoonline.pt\/portal\/wp-content\/uploads\/2019\/06\/Abel-Afonso-e-Gon\u00e7alo-Balbino-2\u00ba-e-3\u00balugares-Cadetes-Triatlo-Peniche-265x198.jpg 265w, https:\/\/www.entroncamentoonline.pt\/portal\/wp-content\/uploads\/2019\/06\/Abel-Afonso-e-Gon\u00e7alo-Balbino-2\u00ba-e-3\u00balugares-Cadetes-Triatlo-Peniche.jpg 577w\" sizes=\"(max-width: 560px) 100vw, 560px\" alt=\"\">\r\n                            <\/a>\r\n                            \r\n                        <\/figure>\r\n                    <\/div>\r\n                    <div class = \"td-slide-item td-item5\">\r\n                        <figure class=\"td-slide-galery-figure td-slide-popup-gallery\">\r\n                            <a class=\"slide-gallery-image-link\" href=\"https:\/\/www.entroncamentoonline.pt\/portal\/wp-content\/uploads\/2019\/06\/Escola-Triatlo-C.Nat_.Torres-Novas-3\u00balugar-Triatlo-Jovem-Goleg\u00e3.jpg\" title=\"Escola Triatlo C.Nat.Torres Novas - 3\u00balugar Triatlo Jovem Goleg\u00e3\"  data-caption=\"\"  data-description=\"\">\r\n                                <img decoding=\"async\" src=\"https:\/\/www.entroncamentoonline.pt\/portal\/wp-content\/uploads\/2019\/06\/Escola-Triatlo-C.Nat_.Torres-Novas-3\u00balugar-Triatlo-Jovem-Goleg\u00e3-336x420.jpg\" srcset=\"https:\/\/www.entroncamentoonline.pt\/portal\/wp-content\/uploads\/2019\/06\/Escola-Triatlo-C.Nat_.Torres-Novas-3\u00balugar-Triatlo-Jovem-Goleg\u00e3-336x420.jpg 336w, https:\/\/www.entroncamentoonline.pt\/portal\/wp-content\/uploads\/2019\/06\/Escola-Triatlo-C.Nat_.Torres-Novas-3\u00balugar-Triatlo-Jovem-Goleg\u00e3.jpg 447w\" sizes=\"(max-width: 336px) 100vw, 336px\" alt=\"\">\r\n                            <\/a>\r\n                            \r\n                        <\/figure>\r\n                    <\/div>\r\n                    <div class = \"td-slide-item td-item6\">\r\n                        <figure class=\"td-slide-galery-figure td-slide-popup-gallery\">\r\n                            <a class=\"slide-gallery-image-link\" href=\"https:\/\/www.entroncamentoonline.pt\/portal\/wp-content\/uploads\/2019\/06\/Triatlo-C.Nat_.Torres-Novas-3\u00balugar-por-equipas-Triatlo-Peniche.jpg\" title=\"Triatlo C.Nat.Torres Novas - 3\u00balugar por equipas Triatlo Peniche\"  data-caption=\"\"  data-description=\"\">\r\n                                <img decoding=\"async\" src=\"https:\/\/www.entroncamentoonline.pt\/portal\/wp-content\/uploads\/2019\/06\/Triatlo-C.Nat_.Torres-Novas-3\u00balugar-por-equipas-Triatlo-Peniche-560x420.jpg\" srcset=\"https:\/\/www.entroncamentoonline.pt\/portal\/wp-content\/uploads\/2019\/06\/Triatlo-C.Nat_.Torres-Novas-3\u00balugar-por-equipas-Triatlo-Peniche-560x420.jpg 560w, https:\/\/www.entroncamentoonline.pt\/portal\/wp-content\/uploads\/2019\/06\/Triatlo-C.Nat_.Torres-Novas-3\u00balugar-por-equipas-Triatlo-Peniche-80x60.jpg 80w, https:\/\/www.entroncamentoonline.pt\/portal\/wp-content\/uploads\/2019\/06\/Triatlo-C.Nat_.Torres-Novas-3\u00balugar-por-equipas-Triatlo-Peniche-265x198.jpg 265w, https:\/\/www.entroncamentoonline.pt\/portal\/wp-content\/uploads\/2019\/06\/Triatlo-C.Nat_.Torres-Novas-3\u00balugar-por-equipas-Triatlo-Peniche.jpg 577w\" sizes=\"(max-width: 560px) 100vw, 560px\" alt=\"\">\r\n                            <\/a>\r\n                            \r\n                        <\/figure>\r\n                    <\/div>\r\n                            <\/div>\r\n                        <\/div>\r\n\r\n                        <div class = \"td-doubleSlider-2\">\r\n                            <div class = \"td-slider\">\r\n                                \r\n                    <div class = \"td-button td-item1\">\r\n                        <div class = \"td-border\"><\/div>\r\n                    <\/div>\r\n                    <div class = \"td-button td-item2\">\r\n                        <div class = \"td-border\"><\/div>\r\n                    <\/div>\r\n                    <div class = \"td-button td-item3\">\r\n                        <div class = \"td-border\"><\/div>\r\n                    <\/div>\r\n                    <div class = \"td-button td-item4\">\r\n                        <div class = \"td-border\"><\/div>\r\n                    <\/div>\r\n                    <div class = \"td-button td-item5\">\r\n                        <div class = \"td-border\"><\/div>\r\n                    <\/div>\r\n                    <div class = \"td-button td-item6\">\r\n                        <div class = \"td-border\"><\/div>\r\n                    <\/div>\r\n                            <\/div>\r\n                        <\/div>\r\n\r\n                    <\/div>\r\n\r\n                <\/div>\r\n                \n<p style=\"text-align: center;\"><strong>Triatlo \u201cXTERRA Kids\u201d na Goleg\u00e3<\/strong><\/p>\n<p>Realizou-se no passado domingo, dia 3 de junho, na Goleg\u00e3, a 4\u00aaetapa do Campeonato Nacional de Triatlo Jovem, e a Escola de Triatlo do Clube de Nata\u00e7\u00e3o de Torres Novas conquistou o 3\u00ba lugar coletivamente.<\/p>\n<p>Divididos em 4 escal\u00f5es et\u00e1rios, desde Benjamins a Juvenis, os 340 jovens atletas presentes nesta 4\u00aaetapa do Campeonato Nacional Jovem, percorreram diferentes dist\u00e2ncias ajustadas \u00e0 sua idade, que variaram entre 50m\/nata\u00e7\u00e3o, 1km\/ciclismo, 400m\/corrida, e os 300m\/nata\u00e7\u00e3o, 8kms\/ciclismo e 2.000m\/corrida.<\/p>\n<p>Individualmente, a Escola de Triatlo torrejana teve 2 presen\u00e7as no p\u00f3dio, em Benjamins femininos a atleta Maria Sousa venceu a sua prova, enquanto em Infantis masculinos, Mateus Nascimento tamb\u00e9m alcan\u00e7ou o 1\u00ba lugar.<\/p>\n<p>Mas existiram mais resultados de destaque, com alguns atletas torrejanos a obterem boas classifica\u00e7\u00f5es, nomeadamente em Benjamins, com Matilde Albuquerque a conseguir o 4\u00ba lugar e Leonor Gon\u00e7alves o 5\u00ba, enquanto em masculinos, Santiago Magalh\u00e3es tamb\u00e9m terminou na 5\u00aa posi\u00e7\u00e3o.<\/p>\n<p>Em Infantis femininos, Francisca Leiri\u00e3o foi 15\u00aa classificada e No\u00e9mi Silva 23\u00aa, e em masculinos Sim\u00e3o Vieira 12\u00ba, Afonso Saramago 29\u00ba e Tom\u00e9 Sentieiro 38\u00ba.<\/p>\n<p>Em Iniciados, Francisco Carvalho alcan\u00e7ou o 7\u00ba lugar, e no setor feminino, Mafalda Leiri\u00e3o alcan\u00e7ou o 13\u00ba lugar, Matilde Moita 14\u00ba, Margarida Cancela 25\u00ba, Ana J\u00falia Marques 29\u00ba, Noa Araujo 32\u00ba e Margarida In\u00e1cio 33\u00ba.<\/p>\n<p>Ainda em Juvenis masculinos, destaque para 3 atletas no TOP10, Jo\u00e3o Nuno Batista foi 6\u00ba classificado, Gustavo do Canto 7\u00ba e Jos\u00e9 Tadeia 9\u00ba. Martim Salvador terminou na 17\u00aa posi\u00e7\u00e3o, Andr\u00e9 Neves na 21\u00aa e Pedro Afonso Silva na 26\u00aa, Francisco Borges na 40\u00aa e Afonso Mour\u00e3o na 53\u00aa. Em femininos, Joana Silva foi 23\u00aa classificada e Nat\u00e9rcia Carvalho terminou na 28\u00aa posi\u00e7\u00e3o.<\/p>\n<p>&nbsp;<\/p>\n<div class=\"fb-background-color\">\n\t\t\t  <div \n\t\t\t  \tclass = \"fb-comments\" \n\t\t\t  \tdata-href = \"https:\/\/www.entroncamentoonline.pt\/portal\/triatlo-de-torres-novas-conquista-3o-lugar-em-peniche\/\"\n\t\t\t  \tdata-numposts = \"10\"\n\t\t\t  \tdata-lazy = \"true\"\n\t\t\t\tdata-colorscheme = \"light\"\n\t\t\t\tdata-order-by = \"social\"\n\t\t\t\tdata-mobile=true>\n\t\t\t  <\/div><\/div>\n\t\t  <style>\n\t\t    .fb-background-color {\n\t\t\t\tbackground:  !important;\n\t\t\t}\n\t\t\t.fb_iframe_widget_fluid_desktop iframe {\n\t\t\t    width: 100% !important;\n\t\t\t}\n\t\t  <\/style>\n\t\t  ","protected":false},"excerpt":{"rendered":"<p>O Triatlo do Clube de Nata\u00e7\u00e3o de Torres Novas alcan\u00e7ou o 3\u00ba lugar no 36\u00ba Triatlo de Peniche, que se realizou na tarde de s\u00e1bado, dia 8 de junho, sendo mais uma etapa a contar para a Ta\u00e7a de Portugal de Triatlo. Numa prova disputada em dist\u00e2ncia sprint (750m\/nata\u00e7\u00e3o, 20kms\/ciclismo e 5kms\/corrida), Afonso do Canto [&hellip;]<\/p>\n","protected":false},"author":1,"featured_media":7967,"comment_status":"open","ping_status":"closed","sticky":false,"template":"","format":"standard","meta":{"_acf_changed":false,"footnotes":""},"categories":[25,32,37],"tags":[],"class_list":{"0":"post-7962","1":"post","2":"type-post","3":"status-publish","4":"format-standard","5":"has-post-thumbnail","7":"category-desporto","8":"category-noticias","9":"category-torres-novas"},"acf":[],"_links":{"self":[{"href":"https:\/\/www.entroncamentoonline.pt\/portal\/wp-json\/wp\/v2\/posts\/7962","targetHints":{"allow":["GET"]}}],"collection":[{"href":"https:\/\/www.entroncamentoonline.pt\/portal\/wp-json\/wp\/v2\/posts"}],"about":[{"href":"https:\/\/www.entroncamentoonline.pt\/portal\/wp-json\/wp\/v2\/types\/post"}],"author":[{"embeddable":true,"href":"https:\/\/www.entroncamentoonline.pt\/portal\/wp-json\/wp\/v2\/users\/1"}],"replies":[{"embeddable":true,"href":"https:\/\/www.entroncamentoonline.pt\/portal\/wp-json\/wp\/v2\/comments?post=7962"}],"version-history":[{"count":0,"href":"https:\/\/www.entroncamentoonline.pt\/portal\/wp-json\/wp\/v2\/posts\/7962\/revisions"}],"wp:featuredmedia":[{"embeddable":true,"href":"https:\/\/www.entroncamentoonline.pt\/portal\/wp-json\/wp\/v2\/media\/7967"}],"wp:attachment":[{"href":"https:\/\/www.entroncamentoonline.pt\/portal\/wp-json\/wp\/v2\/media?parent=7962"}],"wp:term":[{"taxonomy":"category","embeddable":true,"href":"https:\/\/www.entroncamentoonline.pt\/portal\/wp-json\/wp\/v2\/categories?post=7962"},{"taxonomy":"post_tag","embeddable":true,"href":"https:\/\/www.entroncamentoonline.pt\/portal\/wp-json\/wp\/v2\/tags?post=7962"}],"curies":[{"name":"wp","href":"https:\/\/api.w.org\/{rel}","templated":true}]}}