{"id":7944,"date":"2019-06-10T16:09:41","date_gmt":"2019-06-10T15:09:41","guid":{"rendered":"https:\/\/www.entroncamentoonline.pt\/portal\/?p=7944"},"modified":"2019-06-10T16:09:41","modified_gmt":"2019-06-10T15:09:41","slug":"projeto-de-enfermagem-do-chmt-premiado-pela-ordem-dos-enfermeiros","status":"publish","type":"post","link":"https:\/\/www.entroncamentoonline.pt\/portal\/projeto-de-enfermagem-do-chmt-premiado-pela-ordem-dos-enfermeiros\/","title":{"rendered":"Projeto de Enfermagem do CHMT premiado pela Ordem dos Enfermeiros"},"content":{"rendered":"<p>O Projeto \u201cAprender a viver com ventiloterapia\u201d foi um dos projetos premiados no \u00e2mbito do primeiro or\u00e7amento participativo 2018, decorrente da vota\u00e7\u00e3o dos enfermeiros, promovido pela Ordem dos Enfermeiros &#8211; Sec\u00e7\u00e3o Regional do Sul.<\/p>\n<p>O projeto est\u00e1 a ser dinamizado no CHMT, pelo grupo de trabalho integrado nos padr\u00f5es de qualidade dos cuidados de enfermagem e \u00e9 constitu\u00eddo pelas Enfermeiras, Jacinta Morais (coordenadora), Elsa Lopes, Maria Jo\u00e3o Esperto, Ana Rita Costa, Sofia Vital e Enfermeiro Ricardo Ferreira.<\/p>\n<p>Este projeto tem como objetivos principais uniformizar procedimentos relativos ao ensino \u00e0 pessoa submetida a ventiloterapia e capacitar o utente a utilizar aut\u00f3noma e sistematicamente o equipamento de ventiloterapia.<\/p>\n<p>A educa\u00e7\u00e3o para a sa\u00fade \u00e9 assegurada pelo enfermeiro respons\u00e1vel pelos cuidados ao utente, intervindo como facilitador na gest\u00e3o da sua doen\u00e7a, na capacita\u00e7\u00e3o da pessoa e na promo\u00e7\u00e3o da ades\u00e3o a ventiloterapia, garantindo a continuidade do tratamento em seguran\u00e7a no domic\u00edlio<strong>. <\/strong><\/p>\n<p>Dos 26 projetos submetidos a concurso, 11 passaram \u00e0 fase de execu\u00e7\u00e3o e consequente financiamento. O financiamento ser\u00e1 traduzido na aquisi\u00e7\u00e3o de material e equipamento que permita dar continuidade ao projeto numa perspetiva inovadora de educa\u00e7\u00e3o para a sa\u00fade ao utente com necessidade de ventiloterapia.<\/p>\n<div class=\"fb-background-color\">\n\t\t\t  <div \n\t\t\t  \tclass = \"fb-comments\" \n\t\t\t  \tdata-href = \"https:\/\/www.entroncamentoonline.pt\/portal\/projeto-de-enfermagem-do-chmt-premiado-pela-ordem-dos-enfermeiros\/\"\n\t\t\t  \tdata-numposts = \"10\"\n\t\t\t  \tdata-lazy = \"true\"\n\t\t\t\tdata-colorscheme = \"light\"\n\t\t\t\tdata-order-by = \"social\"\n\t\t\t\tdata-mobile=true>\n\t\t\t  <\/div><\/div>\n\t\t  <style>\n\t\t    .fb-background-color {\n\t\t\t\tbackground:  !important;\n\t\t\t}\n\t\t\t.fb_iframe_widget_fluid_desktop iframe {\n\t\t\t    width: 100% !important;\n\t\t\t}\n\t\t  <\/style>\n\t\t  ","protected":false},"excerpt":{"rendered":"<p>O Projeto \u201cAprender a viver com ventiloterapia\u201d foi um dos projetos premiados no \u00e2mbito do primeiro or\u00e7amento participativo 2018, decorrente da vota\u00e7\u00e3o dos enfermeiros, promovido pela Ordem dos Enfermeiros &#8211; Sec\u00e7\u00e3o Regional do Sul. O projeto est\u00e1 a ser dinamizado no CHMT, pelo grupo de trabalho integrado nos padr\u00f5es de qualidade dos cuidados de enfermagem [&hellip;]<\/p>\n","protected":false},"author":1,"featured_media":7945,"comment_status":"open","ping_status":"closed","sticky":false,"template":"","format":"standard","meta":{"_acf_changed":false,"footnotes":""},"categories":[51],"tags":[],"class_list":{"0":"post-7944","1":"post","2":"type-post","3":"status-publish","4":"format-standard","5":"has-post-thumbnail","7":"category-breves"},"acf":[],"_links":{"self":[{"href":"https:\/\/www.entroncamentoonline.pt\/portal\/wp-json\/wp\/v2\/posts\/7944","targetHints":{"allow":["GET"]}}],"collection":[{"href":"https:\/\/www.entroncamentoonline.pt\/portal\/wp-json\/wp\/v2\/posts"}],"about":[{"href":"https:\/\/www.entroncamentoonline.pt\/portal\/wp-json\/wp\/v2\/types\/post"}],"author":[{"embeddable":true,"href":"https:\/\/www.entroncamentoonline.pt\/portal\/wp-json\/wp\/v2\/users\/1"}],"replies":[{"embeddable":true,"href":"https:\/\/www.entroncamentoonline.pt\/portal\/wp-json\/wp\/v2\/comments?post=7944"}],"version-history":[{"count":0,"href":"https:\/\/www.entroncamentoonline.pt\/portal\/wp-json\/wp\/v2\/posts\/7944\/revisions"}],"wp:featuredmedia":[{"embeddable":true,"href":"https:\/\/www.entroncamentoonline.pt\/portal\/wp-json\/wp\/v2\/media\/7945"}],"wp:attachment":[{"href":"https:\/\/www.entroncamentoonline.pt\/portal\/wp-json\/wp\/v2\/media?parent=7944"}],"wp:term":[{"taxonomy":"category","embeddable":true,"href":"https:\/\/www.entroncamentoonline.pt\/portal\/wp-json\/wp\/v2\/categories?post=7944"},{"taxonomy":"post_tag","embeddable":true,"href":"https:\/\/www.entroncamentoonline.pt\/portal\/wp-json\/wp\/v2\/tags?post=7944"}],"curies":[{"name":"wp","href":"https:\/\/api.w.org\/{rel}","templated":true}]}}