{"id":7769,"date":"2019-06-06T16:29:40","date_gmt":"2019-06-06T15:29:40","guid":{"rendered":"https:\/\/www.entroncamentoonline.pt\/portal\/?p=7769"},"modified":"2019-06-06T16:34:21","modified_gmt":"2019-06-06T15:34:21","slug":"7769-2","status":"publish","type":"post","link":"https:\/\/www.entroncamentoonline.pt\/portal\/7769-2\/","title":{"rendered":"TORRES NOVAS | Escolas pintam sarjetas para mostrar que \u00abO mar come\u00e7a aqui\u00bb"},"content":{"rendered":"<p>Na quarta-feira, dia 5, Dia Mundial do Ambiente, a data foi assinalada pelas escolas que participaram neste desafio, junto \u00e0s sarjetas pintadas na avenida Dr. Jo\u00e3o Martins de Azevedo, perto dos CTT e no Centro Escolar Serra de Aire, tendo o munic\u00edpio facultado os materiais (tintas e pinc\u00e9is).<\/p>\n<p>O presidente da C\u00e2mara, Pedro Ferreira e o vereador do pelouro da Educa\u00e7\u00e3o, Joaquim Cabral marcaram presen\u00e7a neste momento simb\u00f3lico, procedendo \u00e0 entrega dos diplomas de participa\u00e7\u00e3o.<\/p>\n<figure id=\"attachment_7761\" aria-describedby=\"caption-attachment-7761\" style=\"width: 612px\" class=\"wp-caption aligncenter\"><img loading=\"lazy\" decoding=\"async\" class=\"wp-image-7761 size-full\" src=\"https:\/\/www.entroncamentoonline.pt\/portal\/wp-content\/uploads\/2019\/06\/ABAE_PinturaSarjetas_20190605_01.jpg\" alt=\"\" width=\"612\" height=\"408\" \/><figcaption id=\"caption-attachment-7761\" class=\"wp-caption-text\">Foto CM Torres Novas<\/figcaption><\/figure>\n<p>Esta iniciativa integra-se no projeto da Associa\u00e7\u00e3o Bandeira Azul da Europa intitulado &#8220;O mar come\u00e7a aqui&#8221;, tendo o Munic\u00edpio de Torres Novas lan\u00e7ado o repto \u00e0s escolas do concelho para pintarem as sarjetas com o objetivo de sensibilizar para o facto das \u00e1guas pluviais arrastarem com elas v\u00e1rios tipos de res\u00edduos.<\/p>\n<p>O objetivo foi realizar uma campanha com impacto e implementar estrat\u00e9gias de coopera\u00e7\u00e3o escolas\/autarquias para a promo\u00e7\u00e3o da cidadania ambiental. Alertando a comunidade sobre as quest\u00f5es relativas \u00e0 incorreta deposi\u00e7\u00e3o dos res\u00edduos, polui\u00e7\u00e3o da \u00e1gua doce e \u00e1gua do mar, educando para a preserva\u00e7\u00e3o dos ecossistemas e da biodiversidade, aliando atividades pr\u00e1ticas nas \u00e1reas da express\u00e3o pl\u00e1stica ao aumento da literacia da sustentabilidade.<\/p>\n<p>Participaram uma turma do 11.\u00ba ano da Escola Secund\u00e1ria de Maria Lamas e uma turma do 3.\u00ba ano do Centro Escolar da Serra de Aire que, como pr\u00e9mio, foram visitar o Ocean\u00e1rio (alunos ESML) e o Pavilh\u00e3o do Conhecimento (alunos CESA).<\/p>\n<div class=\"fb-background-color\">\n\t\t\t  <div \n\t\t\t  \tclass = \"fb-comments\" \n\t\t\t  \tdata-href = \"https:\/\/www.entroncamentoonline.pt\/portal\/7769-2\/\"\n\t\t\t  \tdata-numposts = \"10\"\n\t\t\t  \tdata-lazy = \"true\"\n\t\t\t\tdata-colorscheme = \"light\"\n\t\t\t\tdata-order-by = \"social\"\n\t\t\t\tdata-mobile=true>\n\t\t\t  <\/div><\/div>\n\t\t  <style>\n\t\t    .fb-background-color {\n\t\t\t\tbackground:  !important;\n\t\t\t}\n\t\t\t.fb_iframe_widget_fluid_desktop iframe {\n\t\t\t    width: 100% !important;\n\t\t\t}\n\t\t  <\/style>\n\t\t  ","protected":false},"excerpt":{"rendered":"<p>Na quarta-feira, dia 5, Dia Mundial do Ambiente, a data foi assinalada pelas escolas que participaram neste desafio, junto \u00e0s sarjetas pintadas na avenida Dr. Jo\u00e3o Martins de Azevedo, perto dos CTT e no Centro Escolar Serra de Aire, tendo o munic\u00edpio facultado os materiais (tintas e pinc\u00e9is). O presidente da C\u00e2mara, Pedro Ferreira e [&hellip;]<\/p>\n","protected":false},"author":1,"featured_media":7762,"comment_status":"open","ping_status":"closed","sticky":false,"template":"","format":"standard","meta":{"_acf_changed":false,"footnotes":""},"categories":[32,37],"tags":[],"class_list":{"0":"post-7769","1":"post","2":"type-post","3":"status-publish","4":"format-standard","5":"has-post-thumbnail","7":"category-noticias","8":"category-torres-novas"},"acf":[],"_links":{"self":[{"href":"https:\/\/www.entroncamentoonline.pt\/portal\/wp-json\/wp\/v2\/posts\/7769","targetHints":{"allow":["GET"]}}],"collection":[{"href":"https:\/\/www.entroncamentoonline.pt\/portal\/wp-json\/wp\/v2\/posts"}],"about":[{"href":"https:\/\/www.entroncamentoonline.pt\/portal\/wp-json\/wp\/v2\/types\/post"}],"author":[{"embeddable":true,"href":"https:\/\/www.entroncamentoonline.pt\/portal\/wp-json\/wp\/v2\/users\/1"}],"replies":[{"embeddable":true,"href":"https:\/\/www.entroncamentoonline.pt\/portal\/wp-json\/wp\/v2\/comments?post=7769"}],"version-history":[{"count":0,"href":"https:\/\/www.entroncamentoonline.pt\/portal\/wp-json\/wp\/v2\/posts\/7769\/revisions"}],"wp:featuredmedia":[{"embeddable":true,"href":"https:\/\/www.entroncamentoonline.pt\/portal\/wp-json\/wp\/v2\/media\/7762"}],"wp:attachment":[{"href":"https:\/\/www.entroncamentoonline.pt\/portal\/wp-json\/wp\/v2\/media?parent=7769"}],"wp:term":[{"taxonomy":"category","embeddable":true,"href":"https:\/\/www.entroncamentoonline.pt\/portal\/wp-json\/wp\/v2\/categories?post=7769"},{"taxonomy":"post_tag","embeddable":true,"href":"https:\/\/www.entroncamentoonline.pt\/portal\/wp-json\/wp\/v2\/tags?post=7769"}],"curies":[{"name":"wp","href":"https:\/\/api.w.org\/{rel}","templated":true}]}}