{"id":7767,"date":"2019-06-06T16:26:22","date_gmt":"2019-06-06T15:26:22","guid":{"rendered":"https:\/\/www.entroncamentoonline.pt\/portal\/?p=7767"},"modified":"2019-06-12T16:03:35","modified_gmt":"2019-06-12T15:03:35","slug":"torres-novas-camara-abre-concurso-para-empreitada-da-central-do-caldeirao-e-predio-alvarenga","status":"publish","type":"post","link":"https:\/\/www.entroncamentoonline.pt\/portal\/torres-novas-camara-abre-concurso-para-empreitada-da-central-do-caldeirao-e-predio-alvarenga\/","title":{"rendered":"TORRES NOVAS | C\u00e2mara abre concurso para empreitada da \u201cCentral do Caldeir\u00e3o\u201d e \u201cPr\u00e9dio Alvarenga\u201d"},"content":{"rendered":"<p>Foi aprovada, na reuni\u00e3o camar\u00e1ria de 28 de maio, a abertura de concurso p\u00fablico para a empreitada \u201cCentral do Caldeir\u00e3o e \u00c1reas Exteriores\u201d, cujo valor base fixado \u00e9 de 1.600.000,00 euros, acrescido do IVA \u00e0 taxa legal em vigor, com um prazo de execu\u00e7\u00e3o proposto de 12 meses. Esta interven\u00e7\u00e3o, inclu\u00edda no PEDU &#8211; Plano Estrat\u00e9gico de Desenvolvimento Urbano, permitir\u00e1 devolver a \u201ccentralidade\u201d ao edif\u00edcio, salvaguardando as suas caracter\u00edsticas arquitet\u00f3nicas, para al\u00e9m da recupera\u00e7\u00e3o da maquinaria existente. O espa\u00e7o ser\u00e1 dotado de uma \u00e1rea museol\u00f3gica (Centro de Interpreta\u00e7\u00e3o) que revisita o funcionamento desta instala\u00e7\u00e3o. O edif\u00edcio ter\u00e1 condi\u00e7\u00f5es para acolher a\u00e7\u00f5es culturais e de dinamiza\u00e7\u00e3o social e econ\u00f3mica, incluindo um restaurante, um espa\u00e7o multiusos para espet\u00e1culos, \u00e1reas para com\u00e9rcio e servi\u00e7os e todo o tratamento do jardim exterior com vista para a tarambola.<\/p>\n<figure id=\"attachment_7764\" aria-describedby=\"caption-attachment-7764\" style=\"width: 643px\" class=\"wp-caption aligncenter\"><img loading=\"lazy\" decoding=\"async\" class=\"size-full wp-image-7764\" src=\"https:\/\/www.entroncamentoonline.pt\/portal\/wp-content\/uploads\/2019\/06\/Central_Caldeirao_EXT.jpg\" alt=\"\" width=\"643\" height=\"388\" \/><figcaption id=\"caption-attachment-7764\" class=\"wp-caption-text\">Foto CM Torres Novas<\/figcaption><\/figure>\n<p>Na mesma reuni\u00e3o, foi tamb\u00e9m aprovada a abertura de concurso p\u00fablico para a obra \u201cReabilita\u00e7\u00e3o do Pr\u00e9dio Alvarenga\u201d, cujo valor base fixado \u00e9 de 712.433,57 euros, acrescido do IVA \u00e0 taxa legal em vigor, com um prazo de execu\u00e7\u00e3o proposto de 12 meses. Mais uma interven\u00e7\u00e3o inclu\u00edda no PEDU &#8211; Plano Estrat\u00e9gico de Desenvolvimento Urbano que visa reabilitar o pr\u00e9dio existente e construir um edif\u00edcio com caracter\u00edsticas contempor\u00e2neas, mantendo a morfologia do edificado. Pretende-se tornar o conjunto flex\u00edvel a v\u00e1rios usos, permitindo que os espa\u00e7os funcionem em conjunto, ou em autonomia, consoante os usos futuros que se queiram promover no edif\u00edcio, onde se incluir\u00e1 o Centro de Interpreta\u00e7\u00e3o de Arqueologia e Hist\u00f3ria da cidade.<\/p>\n<p>A adjudica\u00e7\u00e3o das obras de urbaniza\u00e7\u00e3o na envolvente sul do Hospital Rainha Santa Isabel \u00e0 empresa Desarfate &#8211; Desaterros de F\u00e1tima, Lda., pelo valor de 550.000,00 euros, acrescido do IVA \u00e0 taxa legal em vigor, e com um prazo de execu\u00e7\u00e3o de 180 dias, foi aprovada na mesma data. Esta empreitada inclui interven\u00e7\u00f5es na rede vi\u00e1ria, rede de abastecimento de \u00e1guas e combate a inc\u00eandio, rede de esgotos dom\u00e9sticos e rede de esgotos pluviais, visando a futura constru\u00e7\u00e3o de 16 blocos habitacionais, que correspondem a 180 apartamentos.<\/p>\n<p>Em termos de apoios, destaque para a comparticipa\u00e7\u00e3o no montante de 28.534,80 euros a atribuir \u00e0 Associa\u00e7\u00e3o Humanit\u00e1ria dos Bombeiros Volunt\u00e1rios Torrejanos para o funcionamento do DECIR (Dispositivo Especial de Combate a Inc\u00eandios Rurais), anterior DECIF, durante o per\u00edodo de 14\/05\/2019 a 15\/10\/2019.<\/p>\n<div class=\"fb-background-color\">\n\t\t\t  <div \n\t\t\t  \tclass = \"fb-comments\" \n\t\t\t  \tdata-href = \"https:\/\/www.entroncamentoonline.pt\/portal\/torres-novas-camara-abre-concurso-para-empreitada-da-central-do-caldeirao-e-predio-alvarenga\/\"\n\t\t\t  \tdata-numposts = \"10\"\n\t\t\t  \tdata-lazy = \"true\"\n\t\t\t\tdata-colorscheme = \"light\"\n\t\t\t\tdata-order-by = \"social\"\n\t\t\t\tdata-mobile=true>\n\t\t\t  <\/div><\/div>\n\t\t  <style>\n\t\t    .fb-background-color {\n\t\t\t\tbackground:  !important;\n\t\t\t}\n\t\t\t.fb_iframe_widget_fluid_desktop iframe {\n\t\t\t    width: 100% !important;\n\t\t\t}\n\t\t  <\/style>\n\t\t  ","protected":false},"excerpt":{"rendered":"<p>Foi aprovada, na reuni\u00e3o camar\u00e1ria de 28 de maio, a abertura de concurso p\u00fablico para a empreitada \u201cCentral do Caldeir\u00e3o e \u00c1reas Exteriores\u201d, cujo valor base fixado \u00e9 de 1.600.000,00 euros, acrescido do IVA \u00e0 taxa legal em vigor, com um prazo de execu\u00e7\u00e3o proposto de 12 meses. Esta interven\u00e7\u00e3o, inclu\u00edda no PEDU &#8211; Plano [&hellip;]<\/p>\n","protected":false},"author":1,"featured_media":7765,"comment_status":"open","ping_status":"closed","sticky":false,"template":"","format":"standard","meta":{"_acf_changed":false,"footnotes":""},"categories":[71],"tags":[],"class_list":{"0":"post-7767","1":"post","2":"type-post","3":"status-publish","4":"format-standard","5":"has-post-thumbnail","7":"category-outras-noticias"},"acf":[],"_links":{"self":[{"href":"https:\/\/www.entroncamentoonline.pt\/portal\/wp-json\/wp\/v2\/posts\/7767","targetHints":{"allow":["GET"]}}],"collection":[{"href":"https:\/\/www.entroncamentoonline.pt\/portal\/wp-json\/wp\/v2\/posts"}],"about":[{"href":"https:\/\/www.entroncamentoonline.pt\/portal\/wp-json\/wp\/v2\/types\/post"}],"author":[{"embeddable":true,"href":"https:\/\/www.entroncamentoonline.pt\/portal\/wp-json\/wp\/v2\/users\/1"}],"replies":[{"embeddable":true,"href":"https:\/\/www.entroncamentoonline.pt\/portal\/wp-json\/wp\/v2\/comments?post=7767"}],"version-history":[{"count":0,"href":"https:\/\/www.entroncamentoonline.pt\/portal\/wp-json\/wp\/v2\/posts\/7767\/revisions"}],"wp:featuredmedia":[{"embeddable":true,"href":"https:\/\/www.entroncamentoonline.pt\/portal\/wp-json\/wp\/v2\/media\/7765"}],"wp:attachment":[{"href":"https:\/\/www.entroncamentoonline.pt\/portal\/wp-json\/wp\/v2\/media?parent=7767"}],"wp:term":[{"taxonomy":"category","embeddable":true,"href":"https:\/\/www.entroncamentoonline.pt\/portal\/wp-json\/wp\/v2\/categories?post=7767"},{"taxonomy":"post_tag","embeddable":true,"href":"https:\/\/www.entroncamentoonline.pt\/portal\/wp-json\/wp\/v2\/tags?post=7767"}],"curies":[{"name":"wp","href":"https:\/\/api.w.org\/{rel}","templated":true}]}}