{"id":7733,"date":"2019-06-05T15:14:01","date_gmt":"2019-06-05T14:14:01","guid":{"rendered":"https:\/\/www.entroncamentoonline.pt\/portal\/?p=7733"},"modified":"2019-06-12T16:08:39","modified_gmt":"2019-06-12T15:08:39","slug":"cimlt-promove-seminario-sobre-mobilidade-da-leziria-do-tejo","status":"publish","type":"post","link":"https:\/\/www.entroncamentoonline.pt\/portal\/cimlt-promove-seminario-sobre-mobilidade-da-leziria-do-tejo\/","title":{"rendered":"CIMLT promove semin\u00e1rio sobre mobilidade da Lez\u00edria do Tejo"},"content":{"rendered":"<p>A Comunidade Intermunicipal da Lez\u00edria do Tejo (CIMLT) organizou ontem, dia 3 de junho, nas suas instala\u00e7\u00f5es, um Semin\u00e1rio sobre a Mobilidade da Lez\u00edria do Tejo.<\/p>\n<p>O Semin\u00e1rio, que contou com a presen\u00e7a de cerca de 70 convidados, arrancou com a apresenta\u00e7\u00e3o dos resultados do Inqu\u00e9rito \u00e0 Mobilidade da Popula\u00e7\u00e3o Residente na Lez\u00edria do Tejo. De um total de 5154 inqu\u00e9ritos realizados concluiu-se que na Lez\u00edria do Tejo h\u00e1 um forte predom\u00ednio do transporte individual face aos outros modos de transporte. Por outro lado, na \u00e1rea do transporte coletivo, a esmagadora maioria das viagens s\u00e3o realizadas com recurso a uma assinatura \/ passe ou transporte escolar. Cerca de 70% dos inquiridos utiliza transporte individual, sendo o transporte coletivo utilizado por uma m\u00e9dia de 2,5 a 4,5% dos residentes. J\u00e1 as viagens a p\u00e9 ou de bicicleta s\u00e3o a escolha de cerca de 24 a 26% da popula\u00e7\u00e3o da Lez\u00edria do Tejo. As desloca\u00e7\u00f5es para o trabalho e para a escola representam mais de metade de todas as viagens.<\/p>\n<p>No Semin\u00e1rio foi tamb\u00e9m apresentada a rede de Transportes a concursar para a Lez\u00edria do Tejo. O lan\u00e7amento do concurso p\u00fablico internacional para o &#8220;Servi\u00e7o P\u00fablico de Transporte Rodovi\u00e1rio de Passageiros na CIM Lez\u00edria do Tejo&#8221; est\u00e1 previsto para o 3\u00ba trimestre de 2019. O in\u00edcio da explora\u00e7\u00e3o dever\u00e1 ocorrer em 1 de agosto de 2020 e ter\u00e1 uma dura\u00e7\u00e3o de 5 anos. A rede futura ser\u00e1 equivalente \u00e0 rede atual com as seguintes interven\u00e7\u00f5es: reorganiza\u00e7\u00e3o das linhas; numera\u00e7\u00e3o das linhas; e cumprimento dos n\u00edveis m\u00ednimos de servi\u00e7o. Os passageiros passam a poder utilizar todas as circula\u00e7\u00f5es em cada percurso. Os transportes da Lez\u00edria do Tejo ter\u00e3o uma imagem \u00fanica na regi\u00e3o \u2013 \u201cTransportes da Lez\u00edria\u201d.<\/p>\n<p>No Semin\u00e1rio esteve tamb\u00e9m presente o Presidente do Conselho de Administra\u00e7\u00e3o da Autoridade da Mobilidade e Transportes (AMT), Jo\u00e3o Carvalho, que fez um balan\u00e7o da aplica\u00e7\u00e3o a n\u00edvel nacional do Regime Jur\u00eddico Servi\u00e7o P\u00fablico de Transporte de Passageiros (RJSPTP).<\/p>\n<p><img loading=\"lazy\" decoding=\"async\" class=\"alignnone size-full wp-image-7734\" src=\"https:\/\/www.entroncamentoonline.pt\/portal\/wp-content\/uploads\/2019\/06\/Seminario2.jpg\" alt=\"\" width=\"716\" height=\"349\" srcset=\"https:\/\/www.entroncamentoonline.pt\/portal\/wp-content\/uploads\/2019\/06\/Seminario2.jpg 716w, https:\/\/www.entroncamentoonline.pt\/portal\/wp-content\/uploads\/2019\/06\/Seminario2-533x261.jpg 533w, https:\/\/www.entroncamentoonline.pt\/portal\/wp-content\/uploads\/2019\/06\/Seminario2-696x339.jpg 696w\" sizes=\"auto, (max-width: 716px) 100vw, 716px\" \/><\/p>\n<p>O Primeiro-Secret\u00e1rio da CIMLT, Ant\u00f3nio Torres, fechou a ronda de apresenta\u00e7\u00f5es do Semin\u00e1rio, explicando o Programa de Apoio \u00e0 Redu\u00e7\u00e3o Tarif\u00e1ria na Lez\u00edria do Tejo (PART). De lembrar que o PART garantiu aos habitantes da Lez\u00edria do Tejo descontos nas viagens de transporte rodovi\u00e1rio e ferrovi\u00e1rio, desde o passado dia 1 de maio. Nos transportes rodovi\u00e1rios verificou-se um desconto de 35% nos passes mensais dos autocarros. Nos transportes ferrovi\u00e1rios, a redu\u00e7\u00e3o foi de 30% nos passes mensais dos comboios regionais e inter-regionais, e o suplemento Navegante de Azambuja para Lisboa passou a custar 40,50\u20ac.<\/p>\n<p>A sess\u00e3o de encerramento do Semin\u00e1rio contou com a presen\u00e7a do Presidente do Conselho Intermunicipal da CIMLT, Pedro Ribeiro, e do Presidente do Conselho Metropolitano da AML, Fernando Medina. Ambos destacaram o trabalho conjunto entre estas duas sub-regi\u00f5es, bem como o acordo alcan\u00e7ado na \u00e1rea dos transportes. Foi tamb\u00e9m reconhecido que\u00a0o PART deveria contemplar mais verbas para as sub-regi\u00f5es contiguas \u00e0s \u00e1reas metropolitanas, por forma a que os descontos destas sub-regi\u00f5es se aproximem dos praticados nas \u00c1reas Metropolitanas.<\/p>\n<div class=\"fb-background-color\">\n\t\t\t  <div \n\t\t\t  \tclass = \"fb-comments\" \n\t\t\t  \tdata-href = \"https:\/\/www.entroncamentoonline.pt\/portal\/cimlt-promove-seminario-sobre-mobilidade-da-leziria-do-tejo\/\"\n\t\t\t  \tdata-numposts = \"10\"\n\t\t\t  \tdata-lazy = \"true\"\n\t\t\t\tdata-colorscheme = \"light\"\n\t\t\t\tdata-order-by = \"social\"\n\t\t\t\tdata-mobile=true>\n\t\t\t  <\/div><\/div>\n\t\t  <style>\n\t\t    .fb-background-color {\n\t\t\t\tbackground:  !important;\n\t\t\t}\n\t\t\t.fb_iframe_widget_fluid_desktop iframe {\n\t\t\t    width: 100% !important;\n\t\t\t}\n\t\t  <\/style>\n\t\t  ","protected":false},"excerpt":{"rendered":"<p>A Comunidade Intermunicipal da Lez\u00edria do Tejo (CIMLT) organizou ontem, dia 3 de junho, nas suas instala\u00e7\u00f5es, um Semin\u00e1rio sobre a Mobilidade da Lez\u00edria do Tejo. O Semin\u00e1rio, que contou com a presen\u00e7a de cerca de 70 convidados, arrancou com a apresenta\u00e7\u00e3o dos resultados do Inqu\u00e9rito \u00e0 Mobilidade da Popula\u00e7\u00e3o Residente na Lez\u00edria do Tejo. [&hellip;]<\/p>\n","protected":false},"author":1,"featured_media":7735,"comment_status":"open","ping_status":"closed","sticky":false,"template":"","format":"standard","meta":{"_acf_changed":false,"footnotes":""},"categories":[71],"tags":[],"class_list":{"0":"post-7733","1":"post","2":"type-post","3":"status-publish","4":"format-standard","5":"has-post-thumbnail","7":"category-outras-noticias"},"acf":[],"_links":{"self":[{"href":"https:\/\/www.entroncamentoonline.pt\/portal\/wp-json\/wp\/v2\/posts\/7733","targetHints":{"allow":["GET"]}}],"collection":[{"href":"https:\/\/www.entroncamentoonline.pt\/portal\/wp-json\/wp\/v2\/posts"}],"about":[{"href":"https:\/\/www.entroncamentoonline.pt\/portal\/wp-json\/wp\/v2\/types\/post"}],"author":[{"embeddable":true,"href":"https:\/\/www.entroncamentoonline.pt\/portal\/wp-json\/wp\/v2\/users\/1"}],"replies":[{"embeddable":true,"href":"https:\/\/www.entroncamentoonline.pt\/portal\/wp-json\/wp\/v2\/comments?post=7733"}],"version-history":[{"count":0,"href":"https:\/\/www.entroncamentoonline.pt\/portal\/wp-json\/wp\/v2\/posts\/7733\/revisions"}],"wp:featuredmedia":[{"embeddable":true,"href":"https:\/\/www.entroncamentoonline.pt\/portal\/wp-json\/wp\/v2\/media\/7735"}],"wp:attachment":[{"href":"https:\/\/www.entroncamentoonline.pt\/portal\/wp-json\/wp\/v2\/media?parent=7733"}],"wp:term":[{"taxonomy":"category","embeddable":true,"href":"https:\/\/www.entroncamentoonline.pt\/portal\/wp-json\/wp\/v2\/categories?post=7733"},{"taxonomy":"post_tag","embeddable":true,"href":"https:\/\/www.entroncamentoonline.pt\/portal\/wp-json\/wp\/v2\/tags?post=7733"}],"curies":[{"name":"wp","href":"https:\/\/api.w.org\/{rel}","templated":true}]}}