{"id":7726,"date":"2019-06-05T15:50:16","date_gmt":"2019-06-05T14:50:16","guid":{"rendered":"https:\/\/www.entroncamentoonline.pt\/portal\/?p=7726"},"modified":"2019-06-05T15:50:16","modified_gmt":"2019-06-05T14:50:16","slug":"credito-agricola-volta-a-estar-presente-na-feira-nacional-de-agricultura","status":"publish","type":"post","link":"https:\/\/www.entroncamentoonline.pt\/portal\/credito-agricola-volta-a-estar-presente-na-feira-nacional-de-agricultura\/","title":{"rendered":"Cr\u00e9dito Agr\u00edcola volta a estar presente na Feira Nacional de Agricultura"},"content":{"rendered":"<p>O Grupo Cr\u00e9dito Agr\u00edcola est\u00e1 ao lado de quem produz o melhor de Portugal. A institui\u00e7\u00e3o patrocina, mais uma vez, a Feira Nacional de Agricultura, que decorre entre 08 e 16 de Junho no CNEMA \u2013 Centro Nacional de Exposi\u00e7\u00f5es, em Santar\u00e9m.<\/p>\n<p>Sob o mote a \u201cVinha e o Vinho\u201d, a Feira Nacional de Agricultura apresenta-se como um espa\u00e7o privilegiado de contactos e neg\u00f3cios no \u00e2mbito do sector prim\u00e1rio, oferecendo igualmente \u00e0s empresas a oportunidade de apresentar o trabalho desenvolvido ao longo do ano.<\/p>\n<p>A tem\u00e1tica do certame tem como intuito real\u00e7ar um sector que est\u00e1 no topo das exporta\u00e7\u00f5es a n\u00edvel mundial e que tem crescido todos os anos com vendas para o exterior superiores a 750 milh\u00f5es de euros.<\/p>\n<p>A feira conta com diversos expositores de maquinaria agr\u00edcola, artigos comerciais, mostra de artesanato, promo\u00e7\u00e3o de associa\u00e7\u00f5es e gastronomia. O p\u00fablico pode contar ainda com anima\u00e7\u00e3o do recinto, que vai estar a cargo de artistas nacionais.<\/p>\n<p>Este \u00e9 um certame que vai ao encontro da identidade representativa do Cr\u00e9dito Agr\u00edcola, que desta forma refor\u00e7a a sua proximidade junto da comunidade e apoia o desenvolvimento econ\u00f3mico do sector.<\/p>\n<p>Com 656 Ag\u00eancias no pa\u00eds, a maior rede do sistema banc\u00e1rio nacional, e capitais exclusivamente nacionais, o Cr\u00e9dito Agr\u00edcola \u00e9 a \u00fanica institui\u00e7\u00e3o financeira cooperativa em Portugal.<\/p>\n<p>&nbsp;<\/p>\n<div class=\"fb-background-color\">\n\t\t\t  <div \n\t\t\t  \tclass = \"fb-comments\" \n\t\t\t  \tdata-href = \"https:\/\/www.entroncamentoonline.pt\/portal\/credito-agricola-volta-a-estar-presente-na-feira-nacional-de-agricultura\/\"\n\t\t\t  \tdata-numposts = \"10\"\n\t\t\t  \tdata-lazy = \"true\"\n\t\t\t\tdata-colorscheme = \"light\"\n\t\t\t\tdata-order-by = \"social\"\n\t\t\t\tdata-mobile=true>\n\t\t\t  <\/div><\/div>\n\t\t  <style>\n\t\t    .fb-background-color {\n\t\t\t\tbackground:  !important;\n\t\t\t}\n\t\t\t.fb_iframe_widget_fluid_desktop iframe {\n\t\t\t    width: 100% !important;\n\t\t\t}\n\t\t  <\/style>\n\t\t  ","protected":false},"excerpt":{"rendered":"<p>O Grupo Cr\u00e9dito Agr\u00edcola est\u00e1 ao lado de quem produz o melhor de Portugal. A institui\u00e7\u00e3o patrocina, mais uma vez, a Feira Nacional de Agricultura, que decorre entre 08 e 16 de Junho no CNEMA \u2013 Centro Nacional de Exposi\u00e7\u00f5es, em Santar\u00e9m. Sob o mote a \u201cVinha e o Vinho\u201d, a Feira Nacional de Agricultura [&hellip;]<\/p>\n","protected":false},"author":1,"featured_media":0,"comment_status":"open","ping_status":"closed","sticky":false,"template":"","format":"standard","meta":{"_acf_changed":false,"footnotes":""},"categories":[50],"tags":[],"class_list":{"0":"post-7726","1":"post","2":"type-post","3":"status-publish","4":"format-standard","6":"category-atividade-comercial"},"acf":[],"_links":{"self":[{"href":"https:\/\/www.entroncamentoonline.pt\/portal\/wp-json\/wp\/v2\/posts\/7726","targetHints":{"allow":["GET"]}}],"collection":[{"href":"https:\/\/www.entroncamentoonline.pt\/portal\/wp-json\/wp\/v2\/posts"}],"about":[{"href":"https:\/\/www.entroncamentoonline.pt\/portal\/wp-json\/wp\/v2\/types\/post"}],"author":[{"embeddable":true,"href":"https:\/\/www.entroncamentoonline.pt\/portal\/wp-json\/wp\/v2\/users\/1"}],"replies":[{"embeddable":true,"href":"https:\/\/www.entroncamentoonline.pt\/portal\/wp-json\/wp\/v2\/comments?post=7726"}],"version-history":[{"count":0,"href":"https:\/\/www.entroncamentoonline.pt\/portal\/wp-json\/wp\/v2\/posts\/7726\/revisions"}],"wp:attachment":[{"href":"https:\/\/www.entroncamentoonline.pt\/portal\/wp-json\/wp\/v2\/media?parent=7726"}],"wp:term":[{"taxonomy":"category","embeddable":true,"href":"https:\/\/www.entroncamentoonline.pt\/portal\/wp-json\/wp\/v2\/categories?post=7726"},{"taxonomy":"post_tag","embeddable":true,"href":"https:\/\/www.entroncamentoonline.pt\/portal\/wp-json\/wp\/v2\/tags?post=7726"}],"curies":[{"name":"wp","href":"https:\/\/api.w.org\/{rel}","templated":true}]}}