{"id":7706,"date":"2019-06-04T19:42:57","date_gmt":"2019-06-04T18:42:57","guid":{"rendered":"https:\/\/www.entroncamentoonline.pt\/portal\/?p=7706"},"modified":"2019-06-11T10:21:10","modified_gmt":"2019-06-11T09:21:10","slug":"entroncamento-reabilitacao-do-mercado-municipal-inaugurado-sexta-feira-com-a-presenca-do-secretario-estado-autarquias-locais","status":"publish","type":"post","link":"https:\/\/www.entroncamentoonline.pt\/portal\/entroncamento-reabilitacao-do-mercado-municipal-inaugurado-sexta-feira-com-a-presenca-do-secretario-estado-autarquias-locais\/","title":{"rendered":"ENTRONCAMENTO | Reabilita\u00e7\u00e3o do Mercado Municipal inaugurado sexta-feira com a presen\u00e7a do Secret\u00e1rio Estado Autarquias Locais"},"content":{"rendered":"<p>A reabilita\u00e7\u00e3o do Mercado Municipal e a nova zona de restaura\u00e7\u00e3o ser\u00e1 inaugurada na pr\u00f3xima sexta-feira pelas 11h30 com a presen\u00e7a do Secret\u00e1rio de Estado das Autarquias Locais, Carlos Miguel.<\/p>\n<p>Na nova zona de restaura\u00e7\u00e3o, com dois novos espa\u00e7os interiores, o Restaurante &#8220;O \u00c1rbitro&#8221; e a &#8220;Pizzaria da Cidade&#8221; e tr\u00eas quiosques (um deles, &#8220;Doce Tenta\u00e7\u00e3o&#8221; j\u00e1 aberto desde s\u00e1bado) e com o &#8220;Cantinho da Maza&#8221; aberto para o interior, ser\u00e1 servida aos convidados uma Mostra de Sabores, apresentada pelos concession\u00e1rios do Mercado, acompanhado com m\u00fasica tradicional.<\/p>\n<p>\u00c0 noite no novo espa\u00e7o haver\u00e1 M\u00fasica ao Vivo a partir das 22h30. No s\u00e1bado haver\u00e1, pelas 8h30, anima\u00e7\u00e3o de rua pelo Teatro da Meia Via, no Mercado e na Zona envolvente. \u00c0 noite a partir das 22h30 volta a haver M\u00fasica ao Vivo.<\/p>\n<div class=\"fb-background-color\">\n\t\t\t  <div \n\t\t\t  \tclass = \"fb-comments\" \n\t\t\t  \tdata-href = \"https:\/\/www.entroncamentoonline.pt\/portal\/entroncamento-reabilitacao-do-mercado-municipal-inaugurado-sexta-feira-com-a-presenca-do-secretario-estado-autarquias-locais\/\"\n\t\t\t  \tdata-numposts = \"10\"\n\t\t\t  \tdata-lazy = \"true\"\n\t\t\t\tdata-colorscheme = \"light\"\n\t\t\t\tdata-order-by = \"social\"\n\t\t\t\tdata-mobile=true>\n\t\t\t  <\/div><\/div>\n\t\t  <style>\n\t\t    .fb-background-color {\n\t\t\t\tbackground:  !important;\n\t\t\t}\n\t\t\t.fb_iframe_widget_fluid_desktop iframe {\n\t\t\t    width: 100% !important;\n\t\t\t}\n\t\t  <\/style>\n\t\t  ","protected":false},"excerpt":{"rendered":"<p>A reabilita\u00e7\u00e3o do Mercado Municipal e a nova zona de restaura\u00e7\u00e3o ser\u00e1 inaugurada na pr\u00f3xima sexta-feira pelas 11h30 com a presen\u00e7a do Secret\u00e1rio de Estado das Autarquias Locais, Carlos Miguel. Na nova zona de restaura\u00e7\u00e3o, com dois novos espa\u00e7os interiores, o Restaurante &#8220;O \u00c1rbitro&#8221; e a &#8220;Pizzaria da Cidade&#8221; e tr\u00eas quiosques (um deles, &#8220;Doce [&hellip;]<\/p>\n","protected":false},"author":1,"featured_media":7707,"comment_status":"open","ping_status":"closed","sticky":false,"template":"","format":"standard","meta":{"_acf_changed":false,"footnotes":""},"categories":[1],"tags":[],"class_list":{"0":"post-7706","1":"post","2":"type-post","3":"status-publish","4":"format-standard","5":"has-post-thumbnail","7":"category-sem-categoria"},"acf":[],"_links":{"self":[{"href":"https:\/\/www.entroncamentoonline.pt\/portal\/wp-json\/wp\/v2\/posts\/7706","targetHints":{"allow":["GET"]}}],"collection":[{"href":"https:\/\/www.entroncamentoonline.pt\/portal\/wp-json\/wp\/v2\/posts"}],"about":[{"href":"https:\/\/www.entroncamentoonline.pt\/portal\/wp-json\/wp\/v2\/types\/post"}],"author":[{"embeddable":true,"href":"https:\/\/www.entroncamentoonline.pt\/portal\/wp-json\/wp\/v2\/users\/1"}],"replies":[{"embeddable":true,"href":"https:\/\/www.entroncamentoonline.pt\/portal\/wp-json\/wp\/v2\/comments?post=7706"}],"version-history":[{"count":0,"href":"https:\/\/www.entroncamentoonline.pt\/portal\/wp-json\/wp\/v2\/posts\/7706\/revisions"}],"wp:featuredmedia":[{"embeddable":true,"href":"https:\/\/www.entroncamentoonline.pt\/portal\/wp-json\/wp\/v2\/media\/7707"}],"wp:attachment":[{"href":"https:\/\/www.entroncamentoonline.pt\/portal\/wp-json\/wp\/v2\/media?parent=7706"}],"wp:term":[{"taxonomy":"category","embeddable":true,"href":"https:\/\/www.entroncamentoonline.pt\/portal\/wp-json\/wp\/v2\/categories?post=7706"},{"taxonomy":"post_tag","embeddable":true,"href":"https:\/\/www.entroncamentoonline.pt\/portal\/wp-json\/wp\/v2\/tags?post=7706"}],"curies":[{"name":"wp","href":"https:\/\/api.w.org\/{rel}","templated":true}]}}