{"id":7668,"date":"2019-06-03T19:09:37","date_gmt":"2019-06-03T18:09:37","guid":{"rendered":"https:\/\/www.entroncamentoonline.pt\/portal\/?p=7668"},"modified":"2019-06-03T19:09:37","modified_gmt":"2019-06-03T18:09:37","slug":"clac-na-corrida-das-pontes-joao-pedro-ferreira-e-abreu-moura-em-3o-lugar-dos-respetivos-escaloes","status":"publish","type":"post","link":"https:\/\/www.entroncamentoonline.pt\/portal\/clac-na-corrida-das-pontes-joao-pedro-ferreira-e-abreu-moura-em-3o-lugar-dos-respetivos-escaloes\/","title":{"rendered":"CLAC na Corrida das Pontes | Jo\u00e3o Pedro Ferreira e Abreu Moura em 3\u00ba lugar dos respetivos escal\u00f5es"},"content":{"rendered":"<p>A sec\u00e7\u00e3o de atletismo\u00a0do CLAC \u2013 Entroncamento participou este fim-de-semana na 15\u00aa Corrida das Pontes, em Coruche.<\/p>\n<p>A prova Organizada pelo Servi\u00e7o de Desporto do Munic\u00edpio de Coruche e colabora\u00e7\u00e3o t\u00e9cnica do Trilho Perdido, com a dist\u00e2ncia de dez quil\u00f3metros, desenrolou-se num circuito delineado nas famosas pontes e margens do rio Sorraia. Em simult\u00e2neo realizou-se tamb\u00e9m a 15\u00aa corrida da Fam\u00edlia com a extens\u00e3o de 3 km. Estes dois eventos est\u00e3o integrados na FICOR, Feira Internacional da Corti\u00e7a<\/p>\n<p>O vencedor da prova foi o atleta Francisco Pedro da Associa\u00e7\u00e3o Vale Grande com o tempo de 33m48s. No sector feminino a vencedora foi Alexandra Portela da CF Os Belenenses com o tempo de 43m40s.<\/p>\n<div id='gallery-1' class='gallery galleryid-7668 gallery-columns-3 gallery-size-thumbnail'><figure class='gallery-item'>\n\t\t\t<div class='gallery-icon landscape'>\n\t\t\t\t<a href='https:\/\/www.entroncamentoonline.pt\/portal\/clac-na-corrida-das-pontes-joao-pedro-ferreira-e-abreu-moura-em-3o-lugar-dos-respetivos-escaloes\/img_20190602_121934\/'><img loading=\"lazy\" decoding=\"async\" width=\"350\" height=\"350\" src=\"https:\/\/www.entroncamentoonline.pt\/portal\/wp-content\/uploads\/2019\/06\/IMG_20190602_121934-350x350.jpg\" class=\"attachment-thumbnail size-thumbnail\" alt=\"\" \/><\/a>\n\t\t\t<\/div><\/figure><figure class='gallery-item'>\n\t\t\t<div class='gallery-icon landscape'>\n\t\t\t\t<a href='https:\/\/www.entroncamentoonline.pt\/portal\/clac-na-corrida-das-pontes-joao-pedro-ferreira-e-abreu-moura-em-3o-lugar-dos-respetivos-escaloes\/fb_img_1559508488522\/'><img loading=\"lazy\" decoding=\"async\" width=\"350\" height=\"350\" src=\"https:\/\/www.entroncamentoonline.pt\/portal\/wp-content\/uploads\/2019\/06\/FB_IMG_1559508488522-350x350.jpg\" class=\"attachment-thumbnail size-thumbnail\" alt=\"\" \/><\/a>\n\t\t\t<\/div><\/figure><figure class='gallery-item'>\n\t\t\t<div class='gallery-icon landscape'>\n\t\t\t\t<a href='https:\/\/www.entroncamentoonline.pt\/portal\/clac-na-corrida-das-pontes-joao-pedro-ferreira-e-abreu-moura-em-3o-lugar-dos-respetivos-escaloes\/img_20190602_122638\/'><img loading=\"lazy\" decoding=\"async\" width=\"350\" height=\"350\" src=\"https:\/\/www.entroncamentoonline.pt\/portal\/wp-content\/uploads\/2019\/06\/IMG_20190602_122638-350x350.jpg\" class=\"attachment-thumbnail size-thumbnail\" alt=\"\" \/><\/a>\n\t\t\t<\/div><\/figure>\n\t\t<\/div>\n\n<p>Dos 6 atletas do CLAC \u2013 Entroncamento presentes na prova principal o primeiro a chegar \u00e0 meta foi Jo\u00e3o Pedro Ferreira em 18\u00ba lugar da geral e 3\u00aa no escal\u00e3o M40 com o tempo de 39m13s. Destaque ainda para o 3\u00ba lugar de Abreu Moura no escal\u00e3o M60 com tempo de 41m39s. Representaram ainda o CLAC nesta prova os atletas: Alcino Nunes 6\u00ba M45 com o tempo de 41m04s, Nelson Oliveira 5\u00ba M40 com o tempo de 41m22s, Jos\u00e9 Gomes 4\u00ba M55 com o tempo 41m41s, e Jos\u00e9 Garraf\u00e3o 21\u00ba M55. Coletivamente o CLAC obteve um magnifico 5\u00ba lugar. Terminaram a prova 222 atletas.<\/p>\n<p>&nbsp;<\/p>\n<div class=\"fb-background-color\">\n\t\t\t  <div \n\t\t\t  \tclass = \"fb-comments\" \n\t\t\t  \tdata-href = \"https:\/\/www.entroncamentoonline.pt\/portal\/clac-na-corrida-das-pontes-joao-pedro-ferreira-e-abreu-moura-em-3o-lugar-dos-respetivos-escaloes\/\"\n\t\t\t  \tdata-numposts = \"10\"\n\t\t\t  \tdata-lazy = \"true\"\n\t\t\t\tdata-colorscheme = \"light\"\n\t\t\t\tdata-order-by = \"social\"\n\t\t\t\tdata-mobile=true>\n\t\t\t  <\/div><\/div>\n\t\t  <style>\n\t\t    .fb-background-color {\n\t\t\t\tbackground:  !important;\n\t\t\t}\n\t\t\t.fb_iframe_widget_fluid_desktop iframe {\n\t\t\t    width: 100% !important;\n\t\t\t}\n\t\t  <\/style>\n\t\t  ","protected":false},"excerpt":{"rendered":"<p>A sec\u00e7\u00e3o de atletismo\u00a0do CLAC \u2013 Entroncamento participou este fim-de-semana na 15\u00aa Corrida das Pontes, em Coruche. A prova Organizada pelo Servi\u00e7o de Desporto do Munic\u00edpio de Coruche e colabora\u00e7\u00e3o t\u00e9cnica do Trilho Perdido, com a dist\u00e2ncia de dez quil\u00f3metros, desenrolou-se num circuito delineado nas famosas pontes e margens do rio Sorraia. Em simult\u00e2neo realizou-se [&hellip;]<\/p>\n","protected":false},"author":1,"featured_media":7672,"comment_status":"open","ping_status":"closed","sticky":false,"template":"","format":"standard","meta":{"_acf_changed":false,"footnotes":""},"categories":[25,26,32],"tags":[],"class_list":{"0":"post-7668","1":"post","2":"type-post","3":"status-publish","4":"format-standard","5":"has-post-thumbnail","7":"category-desporto","8":"category-entroncamento","9":"category-noticias"},"acf":[],"_links":{"self":[{"href":"https:\/\/www.entroncamentoonline.pt\/portal\/wp-json\/wp\/v2\/posts\/7668","targetHints":{"allow":["GET"]}}],"collection":[{"href":"https:\/\/www.entroncamentoonline.pt\/portal\/wp-json\/wp\/v2\/posts"}],"about":[{"href":"https:\/\/www.entroncamentoonline.pt\/portal\/wp-json\/wp\/v2\/types\/post"}],"author":[{"embeddable":true,"href":"https:\/\/www.entroncamentoonline.pt\/portal\/wp-json\/wp\/v2\/users\/1"}],"replies":[{"embeddable":true,"href":"https:\/\/www.entroncamentoonline.pt\/portal\/wp-json\/wp\/v2\/comments?post=7668"}],"version-history":[{"count":0,"href":"https:\/\/www.entroncamentoonline.pt\/portal\/wp-json\/wp\/v2\/posts\/7668\/revisions"}],"wp:featuredmedia":[{"embeddable":true,"href":"https:\/\/www.entroncamentoonline.pt\/portal\/wp-json\/wp\/v2\/media\/7672"}],"wp:attachment":[{"href":"https:\/\/www.entroncamentoonline.pt\/portal\/wp-json\/wp\/v2\/media?parent=7668"}],"wp:term":[{"taxonomy":"category","embeddable":true,"href":"https:\/\/www.entroncamentoonline.pt\/portal\/wp-json\/wp\/v2\/categories?post=7668"},{"taxonomy":"post_tag","embeddable":true,"href":"https:\/\/www.entroncamentoonline.pt\/portal\/wp-json\/wp\/v2\/tags?post=7668"}],"curies":[{"name":"wp","href":"https:\/\/api.w.org\/{rel}","templated":true}]}}