{"id":7633,"date":"2019-06-03T14:07:33","date_gmt":"2019-06-03T13:07:33","guid":{"rendered":"https:\/\/www.entroncamentoonline.pt\/portal\/?p=7633"},"modified":"2019-06-03T14:07:33","modified_gmt":"2019-06-03T13:07:33","slug":"ricardo-batista-de-bronze-no-campeonato-da-europa-de-triatlo-em-juniores","status":"publish","type":"post","link":"https:\/\/www.entroncamentoonline.pt\/portal\/ricardo-batista-de-bronze-no-campeonato-da-europa-de-triatlo-em-juniores\/","title":{"rendered":"Ricardo Batista de bronze no\u00a0Campeonato da Europa de Triatlo em Juniores"},"content":{"rendered":"<p>Ricardo Batista conquistou no passado s\u00e1bado dia 1 de junho a medalha de bronze no Campeonato da Europa de Triatlo em juniores, uma prova realizada na Holanda, na cidade de Weert.<\/p>\n<p>Esta competi\u00e7\u00e3o foi disputada em formato sprint (750m\/nata\u00e7\u00e3o, 20kms\/ciclismo e 5kms\/corrida), onde o Ricardo Batista esteve sempre na frente da prova.<\/p>\n<p>Num circuito totalmente plano, que levou a decis\u00e3o da prova para o segmento de corrida, com o Ricardo Batista a lutar com mais dois atletas franceses por uma medalha at\u00e9 ao fim, alcan\u00e7ando o nosso Ricardo a de Bronze, ocupando os jovens franceses as duas primeiras posi\u00e7\u00f5es deste Campeonato Europeu.<\/p>\n<div id='gallery-1' class='gallery galleryid-7633 gallery-columns-3 gallery-size-thumbnail'><figure class='gallery-item'>\n\t\t\t<div class='gallery-icon landscape'>\n\t\t\t\t<a href='https:\/\/www.entroncamentoonline.pt\/portal\/ricardo-batista-de-bronze-no-campeonato-da-europa-de-triatlo-em-juniores\/61533435_470352433720043_5746909964262178816_n\/'><img loading=\"lazy\" decoding=\"async\" width=\"350\" height=\"350\" src=\"https:\/\/www.entroncamentoonline.pt\/portal\/wp-content\/uploads\/2019\/06\/61533435_470352433720043_5746909964262178816_n-350x350.jpg\" class=\"attachment-thumbnail size-thumbnail\" alt=\"\" \/><\/a>\n\t\t\t<\/div><\/figure><figure class='gallery-item'>\n\t\t\t<div class='gallery-icon landscape'>\n\t\t\t\t<a href='https:\/\/www.entroncamentoonline.pt\/portal\/ricardo-batista-de-bronze-no-campeonato-da-europa-de-triatlo-em-juniores\/61659840_588797274942228_2351981588016791552_n\/'><img loading=\"lazy\" decoding=\"async\" width=\"350\" height=\"350\" src=\"https:\/\/www.entroncamentoonline.pt\/portal\/wp-content\/uploads\/2019\/06\/61659840_588797274942228_2351981588016791552_n-350x350.jpg\" class=\"attachment-thumbnail size-thumbnail\" alt=\"\" \/><\/a>\n\t\t\t<\/div><\/figure><figure class='gallery-item'>\n\t\t\t<div class='gallery-icon landscape'>\n\t\t\t\t<a href='https:\/\/www.entroncamentoonline.pt\/portal\/ricardo-batista-de-bronze-no-campeonato-da-europa-de-triatlo-em-juniores\/61448196_363231491210990_7681195799375511552_n\/'><img loading=\"lazy\" decoding=\"async\" width=\"350\" height=\"350\" src=\"https:\/\/www.entroncamentoonline.pt\/portal\/wp-content\/uploads\/2019\/06\/61448196_363231491210990_7681195799375511552_n-350x350.jpg\" class=\"attachment-thumbnail size-thumbnail\" alt=\"\" \/><\/a>\n\t\t\t<\/div><\/figure>\n\t\t<\/div>\n\n<p>O colega de equipa Jos\u00e9 Pedro Vieira tamb\u00e9m esteve presente na mesma prova em representa\u00e7\u00e3o da Sele\u00e7\u00e3o Nacional de Triatlo em Juniores, mas depois de tamb\u00e9m estar na frente da prova, na \u00faltima volta de ciclismo, teve um furo o que n\u00e3o lhe permitiu lutar pelos primeiros lugares, apesar de ter substitu\u00eddo a roda na Wheel Station, demonstrou uma grande atitude at\u00e9 ao final da prova, terminando em 32\u00b0lugar.<\/p>\n<p>Na prova de Elites deste Campeonato Europeu, esteve presente outra atleta da equipa do Clube Nata\u00e7\u00e3o Torrejano, Madalena Almeida. Depois de ter realizado um bom segmento de nata\u00e7\u00e3o foi envolvida num acidente na transi\u00e7\u00e3o para o segmento de ciclismo que a colocou fora de prova.<\/p>\n<p>&nbsp;<\/p>\n<div class=\"fb-background-color\">\n\t\t\t  <div \n\t\t\t  \tclass = \"fb-comments\" \n\t\t\t  \tdata-href = \"https:\/\/www.entroncamentoonline.pt\/portal\/ricardo-batista-de-bronze-no-campeonato-da-europa-de-triatlo-em-juniores\/\"\n\t\t\t  \tdata-numposts = \"10\"\n\t\t\t  \tdata-lazy = \"true\"\n\t\t\t\tdata-colorscheme = \"light\"\n\t\t\t\tdata-order-by = \"social\"\n\t\t\t\tdata-mobile=true>\n\t\t\t  <\/div><\/div>\n\t\t  <style>\n\t\t    .fb-background-color {\n\t\t\t\tbackground:  !important;\n\t\t\t}\n\t\t\t.fb_iframe_widget_fluid_desktop iframe {\n\t\t\t    width: 100% !important;\n\t\t\t}\n\t\t  <\/style>\n\t\t  ","protected":false},"excerpt":{"rendered":"<p>Ricardo Batista conquistou no passado s\u00e1bado dia 1 de junho a medalha de bronze no Campeonato da Europa de Triatlo em juniores, uma prova realizada na Holanda, na cidade de Weert. Esta competi\u00e7\u00e3o foi disputada em formato sprint (750m\/nata\u00e7\u00e3o, 20kms\/ciclismo e 5kms\/corrida), onde o Ricardo Batista esteve sempre na frente da prova. Num circuito totalmente [&hellip;]<\/p>\n","protected":false},"author":1,"featured_media":7634,"comment_status":"open","ping_status":"closed","sticky":false,"template":"","format":"standard","meta":{"_acf_changed":false,"footnotes":""},"categories":[25,32,37],"tags":[],"class_list":{"0":"post-7633","1":"post","2":"type-post","3":"status-publish","4":"format-standard","5":"has-post-thumbnail","7":"category-desporto","8":"category-noticias","9":"category-torres-novas"},"acf":[],"_links":{"self":[{"href":"https:\/\/www.entroncamentoonline.pt\/portal\/wp-json\/wp\/v2\/posts\/7633","targetHints":{"allow":["GET"]}}],"collection":[{"href":"https:\/\/www.entroncamentoonline.pt\/portal\/wp-json\/wp\/v2\/posts"}],"about":[{"href":"https:\/\/www.entroncamentoonline.pt\/portal\/wp-json\/wp\/v2\/types\/post"}],"author":[{"embeddable":true,"href":"https:\/\/www.entroncamentoonline.pt\/portal\/wp-json\/wp\/v2\/users\/1"}],"replies":[{"embeddable":true,"href":"https:\/\/www.entroncamentoonline.pt\/portal\/wp-json\/wp\/v2\/comments?post=7633"}],"version-history":[{"count":0,"href":"https:\/\/www.entroncamentoonline.pt\/portal\/wp-json\/wp\/v2\/posts\/7633\/revisions"}],"wp:featuredmedia":[{"embeddable":true,"href":"https:\/\/www.entroncamentoonline.pt\/portal\/wp-json\/wp\/v2\/media\/7634"}],"wp:attachment":[{"href":"https:\/\/www.entroncamentoonline.pt\/portal\/wp-json\/wp\/v2\/media?parent=7633"}],"wp:term":[{"taxonomy":"category","embeddable":true,"href":"https:\/\/www.entroncamentoonline.pt\/portal\/wp-json\/wp\/v2\/categories?post=7633"},{"taxonomy":"post_tag","embeddable":true,"href":"https:\/\/www.entroncamentoonline.pt\/portal\/wp-json\/wp\/v2\/tags?post=7633"}],"curies":[{"name":"wp","href":"https:\/\/api.w.org\/{rel}","templated":true}]}}