{"id":7620,"date":"2019-06-03T13:14:55","date_gmt":"2019-06-03T12:14:55","guid":{"rendered":"https:\/\/www.entroncamentoonline.pt\/portal\/?p=7620"},"modified":"2019-06-03T13:14:55","modified_gmt":"2019-06-03T12:14:55","slug":"marta-temido-em-visita-ao-chmt","status":"publish","type":"post","link":"https:\/\/www.entroncamentoonline.pt\/portal\/marta-temido-em-visita-ao-chmt\/","title":{"rendered":"Marta Temido em visita ao CHMT"},"content":{"rendered":"<p>No dia em que recebeu a visita da Ministra da Sa\u00fade, Marta Temido, o Centro Hospitalar do M\u00e9dio Tejo iniciou as comemora\u00e7\u00f5es dos 40 anos do Servi\u00e7o Nacional de Sa\u00fade. \u201cOs princ\u00edpios da Universalidade e Igualdade do SNS\u201d representados num mural e a exposi\u00e7\u00e3o \u201c40 anos, 40 rostos\u201d foram inaugurados por Marta Temido, no passado dia 31 de maio. Nesta passagem pelas Unidades Hospitalares de Tomar, onde visitou o Servi\u00e7o de Imagiologia, e de Torres Novas, onde visitou o Servi\u00e7o de Nefrologia, a Ministra Marta Temido foi ainda surpreendida no Servi\u00e7o de Pediatria, com a festa do Dia Mundial da Crian\u00e7a.<\/p>\n<p><img loading=\"lazy\" decoding=\"async\" class=\"wp-image-7627 alignleft\" src=\"https:\/\/www.entroncamentoonline.pt\/portal\/wp-content\/uploads\/2019\/06\/Ministra_TAC.jpg\" alt=\"\" width=\"406\" height=\"305\" srcset=\"https:\/\/www.entroncamentoonline.pt\/portal\/wp-content\/uploads\/2019\/06\/Ministra_TAC.jpg 577w, https:\/\/www.entroncamentoonline.pt\/portal\/wp-content\/uploads\/2019\/06\/Ministra_TAC-80x60.jpg 80w, https:\/\/www.entroncamentoonline.pt\/portal\/wp-content\/uploads\/2019\/06\/Ministra_TAC-265x198.jpg 265w, https:\/\/www.entroncamentoonline.pt\/portal\/wp-content\/uploads\/2019\/06\/Ministra_TAC-560x420.jpg 560w\" sizes=\"auto, (max-width: 406px) 100vw, 406px\" \/>A visita da Ministra da Sa\u00fade, Marta Temido, iniciou-se no Servi\u00e7o de Imagiologia da Unidade Hospital de Tomar, Servi\u00e7o onde est\u00e1 instalado o equipamento de TAC. Marta Temido foi acompanhada por v\u00e1rios profissionais de sa\u00fade, nomeadamente o diretor do Servi\u00e7o de Imagiologia que esclareceu sobre as mais-valias da aquisi\u00e7\u00e3o deste equipamento de TAC para todo o CHMT, EPE. Recorde-se que o equipamento de TAC est\u00e1 a funcionar desde outubro de 2018, um investimento de mais de 300 mil euros, sendo este o primeiro equipamento de TAC, propriedade do CHMT, EPE, ao servi\u00e7o da popula\u00e7\u00e3o que abrange toda a Regi\u00e3o do M\u00e9dio Tejo.<\/p>\n<p>Em Torres Novas, Marta Temido come\u00e7ou por visitar o Servi\u00e7o de Nefrologia, destacando a Unidade de Di\u00e1lise, onde p\u00f4de verificar o funcionamento e as condi\u00e7\u00f5es de excel\u00eancia de um Servi\u00e7o de refer\u00eancia que possui a segunda maior unidade de dialise do SNS.<br \/>\nMarta Temido foi surpreendida no Servi\u00e7o de Pediatria por um significativo grupo de crian\u00e7as que festejavam o Dia Mundial da Crian\u00e7a, em estilo medieval, e um grupo de meninas sevilhanas que dan\u00e7aram para a Ministra da Sa\u00fade com todo o \u201csolero\u201d e alegria que a ocasi\u00e3o sugeria.<\/p>\n<p><strong>Mural \u201cUniversalidade e Igualdade do Servi\u00e7o Nacional de Sa\u00fade\u201d<\/strong><\/p>\n<p><img loading=\"lazy\" decoding=\"async\" class=\"wp-image-7625 alignright\" src=\"https:\/\/www.entroncamentoonline.pt\/portal\/wp-content\/uploads\/2019\/06\/mural.jpg\" alt=\"\" width=\"472\" height=\"354\" srcset=\"https:\/\/www.entroncamentoonline.pt\/portal\/wp-content\/uploads\/2019\/06\/mural.jpg 577w, https:\/\/www.entroncamentoonline.pt\/portal\/wp-content\/uploads\/2019\/06\/mural-80x60.jpg 80w, https:\/\/www.entroncamentoonline.pt\/portal\/wp-content\/uploads\/2019\/06\/mural-265x198.jpg 265w, https:\/\/www.entroncamentoonline.pt\/portal\/wp-content\/uploads\/2019\/06\/mural-560x420.jpg 560w\" sizes=\"auto, (max-width: 472px) 100vw, 472px\" \/>Ainda na Unidade Hospitalar de Tomar, Marta Temido inaugurou um mural, obra art\u00edstica de Ana Oliveira, que alude aos princ\u00edpios da \u201cUniversalidade e da Igualdade do Servi\u00e7o Nacional de Sa\u00fade\u201d, uma pintura alusiva aos 40 anos do SNS.<\/p>\n<p>Ana Oliveira em 2005, ap\u00f3s concluir o Curso Tecnol\u00f3gico de Design, Cer\u00e2mica e Escultura, iniciou a forma\u00e7\u00e3o em Escultura nas Belas-Artes de Lisboa. O percurso acad\u00e9mico \u00e9 conclu\u00eddo em 2012 com o Mestrado em Escultura P\u00fablica.<\/p>\n<p>Integrou e organizou diversas exposi\u00e7\u00f5es colectivas e individuais, o que lhe permitiu estar integrada em esp\u00f3lio art\u00edstico no Hospital Santa Maria em Lisboa com o desenho \u201c7 meses\u201d, na Cidade Universit\u00e1ria de Lisboa com a escultura \u201cFruto\u201d, na C\u00e2mara Municipal de Our\u00e9m com a escultura \u201cOureana\u201d, na colec\u00e7\u00e3o privada de Roberto Chichorro com o desenho \u201c\u00daltimos Ver\u00f5es\u201d, bem como em diversas colec\u00e7\u00f5es privadas espalhadas pela Europa, \u00c1sia, Austr\u00e1lia e Am\u00e9rica do Norte.<\/p>\n<p>Ana Oliveira descreveu o desafio deste mural afirmando ser \u201cum projeto que me tocou a alma. Sinto que este Servi\u00e7o \u00e9 um n\u00facleo de cuidadores que est\u00e3o em dedica\u00e7\u00e3o ao outro. O seu trabalho \u00e9 trabalhar a dor, a perda, a doen\u00e7a, mas tamb\u00e9m \u00e9 trabalhar a cura, a sa\u00fade e a vida. E como tal, ao criar este desenho, entendi este muro como uma celebra\u00e7\u00e3o a todos eles e a todos n\u00f3s\u201d.<\/p>\n<p><strong>Exposi\u00e7\u00e3o 40 anos, 40 rostos<\/strong><\/p>\n<p><img loading=\"lazy\" decoding=\"async\" class=\"wp-image-7622 alignright\" src=\"https:\/\/www.entroncamentoonline.pt\/portal\/wp-content\/uploads\/2019\/06\/40-anos-40-rostos2.jpg\" alt=\"\" width=\"402\" height=\"302\" srcset=\"https:\/\/www.entroncamentoonline.pt\/portal\/wp-content\/uploads\/2019\/06\/40-anos-40-rostos2.jpg 577w, https:\/\/www.entroncamentoonline.pt\/portal\/wp-content\/uploads\/2019\/06\/40-anos-40-rostos2-80x60.jpg 80w, https:\/\/www.entroncamentoonline.pt\/portal\/wp-content\/uploads\/2019\/06\/40-anos-40-rostos2-265x198.jpg 265w, https:\/\/www.entroncamentoonline.pt\/portal\/wp-content\/uploads\/2019\/06\/40-anos-40-rostos2-560x420.jpg 560w\" sizes=\"auto, (max-width: 402px) 100vw, 402px\" \/>Ainda no \u00e2mbito da Comemora\u00e7\u00e3o dos 40 anos do Servi\u00e7o Nacional de Sa\u00fade, a Ministra Marta Temido, inaugurou a exposi\u00e7\u00e3o \u201c40 anos, 40 rostos\u201d, na Unidade Hospitalar de Torres Novas. Uma mostra fotogr\u00e1fica que parte do rosto de Ant\u00f3nio Arnaut, \u201cpai do SNS\u201d, para os rostos dos que diariamente fazem e constroem o SNS.<\/p>\n<p>Rostos de profissionais que est\u00e3o desde 1979 a trabalhar no SNS, e continuam ainda em fun\u00e7\u00f5es no CHMT, EPE, e rostos de profissionais que nasceram no ano em que o SNS iniciou a sua caminhada e que este ano completam 40 anos de idade. Tal como o SNS.<br \/>\nEsta exposi\u00e7\u00e3o termina com rostos de beb\u00e9s nascidos no CHMT, EPE, este ano de 2019 representando o desenvolvimento de um SNS que se expande e prolonga para o Futuro.<\/p>\n<div class=\"fb-background-color\">\n\t\t\t  <div \n\t\t\t  \tclass = \"fb-comments\" \n\t\t\t  \tdata-href = \"https:\/\/www.entroncamentoonline.pt\/portal\/marta-temido-em-visita-ao-chmt\/\"\n\t\t\t  \tdata-numposts = \"10\"\n\t\t\t  \tdata-lazy = \"true\"\n\t\t\t\tdata-colorscheme = \"light\"\n\t\t\t\tdata-order-by = \"social\"\n\t\t\t\tdata-mobile=true>\n\t\t\t  <\/div><\/div>\n\t\t  <style>\n\t\t    .fb-background-color {\n\t\t\t\tbackground:  !important;\n\t\t\t}\n\t\t\t.fb_iframe_widget_fluid_desktop iframe {\n\t\t\t    width: 100% !important;\n\t\t\t}\n\t\t  <\/style>\n\t\t  ","protected":false},"excerpt":{"rendered":"<p>No dia em que recebeu a visita da Ministra da Sa\u00fade, Marta Temido, o Centro Hospitalar do M\u00e9dio Tejo iniciou as comemora\u00e7\u00f5es dos 40 anos do Servi\u00e7o Nacional de Sa\u00fade. \u201cOs princ\u00edpios da Universalidade e Igualdade do SNS\u201d representados num mural e a exposi\u00e7\u00e3o \u201c40 anos, 40 rostos\u201d foram inaugurados por Marta Temido, no passado [&hellip;]<\/p>\n","protected":false},"author":1,"featured_media":7628,"comment_status":"open","ping_status":"closed","sticky":false,"template":"","format":"standard","meta":{"_acf_changed":false,"footnotes":""},"categories":[32,36,37],"tags":[],"class_list":{"0":"post-7620","1":"post","2":"type-post","3":"status-publish","4":"format-standard","5":"has-post-thumbnail","7":"category-noticias","8":"category-tomar","9":"category-torres-novas"},"acf":[],"_links":{"self":[{"href":"https:\/\/www.entroncamentoonline.pt\/portal\/wp-json\/wp\/v2\/posts\/7620","targetHints":{"allow":["GET"]}}],"collection":[{"href":"https:\/\/www.entroncamentoonline.pt\/portal\/wp-json\/wp\/v2\/posts"}],"about":[{"href":"https:\/\/www.entroncamentoonline.pt\/portal\/wp-json\/wp\/v2\/types\/post"}],"author":[{"embeddable":true,"href":"https:\/\/www.entroncamentoonline.pt\/portal\/wp-json\/wp\/v2\/users\/1"}],"replies":[{"embeddable":true,"href":"https:\/\/www.entroncamentoonline.pt\/portal\/wp-json\/wp\/v2\/comments?post=7620"}],"version-history":[{"count":0,"href":"https:\/\/www.entroncamentoonline.pt\/portal\/wp-json\/wp\/v2\/posts\/7620\/revisions"}],"wp:featuredmedia":[{"embeddable":true,"href":"https:\/\/www.entroncamentoonline.pt\/portal\/wp-json\/wp\/v2\/media\/7628"}],"wp:attachment":[{"href":"https:\/\/www.entroncamentoonline.pt\/portal\/wp-json\/wp\/v2\/media?parent=7620"}],"wp:term":[{"taxonomy":"category","embeddable":true,"href":"https:\/\/www.entroncamentoonline.pt\/portal\/wp-json\/wp\/v2\/categories?post=7620"},{"taxonomy":"post_tag","embeddable":true,"href":"https:\/\/www.entroncamentoonline.pt\/portal\/wp-json\/wp\/v2\/tags?post=7620"}],"curies":[{"name":"wp","href":"https:\/\/api.w.org\/{rel}","templated":true}]}}