{"id":7577,"date":"2019-06-03T16:17:28","date_gmt":"2019-06-03T15:17:28","guid":{"rendered":"https:\/\/www.entroncamentoonline.pt\/portal\/?p=7577"},"modified":"2019-06-11T21:41:11","modified_gmt":"2019-06-11T20:41:11","slug":"vila-nova-da-barquinha-feira-do-tejo-2019-de-8-a-13-de-junho","status":"publish","type":"post","link":"https:\/\/www.entroncamentoonline.pt\/portal\/vila-nova-da-barquinha-feira-do-tejo-2019-de-8-a-13-de-junho\/","title":{"rendered":"VILA NOVA DA BARQUINHA | Feira do Tejo 2019 de 8 a 13 de junho"},"content":{"rendered":"<p>Seis dias de festa. Vila Nova da Barquinha n\u00e3o vai parar entre 8 e 13 de junho. Vem a\u00ed o maior evento anual do concelho, com dezenas de expositores de artesanato e tasquinhas.<\/p>\n<p>Na XXXIII edi\u00e7\u00e3o da Feira do Tejo n\u00e3o ir\u00e3o faltar anima\u00e7\u00e3o de rua, teatro, dan\u00e7a, m\u00fasica, folclore, marchas populares, desporto, insufl\u00e1veis, batismos a cavalo, exposi\u00e7\u00f5es, entre muitas outras atividades para toda a fam\u00edlia, num programa bastante ecl\u00e9tico.<\/p>\n<p>Na m\u00fasica, de real\u00e7ar o concerto dos portugueses HMB na primeira noite de festa (8 jun). As can\u00e7\u00f5es de sempre, pelas vozes incontorn\u00e1veis da Orquestra Ligeira do Ex\u00e9rcito, v\u00e3o marcar presen\u00e7a uma vez mais na Feira do Tejo (13 jun).<\/p>\n<p>O teatro de rua \u00e9 uma forte aposta na edi\u00e7\u00e3o deste ano, com Vila Nova da Barquinha a acolher um dos melhores espet\u00e1culos de teatro de rua do mundo \u2013 INSOMNIO (9 jun), pela Companhia Teatro do Mar. Na mesma linha, os conceituados Custom Circus est\u00e3o de volta a Vila Nova da Barquinha, desta vez com o espet\u00e1culo &#8220;Absurdium&#8221; (12 jun).<\/p>\n<p>O evento \u00e9 tamb\u00e9m uma oportunidade para conhecer o Parque de Escultura Contempor\u00e2nea Almourol (<a href=\"http:\/\/www.barquinhaearte.pt\">www.barquinhaearte.pt<\/a>), que nestes dias oferece visitas guiadas pelas 11 esculturas de grandes dimens\u00f5es, o Castelo de Almourol, monumento nacional cuja ilha foi recentemente alvo de arranjo paisag\u00edstico e que agora inclui no ingresso de visita tamb\u00e9m o acesso ao novo Centro de Interpreta\u00e7\u00e3o Templ\u00e1rio, equipamento \u00fanico em Portugal.<\/p>\n<p>Durante a visita aproveite para conhecer um dos mais recentes espa\u00e7os de divulga\u00e7\u00e3o da ci\u00eancia em Portugal \u2013 o Centro Integrado de Educa\u00e7\u00e3o em Ci\u00eancias (<a href=\"http:\/\/www.ciec.vnb.pt\">www.ciec.vnb.pt<\/a>), ou as 11 obras de arte p\u00fablica que integram o Programa de Arte P\u00fablica da Funda\u00e7\u00e3o EDP espalhados pelas ruas das vilas e aldeias do concelho, de artistas como Vhils e Manuel Jo\u00e3o Vieira. Em Atalaia, espera por si a Igreja Matriz, monumento nacional e um dos pontos principais da passagem do Caminho Portugu\u00eas de Santiago pelo concelho. \u00c0 mesa, recomenda-se a gastronomia t\u00edpica, baseada nos sabores do rio, que pode ser apreciada nos in\u00fameros restaurantes.<\/p>\n<p>Mais uma vez, a parceria do Munic\u00edpio de Vila Nova da Barquinha com as associa\u00e7\u00f5es e entidades do concelho criaram condi\u00e7\u00f5es para seis dias de muita divers\u00e3o junto ao rio Tejo, num espa\u00e7o de rara beleza.<\/p>\n<p>Consulte os hor\u00e1rios e o programa completo <a href=\"http:\/\/www.cm-vnbarquinha.pt\/index.php\/pt\/agenda-cultural\/106-feira-do-tejo-2019\">AQUI<\/a><\/p>\n<p style=\"text-align: center;\"><strong>8 de junho | s\u00e1bado<\/strong><\/p>\n<p>08h30 | Concentra\u00e7\u00e3o na sede do Vespalmourol \u2013 junto \u00e0 Pra\u00e7a de Touros<\/p>\n<p><strong>Caminhada Solid\u00e1ria com Vespa a favor da Beatriz Morgado<\/strong><\/p>\n<p>09h00 | Largo 1.\u00ba de Dezembro<\/p>\n<p><strong>IV Passeio Trilha Milhas<\/strong><\/p>\n<p>10h30 | Parque Ribeirinho<\/p>\n<p><strong>Yoga no Parque<\/strong><\/p>\n<p>14h00 | Largo 1.\u00ba de Dezembro<\/p>\n<p><strong>17.\u00aa Concentra\u00e7\u00e3o Vespalmourol<\/strong><\/p>\n<p>14h00 | Aquagym<\/p>\n<p><strong>3\u00ba Festival de Escolas de Nata\u00e7\u00e3o Barquinha 2019<\/strong><\/p>\n<p>15h00 | Parque Ribeirinho<\/p>\n<p><strong>Abertura oficial da XXXIII Feira do Tejo<\/strong><\/p>\n<p>15h00-17h00 | Parque Ribeirinho<\/p>\n<p><strong>Os Vanguardistas da Pintura: R\u00e3m Bram e Pi Cazo &#8211; Anima\u00e7\u00e3o de Rua<\/strong><\/p>\n<p>15h30-18h30 | Parque Ribeirinho<\/p>\n<p><strong>Workshop de Canoagem<\/strong><\/p>\n<p>16h00-20h00 | Parque Ribeirinho<\/p>\n<p><strong>Ateli\u00eas Infantis | Insufl\u00e1veis<\/strong><\/p>\n<p>16h00 | Parque Ribeirinho<\/p>\n<p><strong>Agostinho e Felicidade<\/strong> &#8211; <strong>Anima\u00e7\u00e3o de Rua <\/strong>&#8211; Boca de C\u00e3o<\/p>\n<p>18h00-21h00 | concentra\u00e7\u00e3o junto Centro Cultural<\/p>\n<p><strong>Passeio Fotogr\u00e1fico &#8220;Almourol Click&#8221;<\/strong><\/p>\n<p>18h45 | Parque Ribeirinho<\/p>\n<p><strong>Alforria &#8211; Anima\u00e7\u00e3o de Rua <\/strong>&#8211; Boca de C\u00e3o<\/p>\n<p>19h00 | Palco Ribeirinho<\/p>\n<p><strong>Ricardo Costa <\/strong>\u2013 m\u00fasica<\/p>\n<p>19h00 | Parque Ribeirinho<\/p>\n<p><strong>Trail de St\u00ba Ant\u00f3nio<\/strong><\/p>\n<p>19h00-21h00 | Parque Ribeirinho<\/p>\n<p><strong>Os Vanguardistas da Pintura: R\u00e3m Bram e Pi Cazo &#8211; Anima\u00e7\u00e3o de Rua<\/strong><\/p>\n<p>21h00 | Palco Santo Ant\u00f3nio<\/p>\n<p><strong>Festival de Folclore<\/strong><\/p>\n<p><img loading=\"lazy\" decoding=\"async\" class=\"wp-image-7578 alignleft\" src=\"https:\/\/www.entroncamentoonline.pt\/portal\/wp-content\/uploads\/2019\/06\/HMB.jpg\" alt=\"\" width=\"371\" height=\"247\" \/>22h30 | Palco Principal<\/p>\n<p><strong>HMB<\/strong> \u2013 m\u00fasica<\/p>\n<p>00h00 | Palco Ribeirinho<\/p>\n<p><strong>Groov3 IN<\/strong> \u2013 m\u00fasica<\/p>\n<p>&nbsp;<\/p>\n<p>&nbsp;<\/p>\n<p style=\"text-align: center;\"><strong>9 de junho | domingo<\/strong><\/p>\n<p>08h30 | concentra\u00e7\u00e3o junto Centro Cultural<\/p>\n<p><strong>II PEETI TRAIL &#8220;Seguir trilhos com pais e filhos&#8221;<\/strong><\/p>\n<p>09h00 | Largo 1.\u00ba de Dezembro<\/p>\n<p><strong>17.\u00aa Concentra\u00e7\u00e3o Vespalmourol<\/strong><\/p>\n<p>10h00 | concentra\u00e7\u00e3o junto Centro Cultural<\/p>\n<p><strong>Visita guiada ao Parque de Escultura de Arte Contempor\u00e2nea<\/strong><\/p>\n<p>10h30 | Parque Ribeirinho<\/p>\n<p><strong>Yoga no Parque\u00a0\u00a0\u00a0\u00a0\u00a0\u00a0\u00a0\u00a0\u00a0\u00a0\u00a0\u00a0\u00a0\u00a0\u00a0\u00a0\u00a0\u00a0\u00a0\u00a0\u00a0\u00a0\u00a0\u00a0\u00a0\u00a0\u00a0\u00a0\u00a0\u00a0 <\/strong><\/p>\n<p>15h00 | CITA<\/p>\n<p><strong>Inaugura\u00e7\u00e3o da exposi\u00e7\u00e3o &#8220;Imp\u00e9rio Divino no M\u00e9dio Tejo&#8221;<\/strong><\/p>\n<p>15h30-18h30 | Parque Ribeirinho<\/p>\n<p><strong>Workshop de Canoagem<\/strong><\/p>\n<p>15h30 | Parque Ribeirinho<\/p>\n<p><strong>Agostinho e Felicidade &#8211; Anima\u00e7\u00e3o de Rua<\/strong> &#8211; Boca de C\u00e3o<\/p>\n<p>16h00-20h00 | Parque Ribeirinho<\/p>\n<p><strong>Ateli\u00eas Infantis | Insufl\u00e1veis<\/strong><\/p>\n<p>16h00 | Centro Cultural<\/p>\n<p><strong>Entrega Diplomas FOS + atua\u00e7\u00e3o diversas turmas<\/strong><\/p>\n<p>16h00 | Palco Santo Ant\u00f3nio<\/p>\n<p><strong>Demonstra\u00e7\u00e3o de Ballet e Kempo<\/strong><\/p>\n<p>18h00 | Parque Ribeirinho<\/p>\n<p><strong>Novo Tejo &#8211; Interven\u00e7\u00e3o Art\u00edstica por Mar\u00edlia Aquino<\/strong><\/p>\n<p>18h00 | Parque Ribeirinho<\/p>\n<p><strong><img loading=\"lazy\" decoding=\"async\" class=\"wp-image-7581 alignleft\" src=\"https:\/\/www.entroncamentoonline.pt\/portal\/wp-content\/uploads\/2019\/06\/2-Toque-de-Caixa-Lu\u00eds-Valadares-Maluga-Caminha-2017.jpg\" alt=\"\" width=\"353\" height=\"235\" \/>Toque de Caixa &#8211; Anima\u00e7\u00e3o de Rua<\/strong> &#8211; Boca de C\u00e3o<\/p>\n<p>19h00 | Palco Santo Ant\u00f3nio<\/p>\n<p><strong>Demonstra\u00e7\u00e3o de Hip-Hop da Academia de Dan\u00e7as Moderna\/Urbanas<\/strong><\/p>\n<p>19h00 | Palco Ribeirinho<\/p>\n<p><strong>Down Reverse <\/strong>\u2013 m\u00fasica<\/p>\n<p>20h00-22h00 | Parque Ribeirinho<\/p>\n<p><strong>Os Vanguardistas da Pintura: R\u00e3m Bram e Pi Cazo &#8211; Anima\u00e7\u00e3o de Rua<\/strong><\/p>\n<p>22h30 | Palco Principal<\/p>\n<p><strong><img loading=\"lazy\" decoding=\"async\" class=\"wp-image-7580 alignright\" src=\"https:\/\/www.entroncamentoonline.pt\/portal\/wp-content\/uploads\/2019\/06\/InSomnio-Teatro-do-Mar.jpg\" alt=\"\" width=\"437\" height=\"291\" \/>INSOMNIO | Teatro de rua<\/strong> &#8211; Teatro do Mar<\/p>\n<p>00h00 | Palco Ribeirinho<\/p>\n<p>Astro Dogs \u2013 m\u00fasica<\/p>\n<p>&nbsp;<\/p>\n<p>&nbsp;<\/p>\n<p style=\"text-align: center;\"><strong>10 de junho | segunda<\/strong><\/p>\n<p>09h00 | concentra\u00e7\u00e3o junto Centro Cultural<\/p>\n<p><strong>Passeio da Mem\u00f3ria<\/strong><\/p>\n<p>10h30 | Parque Ribeirinho<\/p>\n<p><strong>Yoga no Parque<\/strong><\/p>\n<p>14h00-18h00 | CEAC<\/p>\n<p><strong>Pintura jovem no atelier do CEAC<\/strong><\/p>\n<p>15h00 | Parque Ribeirinho (Campo Desportivo)<\/p>\n<p><strong>Comemora\u00e7\u00e3o do Dia Nacional do Mini-Basket<\/strong><\/p>\n<p>15h30-18h30 | Parque Ribeirinho<\/p>\n<p><strong>Workshop de Canoagem<\/strong><\/p>\n<p>15h30 | Parque Ribeirinho<\/p>\n<p><strong>Agostinho e Felicidade &#8211; Anima\u00e7\u00e3o de Rua<\/strong> &#8211; Boca de C\u00e3o<\/p>\n<p>16h00 | Palco Santo Ant\u00f3nio<\/p>\n<p><strong>Grupo de Cantares do CUR<\/strong><\/p>\n<p>16h00-20h00 | Parque Ribeirinho<\/p>\n<p><strong>Ateli\u00eas Infantis | Insufl\u00e1veis<\/strong><\/p>\n<p>18h00 | Parque Ribeirinho<\/p>\n<p><strong>Novo Tejo &#8211; Interven\u00e7\u00e3o Art\u00edstica por Mar\u00edlia Aquino<\/strong><\/p>\n<p>19h00 | Parque Ribeirinho<\/p>\n<p><strong>Agostinho e Felicidade &#8211; Anima\u00e7\u00e3o de Rua<\/strong> &#8211; Boca de C\u00e3o<\/p>\n<p>19h00 | Palco Ribeirinho<\/p>\n<p><strong>Pedro Dyonysyo &amp; Banda<\/strong> \u2013 m\u00fasica<\/p>\n<p>20h00-22h00 | Parque Ribeirinho<\/p>\n<p><strong>Os Vanguardistas da Pintura: R\u00e3m Bram e Pi Cazo &#8211; Anima\u00e7\u00e3o de Rua<\/strong><\/p>\n<p>22h00 | Palco Principal<\/p>\n<p><strong>Noite de Gl\u00f3ria com Carlos Barquinha e os 100Stress<\/strong> \u2013 m\u00fasica com artistas do concelho<\/p>\n<p>00h00 | Palco Ribeirinho<\/p>\n<p><strong>SEDE &#8211; Tributo ao Rock Portugu\u00eas<\/strong> \u2013 m\u00fasica<\/p>\n<p style=\"text-align: center;\"><strong>11 de junho | ter\u00e7a<\/strong><\/p>\n<p>19h00 | Palco Ribeirinho<\/p>\n<p><strong>Guardi\u00f5es do Palco<\/strong> \u2013 m\u00fasica<\/p>\n<p>19h00 | concentra\u00e7\u00e3o junto Centro Cultural<\/p>\n<p><strong>Caminhada dos Artistas<\/strong> &#8211; Percurso Ribeirinho<\/p>\n<p>22h00 | Palco Principal<\/p>\n<p><strong>Alive &#8211; Tributo a Pearl Jam<\/strong> \u2013 m\u00fasica<\/p>\n<p>00h00 | Palco Ribeirinho<\/p>\n<p><strong>Som pa&#8217;tudo<\/strong> \u2013 m\u00fasica<\/p>\n<p style=\"text-align: center;\"><strong>12 de junho | quarta<\/strong><\/p>\n<p>18h00 | CEAC<\/p>\n<p><strong>Apresenta\u00e7\u00e3o de v\u00eddeos dos alunos do CEAC<\/strong><\/p>\n<p>19h00\u00a0\u00a0\u00a0 | Palco Ribeirinho<\/p>\n<p><strong>Grupo Cantar D\u2019Amigos da OTA<\/strong> \u2013 m\u00fasica<\/p>\n<p>20h00-22h00 | Parque Ribeirinho<\/p>\n<p><strong>Os Vanguardistas da Pintura: R\u00e3m Bram e Pi Cazo &#8211; Anima\u00e7\u00e3o de Rua<\/strong><\/p>\n<p>21h00 | Palco Santo Ant\u00f3nio<\/p>\n<p><strong>Marchas Populares<\/strong><\/p>\n<p><strong><img loading=\"lazy\" decoding=\"async\" class=\"wp-image-7579 alignright\" src=\"https:\/\/www.entroncamentoonline.pt\/portal\/wp-content\/uploads\/2019\/06\/custom-circus_absurdium.jpg\" alt=\"\" width=\"308\" height=\"449\" srcset=\"https:\/\/www.entroncamentoonline.pt\/portal\/wp-content\/uploads\/2019\/06\/custom-circus_absurdium.jpg 414w, https:\/\/www.entroncamentoonline.pt\/portal\/wp-content\/uploads\/2019\/06\/custom-circus_absurdium-288x420.jpg 288w\" sizes=\"auto, (max-width: 308px) 100vw, 308px\" \/>ABSURDIUM &#8211; CUSTOM CIRCUS | Teatro de rua<\/strong><\/p>\n<p>00h00 | Palco Ribeirinho<\/p>\n<p><strong>Kontra Rel\u00f3gio<\/strong> \u2013 m\u00fasica<\/p>\n<p style=\"text-align: center;\"><strong>13 de junho | quinta<\/strong><\/p>\n<p>09h00 | Pra\u00e7a da Rep\u00fablica<\/p>\n<p><strong>Hastear da Bandeira<\/strong><\/p>\n<p>10h00 | concentra\u00e7\u00e3o junto Centro Cultural<\/p>\n<p><strong>Visita guiada ao Parque de Escultura de Arte Contempor\u00e2nea<\/strong><\/p>\n<p>15h30-18h30 | Parque Ribeirinho<\/p>\n<p><strong>Workshop de Canoagem<\/strong><\/p>\n<p>16h00-17h00 | Parque Ribeirinho<\/p>\n<p><strong>Mascotes Parade<\/strong><\/p>\n<p>16h30 | Centro Cultural<\/p>\n<p><strong>Entrega pr\u00e9mios Concurso &#8220;Meu Querido Santo Ant\u00f3nio\u201d<\/strong><\/p>\n<p>17h00 | Centro Cultural<\/p>\n<p><strong>Apresenta\u00e7\u00e3o da Escola de M\u00fasica de VN Barquinha<\/strong><\/p>\n<p>18h00 | Largo 1.\u00ba de Dezembro<\/p>\n<p><strong>A Grande Floresta | Teatro de rua<\/strong> &#8211; Teatro do Mar<\/p>\n<p>18h30 | Igreja Matriz Vila Nova da Barquinha<\/p>\n<p><strong>Missa em Honra de St\u00ba Ant\u00f3nio, seguida de Prociss\u00e3o<\/strong><\/p>\n<p>19h00-20h00 | Parque Ribeirinho<\/p>\n<p><strong>Mascotes Parade<\/strong><\/p>\n<p>19h00 | Palco Ribeirinho<\/p>\n<p><strong>Arregaita<\/strong> \u2013 m\u00fasica<\/p>\n<p>20h00-22h00 | Parque Ribeirinho<\/p>\n<p><strong>Os Vanguardistas da Pintura: R\u00e3m Bram e Pi Cazo &#8211; Anima\u00e7\u00e3o de Rua<\/strong><\/p>\n<p>21h00 | Aquapalco<\/p>\n<p><strong>Dan\u00e7as de Sal\u00e3o<\/strong> &#8211; CIR Ex-Tuna<\/p>\n<p>22h00 | Palco Principal<\/p>\n<p><strong>Orquestra Ligeira do Ex\u00e9rcito<\/strong> \u2013 m\u00fasica<\/p>\n<p><strong>Hor\u00e1rio da Feira do Tejo<\/strong><\/p>\n<p>Dias 8, 9, 10 e 13: 15h00-24h00<\/p>\n<p>Dias 11 e 12: 18h00-24h00<\/p>\n<p>8 a 13 junho | Galeria do Parque<\/p>\n<p><strong>Exposi\u00e7\u00e3o &#8220;Projeto Artejo&#8221;<\/strong><\/p>\n<p>(15h00-21h00)<\/p>\n<p>8 a 13 de junho | Centro Cultural de Vila Nova da Barquinha<\/p>\n<p><strong>Exposi\u00e7\u00e3o do concurso \u201cMeu Querido Santo Ant\u00f3nio\u201c<\/strong> &#8211; Par\u00f3quia St\u00ba Ant\u00f3nio VNB<\/p>\n<p><strong>Batismo a Cavalo <\/strong>\u2013 Clube H\u00edpico Margens do Tejo<\/p>\n<p>Parque Ribeirinho<\/p>\n<p>dias 08, 09 e 13 de junho: das 16h00 \u00e0s 18h00<\/p>\n<p>dias 11 e 12: das 18h00 \u00e0s 20h00<\/p>\n<div class=\"fb-background-color\">\n\t\t\t  <div \n\t\t\t  \tclass = \"fb-comments\" \n\t\t\t  \tdata-href = \"https:\/\/www.entroncamentoonline.pt\/portal\/vila-nova-da-barquinha-feira-do-tejo-2019-de-8-a-13-de-junho\/\"\n\t\t\t  \tdata-numposts = \"10\"\n\t\t\t  \tdata-lazy = \"true\"\n\t\t\t\tdata-colorscheme = \"light\"\n\t\t\t\tdata-order-by = \"social\"\n\t\t\t\tdata-mobile=true>\n\t\t\t  <\/div><\/div>\n\t\t  <style>\n\t\t    .fb-background-color {\n\t\t\t\tbackground:  !important;\n\t\t\t}\n\t\t\t.fb_iframe_widget_fluid_desktop iframe {\n\t\t\t    width: 100% !important;\n\t\t\t}\n\t\t  <\/style>\n\t\t  ","protected":false},"excerpt":{"rendered":"<p>Seis dias de festa. Vila Nova da Barquinha n\u00e3o vai parar entre 8 e 13 de junho. Vem a\u00ed o maior evento anual do concelho, com dezenas de expositores de artesanato e tasquinhas. Na XXXIII edi\u00e7\u00e3o da Feira do Tejo n\u00e3o ir\u00e3o faltar anima\u00e7\u00e3o de rua, teatro, dan\u00e7a, m\u00fasica, folclore, marchas populares, desporto, insufl\u00e1veis, batismos [&hellip;]<\/p>\n","protected":false},"author":1,"featured_media":7650,"comment_status":"open","ping_status":"closed","sticky":false,"template":"","format":"standard","meta":{"_acf_changed":false,"footnotes":""},"categories":[71],"tags":[],"class_list":{"0":"post-7577","1":"post","2":"type-post","3":"status-publish","4":"format-standard","5":"has-post-thumbnail","7":"category-outras-noticias"},"acf":[],"_links":{"self":[{"href":"https:\/\/www.entroncamentoonline.pt\/portal\/wp-json\/wp\/v2\/posts\/7577","targetHints":{"allow":["GET"]}}],"collection":[{"href":"https:\/\/www.entroncamentoonline.pt\/portal\/wp-json\/wp\/v2\/posts"}],"about":[{"href":"https:\/\/www.entroncamentoonline.pt\/portal\/wp-json\/wp\/v2\/types\/post"}],"author":[{"embeddable":true,"href":"https:\/\/www.entroncamentoonline.pt\/portal\/wp-json\/wp\/v2\/users\/1"}],"replies":[{"embeddable":true,"href":"https:\/\/www.entroncamentoonline.pt\/portal\/wp-json\/wp\/v2\/comments?post=7577"}],"version-history":[{"count":0,"href":"https:\/\/www.entroncamentoonline.pt\/portal\/wp-json\/wp\/v2\/posts\/7577\/revisions"}],"wp:featuredmedia":[{"embeddable":true,"href":"https:\/\/www.entroncamentoonline.pt\/portal\/wp-json\/wp\/v2\/media\/7650"}],"wp:attachment":[{"href":"https:\/\/www.entroncamentoonline.pt\/portal\/wp-json\/wp\/v2\/media?parent=7577"}],"wp:term":[{"taxonomy":"category","embeddable":true,"href":"https:\/\/www.entroncamentoonline.pt\/portal\/wp-json\/wp\/v2\/categories?post=7577"},{"taxonomy":"post_tag","embeddable":true,"href":"https:\/\/www.entroncamentoonline.pt\/portal\/wp-json\/wp\/v2\/tags?post=7577"}],"curies":[{"name":"wp","href":"https:\/\/api.w.org\/{rel}","templated":true}]}}