{"id":7444,"date":"2019-05-29T15:30:58","date_gmt":"2019-05-29T14:30:58","guid":{"rendered":"https:\/\/www.entroncamentoonline.pt\/portal\/?p=7444"},"modified":"2019-06-08T14:13:04","modified_gmt":"2019-06-08T13:13:04","slug":"feira-de-recriacao-historia-de-torres-novas-de-29-de-maio-a-2-de-junho-2","status":"publish","type":"post","link":"https:\/\/www.entroncamentoonline.pt\/portal\/feira-de-recriacao-historia-de-torres-novas-de-29-de-maio-a-2-de-junho-2\/","title":{"rendered":"Feira de recria\u00e7\u00e3o hist\u00f3ria de Torres Novas de 29 de maio a 2 de junho"},"content":{"rendered":"<p>Com o tema \u00abTempos Sombrios \u2013 D. Pedro de Lencastre, inquisidor-geral do reino\u00bb, Torres Novas volta a recuar no tempo com a sua d\u00e9cima edi\u00e7\u00e3o da feira de \u00e9poca que este ano tem lugar de 29 de maio a 2 de junho. No ano passado o evento registou mais de 80 mil entradas ao longo dos 5 dias.<\/p>\n<p>Nesta edi\u00e7\u00e3o, a a\u00e7\u00e3o tem lugar na d\u00e9cada de 70 do s\u00e9culo XVII. A Inquisi\u00e7\u00e3o e os Tribunais do Santo Of\u00edcio s\u00e3o institui\u00e7\u00f5es que representam o poder e atrav\u00e9s das quais ele se manifesta. Dona de um controlo social feroz, a Inquisi\u00e7\u00e3o, leva a cabo persegui\u00e7\u00f5es, encarceramentos, torturas e autos de f\u00e9. A par de outras persegui\u00e7\u00f5es, condena\u00e7\u00f5es e de proibi\u00e7\u00f5es v\u00e1rias, a intoler\u00e2ncia e a vigil\u00e2ncia dos comportamentos dos crist\u00e3os-novos e de suas fam\u00edlias t\u00eam ainda nesta \u00e9poca um cariz muito violento, onde a den\u00fancia e o medo marcam os comportamentos do dia-a-dia. As mulheres s\u00e3o socialmente, tamb\u00e9m, bastante controladas, situa\u00e7\u00e3o que se perpetua e que n\u00e3o \u00e9 nova. Regista-se o grande n\u00famero de mulheres que s\u00e3o enviadas para conventos como forma de penit\u00eancia. Os desvios \u00e0 norma eram feitos em segredo e em ref\u00fagios. Se alguma confid\u00eancia se deixava escapar, ao pecador a confiss\u00e3o era arrancada pela tortura, f\u00edsica e psicol\u00f3gica. Sempre em nome de Deus e da remiss\u00e3o dos pecados, com forte componente, quer c\u00e9nica, quer pedag\u00f3gica, tanto no castigo como na absolvi\u00e7\u00e3o. Reina em Portugal D. Pedro II, irm\u00e3o do malogrado Afonso VI. Vivem-se tempos sombrios.<\/p>\n<p>\u00c9 este o cen\u00e1rio que a edi\u00e7\u00e3o de 2019 desta feira de \u00e9poca pretende desenhar atrav\u00e9s de momentos de recria\u00e7\u00e3o hist\u00f3rica, atividades l\u00fadicas, performances musicais e teatrais que criam o ambiente certo para uma viagem \u00fanica. No recinto da feira, o visitante encontra in\u00fameros cen\u00e1rios e personagens. Percorrer a mouraria, universo de cores e de cheiros \u00edmpares; empunhar espadas na pra\u00e7a d\u2019armas; entrar no submundo dos enfermos e desvalidos no Postigo da Trai\u00e7\u00e3o; conhecer outras hist\u00f3rias no Pa\u00e7o dos Robertos ou provar iguarias numa das muitas bodegas da feira s\u00e3o apenas algumas das viv\u00eancias que este evento tem para oferecer.<\/p>\n<p>As pulseiras livre-tr\u00e2nsito para os cinco dias t\u00eam o custo de 7\u20ac e a pulseira di\u00e1ria 5\u20ac. Desconto de fam\u00edlia nas pulseiras di\u00e1rias: 1 filho\/a (13 a 17 anos) acompanhado\/a pelo pai e\/ou m\u00e3e 20% de desconto sobre o valor total; 2 filhos\/as ou mais (13 a 17 anos) acompanhados\/as pelo pai e\/ou m\u00e3e 30% de desconto sobre o valor total. Entrada gratuita para crian\u00e7as at\u00e9 aos 12 anos, inclusive.<\/p>\n<p><a href=\"https:\/\/www.memoriasdahistoria.pt\/images\/Documentos\/2019\/desdobravel_2019_web_reduzido.pdf\"><strong>VEJA AQUI O PROGRAMA<\/strong><\/a><\/p>\n<div class=\"fb-background-color\">\n\t\t\t  <div \n\t\t\t  \tclass = \"fb-comments\" \n\t\t\t  \tdata-href = \"https:\/\/www.entroncamentoonline.pt\/portal\/feira-de-recriacao-historia-de-torres-novas-de-29-de-maio-a-2-de-junho-2\/\"\n\t\t\t  \tdata-numposts = \"10\"\n\t\t\t  \tdata-lazy = \"true\"\n\t\t\t\tdata-colorscheme = \"light\"\n\t\t\t\tdata-order-by = \"social\"\n\t\t\t\tdata-mobile=true>\n\t\t\t  <\/div><\/div>\n\t\t  <style>\n\t\t    .fb-background-color {\n\t\t\t\tbackground:  !important;\n\t\t\t}\n\t\t\t.fb_iframe_widget_fluid_desktop iframe {\n\t\t\t    width: 100% !important;\n\t\t\t}\n\t\t  <\/style>\n\t\t  ","protected":false},"excerpt":{"rendered":"<p>Com o tema \u00abTempos Sombrios \u2013 D. Pedro de Lencastre, inquisidor-geral do reino\u00bb, Torres Novas volta a recuar no tempo com a sua d\u00e9cima edi\u00e7\u00e3o da feira de \u00e9poca que este ano tem lugar de 29 de maio a 2 de junho. No ano passado o evento registou mais de 80 mil entradas ao longo [&hellip;]<\/p>\n","protected":false},"author":1,"featured_media":7445,"comment_status":"open","ping_status":"closed","sticky":false,"template":"","format":"standard","meta":{"_acf_changed":false,"footnotes":""},"categories":[1],"tags":[],"class_list":{"0":"post-7444","1":"post","2":"type-post","3":"status-publish","4":"format-standard","5":"has-post-thumbnail","7":"category-sem-categoria"},"acf":[],"_links":{"self":[{"href":"https:\/\/www.entroncamentoonline.pt\/portal\/wp-json\/wp\/v2\/posts\/7444","targetHints":{"allow":["GET"]}}],"collection":[{"href":"https:\/\/www.entroncamentoonline.pt\/portal\/wp-json\/wp\/v2\/posts"}],"about":[{"href":"https:\/\/www.entroncamentoonline.pt\/portal\/wp-json\/wp\/v2\/types\/post"}],"author":[{"embeddable":true,"href":"https:\/\/www.entroncamentoonline.pt\/portal\/wp-json\/wp\/v2\/users\/1"}],"replies":[{"embeddable":true,"href":"https:\/\/www.entroncamentoonline.pt\/portal\/wp-json\/wp\/v2\/comments?post=7444"}],"version-history":[{"count":0,"href":"https:\/\/www.entroncamentoonline.pt\/portal\/wp-json\/wp\/v2\/posts\/7444\/revisions"}],"wp:featuredmedia":[{"embeddable":true,"href":"https:\/\/www.entroncamentoonline.pt\/portal\/wp-json\/wp\/v2\/media\/7445"}],"wp:attachment":[{"href":"https:\/\/www.entroncamentoonline.pt\/portal\/wp-json\/wp\/v2\/media?parent=7444"}],"wp:term":[{"taxonomy":"category","embeddable":true,"href":"https:\/\/www.entroncamentoonline.pt\/portal\/wp-json\/wp\/v2\/categories?post=7444"},{"taxonomy":"post_tag","embeddable":true,"href":"https:\/\/www.entroncamentoonline.pt\/portal\/wp-json\/wp\/v2\/tags?post=7444"}],"curies":[{"name":"wp","href":"https:\/\/api.w.org\/{rel}","templated":true}]}}