{"id":74089,"date":"2026-04-30T11:32:00","date_gmt":"2026-04-30T10:32:00","guid":{"rendered":"https:\/\/www.entroncamentoonline.pt\/portal\/?p=74089"},"modified":"2026-04-30T09:45:47","modified_gmt":"2026-04-30T08:45:47","slug":"brincar-sem-idade-promove-encontro-entre-geracoes-em-vila-nova-da-barquinha-a-1-de-maio","status":"publish","type":"post","link":"https:\/\/www.entroncamentoonline.pt\/portal\/brincar-sem-idade-promove-encontro-entre-geracoes-em-vila-nova-da-barquinha-a-1-de-maio\/","title":{"rendered":"\u201cBrincar sem Idade\u201d promove encontro entre gera\u00e7\u00f5es em Vila Nova da Barquinha a 1 de maio"},"content":{"rendered":"<p><span style=\"color: #262626;\"><span style=\"font-family: Arial, sans-serif;\"><span style=\"font-size: x-large;\"><span style=\"font-size: medium;\">Vila Nova da Barquinha volta a celebrar o Dia do Trabalhador com a iniciativa <\/span><strong><span style=\"font-size: medium;\">\u201cBrincar sem Idade\u201d<\/span><\/strong><span style=\"font-size: medium;\">, marcada para <\/span><strong><span style=\"font-size: medium;\">1 de maio<\/span><\/strong><span style=\"font-size: medium;\">, a partir das <\/span><strong><span style=\"font-size: medium;\">14h00<\/span><\/strong><span style=\"font-size: medium;\">, no <\/span><strong><span style=\"font-size: medium;\">Largo 1.\u00ba de Dezembro<\/span><\/strong><span style=\"font-size: medium;\">. A atividade, aberta a participantes de todas as idades, pretende aproximar diferentes gera\u00e7\u00f5es atrav\u00e9s de uma tarde dedicada aos <\/span><strong><span style=\"font-size: medium;\">jogos tradicionais<\/span><\/strong><span style=\"font-size: medium;\">.<\/span><\/span><\/span><\/span><\/p>\n<p><span style=\"color: #262626;\"><span style=\"font-family: Arial, sans-serif;\"><span style=\"font-size: x-large;\"><span style=\"font-size: medium;\">O encontro tem como objetivo criar um espa\u00e7o de conv\u00edvio entre <\/span><strong><span style=\"font-size: medium;\">idosos, crian\u00e7as e jovens<\/span><\/strong><span style=\"font-size: medium;\">, incentivando a partilha de experi\u00eancias, o esp\u00edrito de equipa e a valoriza\u00e7\u00e3o das brincadeiras de outros tempos num ambiente descontra\u00eddo e comunit\u00e1rio.<\/span><\/span><\/span><\/span><\/p>\n<p><span style=\"color: #262626;\"><span style=\"font-family: Arial, sans-serif;\"><span style=\"font-size: x-large;\"><span style=\"font-size: medium;\">A organiza\u00e7\u00e3o conta com a colabora\u00e7\u00e3o do <\/span><strong><span style=\"font-size: medium;\">Radar Social<\/span><\/strong><span style=\"font-size: medium;\">, do <\/span><strong><span style=\"font-size: medium;\">CLDS 5G<\/span><\/strong><span style=\"font-size: medium;\"> e do <\/span><strong><span style=\"font-size: medium;\">Agrupamento 583 do Corpo Nacional de Escutas<\/span><\/strong><span style=\"font-size: medium;\">, entidades que se associam \u00e0 iniciativa para refor\u00e7ar a promo\u00e7\u00e3o do <\/span><strong><span style=\"font-size: medium;\">envelhecimento ativo<\/span><\/strong><span style=\"font-size: medium;\"> e da <\/span><strong><span style=\"font-size: medium;\">participa\u00e7\u00e3o social<\/span><\/strong><span style=\"font-size: medium;\"> no concelho.<\/span><\/span><\/span><\/span><\/p>\n<p><span style=\"color: #262626;\"><span style=\"font-family: Arial, sans-serif;\"><span style=\"font-size: x-large;\"><span style=\"font-size: medium;\">A participa\u00e7\u00e3o \u00e9 <\/span><strong><span style=\"font-size: medium;\">gratuita<\/span><\/strong><span style=\"font-size: medium;\">, mas requer <\/span><strong><span style=\"font-size: medium;\">inscri\u00e7\u00e3o obrigat\u00f3ria<\/span><\/strong><span style=\"font-size: medium;\">.<\/span><\/span><\/span><\/span><\/p>\n<p><span style=\"color: #262626;\"><span style=\"font-family: Arial, sans-serif;\"><span style=\"font-size: x-large;\"><strong><span style=\"font-size: medium;\">Informa\u00e7\u00f5es e inscri\u00e7\u00f5es:<\/span><\/strong><span style=\"font-size: medium;\">\u00a0 radarsocial.vnb@cm-vnbarquinha.pt \ud83d\udcde 249 720 358 (rede fixa nacional)<\/span><\/span><\/span><\/span><\/p>\n<div class=\"fb-background-color\">\n\t\t\t  <div \n\t\t\t  \tclass = \"fb-comments\" \n\t\t\t  \tdata-href = \"https:\/\/www.entroncamentoonline.pt\/portal\/brincar-sem-idade-promove-encontro-entre-geracoes-em-vila-nova-da-barquinha-a-1-de-maio\/\"\n\t\t\t  \tdata-numposts = \"10\"\n\t\t\t  \tdata-lazy = \"true\"\n\t\t\t\tdata-colorscheme = \"light\"\n\t\t\t\tdata-order-by = \"social\"\n\t\t\t\tdata-mobile=true>\n\t\t\t  <\/div><\/div>\n\t\t  <style>\n\t\t    .fb-background-color {\n\t\t\t\tbackground:  !important;\n\t\t\t}\n\t\t\t.fb_iframe_widget_fluid_desktop iframe {\n\t\t\t    width: 100% !important;\n\t\t\t}\n\t\t  <\/style>\n\t\t  ","protected":false},"excerpt":{"rendered":"<p>Vila Nova da Barquinha volta a celebrar o Dia do Trabalhador com a iniciativa \u201cBrincar sem Idade\u201d, marcada para 1 de maio, a partir das 14h00, no Largo 1.\u00ba de Dezembro. A atividade, aberta a participantes de todas as idades, pretende aproximar diferentes gera\u00e7\u00f5es atrav\u00e9s de uma tarde dedicada aos jogos tradicionais. O encontro tem [&hellip;]<\/p>\n","protected":false},"author":43,"featured_media":74090,"comment_status":"open","ping_status":"closed","sticky":false,"template":"","format":"standard","meta":{"_acf_changed":false,"footnotes":""},"categories":[56,32,71,38],"tags":[],"class_list":{"0":"post-74089","1":"post","2":"type-post","3":"status-publish","4":"format-standard","5":"has-post-thumbnail","7":"category-1apagina","8":"category-noticias","9":"category-outras-noticias","10":"category-v-n-barquinha"},"acf":[],"_links":{"self":[{"href":"https:\/\/www.entroncamentoonline.pt\/portal\/wp-json\/wp\/v2\/posts\/74089","targetHints":{"allow":["GET"]}}],"collection":[{"href":"https:\/\/www.entroncamentoonline.pt\/portal\/wp-json\/wp\/v2\/posts"}],"about":[{"href":"https:\/\/www.entroncamentoonline.pt\/portal\/wp-json\/wp\/v2\/types\/post"}],"author":[{"embeddable":true,"href":"https:\/\/www.entroncamentoonline.pt\/portal\/wp-json\/wp\/v2\/users\/43"}],"replies":[{"embeddable":true,"href":"https:\/\/www.entroncamentoonline.pt\/portal\/wp-json\/wp\/v2\/comments?post=74089"}],"version-history":[{"count":1,"href":"https:\/\/www.entroncamentoonline.pt\/portal\/wp-json\/wp\/v2\/posts\/74089\/revisions"}],"predecessor-version":[{"id":74091,"href":"https:\/\/www.entroncamentoonline.pt\/portal\/wp-json\/wp\/v2\/posts\/74089\/revisions\/74091"}],"wp:featuredmedia":[{"embeddable":true,"href":"https:\/\/www.entroncamentoonline.pt\/portal\/wp-json\/wp\/v2\/media\/74090"}],"wp:attachment":[{"href":"https:\/\/www.entroncamentoonline.pt\/portal\/wp-json\/wp\/v2\/media?parent=74089"}],"wp:term":[{"taxonomy":"category","embeddable":true,"href":"https:\/\/www.entroncamentoonline.pt\/portal\/wp-json\/wp\/v2\/categories?post=74089"},{"taxonomy":"post_tag","embeddable":true,"href":"https:\/\/www.entroncamentoonline.pt\/portal\/wp-json\/wp\/v2\/tags?post=74089"}],"curies":[{"name":"wp","href":"https:\/\/api.w.org\/{rel}","templated":true}]}}