{"id":74082,"date":"2026-04-29T17:31:26","date_gmt":"2026-04-29T16:31:26","guid":{"rendered":"https:\/\/www.entroncamentoonline.pt\/portal\/?p=74082"},"modified":"2026-04-29T16:40:43","modified_gmt":"2026-04-29T15:40:43","slug":"a-cronica-de-goncalo-serras-25-de-abril-de-2026","status":"publish","type":"post","link":"https:\/\/www.entroncamentoonline.pt\/portal\/a-cronica-de-goncalo-serras-25-de-abril-de-2026\/","title":{"rendered":"A Cr\u00f3nica de Gon\u00e7alo Serras: &#8220;25 de abril de 2026&#8221;"},"content":{"rendered":"<p>No largo Jos\u00e9 Duarte Coelho, no dia 25 de Abril, esteve um homem sentado, com um cravo na m\u00e3o. O cravo parecia querer cair da sua m\u00e3o. Cantou-se o hino, por Valter Guia, do cimo da varanda municipal. C\u00e1 em baixo, estavam os l\u00edderes da comunidade. O Hino \u00e9 bem cantado, \u00e0 guitarra, de forma simples. N\u00e3o me preocupa a quest\u00e3o t\u00e9cnica, que est\u00e1 assegurada. O que me preocupa \u00e9 haver c\u00e1 em baixo quem ou\u00e7a o hino e sinta no peito a vontade de voltar ao fascismo. Eu n\u00e3o cantaria para essas pessoas. Afinal de contas comemora-se a data em que o fascismo terminou oficialmente. Mas cada um sabe o que se passa dentro de si interiormente. Inclusive as pessoas do Chega, a quem eu me refiro.<\/p>\n<p><img loading=\"lazy\" decoding=\"async\" class=\"alignnone size-medium wp-image-74083\" src=\"https:\/\/www.entroncamentoonline.pt\/portal\/wp-content\/uploads\/2026\/04\/1000026030-640x800.jpg\" alt=\"\" width=\"640\" height=\"800\" srcset=\"https:\/\/www.entroncamentoonline.pt\/portal\/wp-content\/uploads\/2026\/04\/1000026030-640x800.jpg 640w, https:\/\/www.entroncamentoonline.pt\/portal\/wp-content\/uploads\/2026\/04\/1000026030-768x960.jpg 768w, https:\/\/www.entroncamentoonline.pt\/portal\/wp-content\/uploads\/2026\/04\/1000026030-696x870.jpg 696w, https:\/\/www.entroncamentoonline.pt\/portal\/wp-content\/uploads\/2026\/04\/1000026030-336x420.jpg 336w, https:\/\/www.entroncamentoonline.pt\/portal\/wp-content\/uploads\/2026\/04\/1000026030.jpg 1040w\" sizes=\"auto, (max-width: 640px) 100vw, 640px\" \/><\/p>\n<p>Sinto vontade de chorar. A pra\u00e7a est\u00e1 vazia. O meu cravo pede-me para cair mas eu seguro-o mais um pouco. N\u00e3o h\u00e1 uma alma que verifique o absurdo como eu, de se cantar o Hino para quem quer Portugal s\u00f3 para si? Portugal \u00e9 de todos os portugueses. N\u00e3o haver\u00e1 uma alma que sinta como eu, o quanto cedemos para que o sistema continue a funcionar? Para que possamos, como o Valter Guia, recebermos o nosso dinheirinho? Mesmo que isso signifique ignorar o senso comum, de que estamos a cantar para quem tem uma ideia de Abril muito diferente da liberdade? Que me permite por exemplo escrever esta cr\u00f3nica. Veremos at\u00e9 quando.<\/p>\n<p>O presidente dirige-se aos presentes. Estica-me a m\u00e3o para me cumprimentar. Tenho vontade de n\u00e3o o fazer. Por\u00e9m n\u00e3o quero afrontar ningu\u00e9m neste dia. A minha m\u00e3o estica-se, cobarde, e aperta a m\u00e3o ao inimigo. Tive medo da multid\u00e3o. Tive medo de n\u00e3o pertencer. O meu cravo cai no ch\u00e3o. Estou s\u00f3. Profundamente s\u00f3. Mas estou habituado a perder. Continuarei a perder, cercado por estas hist\u00f3rias em que fascistas s\u00e3o boas pessoas, como as outras, e que s\u00f3 desejam o bem coletivo. N\u00e3o s\u00e3o. E o meu cravo continua ca\u00eddo no ch\u00e3o. Vou-me embora, sem o apanhar. J\u00e1 n\u00e3o mere\u00e7o empunhar o cravo. Ao longe, vejo uma crian\u00e7a pegar no cravo ca\u00eddo e oferec\u00ea-lo \u00e0 m\u00e3e, que o beija de volta. Digo adeus ao Futuro, que j\u00e1 me n\u00e3o pertence. Outros apanhar\u00e3o os cravos ca\u00eddos no ch\u00e3o.<\/p>\n<div class=\"fb-background-color\">\n\t\t\t  <div \n\t\t\t  \tclass = \"fb-comments\" \n\t\t\t  \tdata-href = \"https:\/\/www.entroncamentoonline.pt\/portal\/a-cronica-de-goncalo-serras-25-de-abril-de-2026\/\"\n\t\t\t  \tdata-numposts = \"10\"\n\t\t\t  \tdata-lazy = \"true\"\n\t\t\t\tdata-colorscheme = \"light\"\n\t\t\t\tdata-order-by = \"social\"\n\t\t\t\tdata-mobile=true>\n\t\t\t  <\/div><\/div>\n\t\t  <style>\n\t\t    .fb-background-color {\n\t\t\t\tbackground:  !important;\n\t\t\t}\n\t\t\t.fb_iframe_widget_fluid_desktop iframe {\n\t\t\t    width: 100% !important;\n\t\t\t}\n\t\t  <\/style>\n\t\t  ","protected":false},"excerpt":{"rendered":"<p>No largo Jos\u00e9 Duarte Coelho, no dia 25 de Abril, esteve um homem sentado, com um cravo na m\u00e3o. O cravo parecia querer cair da sua m\u00e3o. Cantou-se o hino, por Valter Guia, do cimo da varanda municipal. C\u00e1 em baixo, estavam os l\u00edderes da comunidade. O Hino \u00e9 bem cantado, \u00e0 guitarra, de forma [&hellip;]<\/p>\n","protected":false},"author":43,"featured_media":73837,"comment_status":"open","ping_status":"closed","sticky":false,"template":"","format":"standard","meta":{"_acf_changed":false,"footnotes":""},"categories":[55,139,382],"tags":[],"class_list":{"0":"post-74082","1":"post","2":"type-post","3":"status-publish","4":"format-standard","5":"has-post-thumbnail","7":"category-cronica","8":"category-cronica-eol","9":"category-goncalo-serras"},"acf":[],"_links":{"self":[{"href":"https:\/\/www.entroncamentoonline.pt\/portal\/wp-json\/wp\/v2\/posts\/74082","targetHints":{"allow":["GET"]}}],"collection":[{"href":"https:\/\/www.entroncamentoonline.pt\/portal\/wp-json\/wp\/v2\/posts"}],"about":[{"href":"https:\/\/www.entroncamentoonline.pt\/portal\/wp-json\/wp\/v2\/types\/post"}],"author":[{"embeddable":true,"href":"https:\/\/www.entroncamentoonline.pt\/portal\/wp-json\/wp\/v2\/users\/43"}],"replies":[{"embeddable":true,"href":"https:\/\/www.entroncamentoonline.pt\/portal\/wp-json\/wp\/v2\/comments?post=74082"}],"version-history":[{"count":3,"href":"https:\/\/www.entroncamentoonline.pt\/portal\/wp-json\/wp\/v2\/posts\/74082\/revisions"}],"predecessor-version":[{"id":74086,"href":"https:\/\/www.entroncamentoonline.pt\/portal\/wp-json\/wp\/v2\/posts\/74082\/revisions\/74086"}],"wp:featuredmedia":[{"embeddable":true,"href":"https:\/\/www.entroncamentoonline.pt\/portal\/wp-json\/wp\/v2\/media\/73837"}],"wp:attachment":[{"href":"https:\/\/www.entroncamentoonline.pt\/portal\/wp-json\/wp\/v2\/media?parent=74082"}],"wp:term":[{"taxonomy":"category","embeddable":true,"href":"https:\/\/www.entroncamentoonline.pt\/portal\/wp-json\/wp\/v2\/categories?post=74082"},{"taxonomy":"post_tag","embeddable":true,"href":"https:\/\/www.entroncamentoonline.pt\/portal\/wp-json\/wp\/v2\/tags?post=74082"}],"curies":[{"name":"wp","href":"https:\/\/api.w.org\/{rel}","templated":true}]}}