{"id":74079,"date":"2026-04-29T16:30:23","date_gmt":"2026-04-29T15:30:23","guid":{"rendered":"https:\/\/www.entroncamentoonline.pt\/portal\/?p=74079"},"modified":"2026-04-29T16:30:23","modified_gmt":"2026-04-29T15:30:23","slug":"entroncamento-feirinha-da-primavera-regressa-a-rua-luis-falcao-de-sommer-a-30-de-maio","status":"publish","type":"post","link":"https:\/\/www.entroncamentoonline.pt\/portal\/entroncamento-feirinha-da-primavera-regressa-a-rua-luis-falcao-de-sommer-a-30-de-maio\/","title":{"rendered":"Entroncamento: Feirinha da Primavera regressa \u00e0 Rua Lu\u00eds Falc\u00e3o de Sommer a 30 de maio"},"content":{"rendered":"<p align=\"justify\"><span style=\"color: #262626;\"><span style=\"font-family: Arial, sans-serif;\">A Feirinha da Primavera est\u00e1 de volta ao Entroncamento no pr\u00f3ximo dia 30 de maio, s\u00e1bado, entre as 10h00 e as 13h00, na Rua Lu\u00eds Falc\u00e3o de Sommer, para a sua 3.\u00aa edi\u00e7\u00e3o. A iniciativa volta a transformar a rua num espa\u00e7o de criatividade e partilha, onde os mais novos assumem o papel de vendedores por um dia.<\/span><\/span><\/p>\n<p align=\"justify\"><span style=\"color: #262626;\"><span style=\"font-family: Arial, sans-serif;\">Nesta edi\u00e7\u00e3o, cada crian\u00e7a pode montar a sua banca e vender um pouco de tudo \u2014 livros, brinquedos, bolos, refrescos, desenhos ou at\u00e9 contar hist\u00f3rias \u2014 sempre a pre\u00e7os simb\u00f3licos. A iniciativa pretende incentivar o esp\u00edrito empreendedor, a intera\u00e7\u00e3o entre crian\u00e7as e o envolvimento das fam\u00edlias.<\/span><\/span><\/p>\n<p align=\"justify\"><span style=\"color: #262626;\"><span style=\"font-family: Arial, sans-serif;\">Pais, av\u00f3s, tios e restantes familiares s\u00e3o convidados a marcar presen\u00e7a e apoiar os pequenos vendedores ao longo da manh\u00e3.<\/span><\/span><\/p>\n<p align=\"justify\"><span style=\"color: #262626;\"><span style=\"font-family: Arial, sans-serif;\">As inscri\u00e7\u00f5es para vendedores j\u00e1 est\u00e3o abertas e decorrem at\u00e9 28 de maio, podendo ser feitas atrav\u00e9s dos Servi\u00e7os Culturais do munic\u00edpio, por email (cultura@cm-entroncamento.pt) ou pelo telefone 249 720 400.<\/span><\/span><\/p>\n<p align=\"justify\"><span style=\"color: #262626;\"><span style=\"font-family: Arial, sans-serif;\">A organiza\u00e7\u00e3o desafia os mais novos: \u201cQueres ser vendedor nesta Feirinha? Inscreve-te e vem vender os teus produtos.\u201d<\/span><\/span><\/p>\n<div class=\"fb-background-color\">\n\t\t\t  <div \n\t\t\t  \tclass = \"fb-comments\" \n\t\t\t  \tdata-href = \"https:\/\/www.entroncamentoonline.pt\/portal\/entroncamento-feirinha-da-primavera-regressa-a-rua-luis-falcao-de-sommer-a-30-de-maio\/\"\n\t\t\t  \tdata-numposts = \"10\"\n\t\t\t  \tdata-lazy = \"true\"\n\t\t\t\tdata-colorscheme = \"light\"\n\t\t\t\tdata-order-by = \"social\"\n\t\t\t\tdata-mobile=true>\n\t\t\t  <\/div><\/div>\n\t\t  <style>\n\t\t    .fb-background-color {\n\t\t\t\tbackground:  !important;\n\t\t\t}\n\t\t\t.fb_iframe_widget_fluid_desktop iframe {\n\t\t\t    width: 100% !important;\n\t\t\t}\n\t\t  <\/style>\n\t\t  ","protected":false},"excerpt":{"rendered":"<p>A Feirinha da Primavera est\u00e1 de volta ao Entroncamento no pr\u00f3ximo dia 30 de maio, s\u00e1bado, entre as 10h00 e as 13h00, na Rua Lu\u00eds Falc\u00e3o de Sommer, para a sua 3.\u00aa edi\u00e7\u00e3o. A iniciativa volta a transformar a rua num espa\u00e7o de criatividade e partilha, onde os mais novos assumem o papel de vendedores [&hellip;]<\/p>\n","protected":false},"author":43,"featured_media":74080,"comment_status":"open","ping_status":"closed","sticky":false,"template":"","format":"standard","meta":{"_acf_changed":false,"footnotes":""},"categories":[56,31,26,68,32],"tags":[],"class_list":{"0":"post-74079","1":"post","2":"type-post","3":"status-publish","4":"format-standard","5":"has-post-thumbnail","7":"category-1apagina","8":"category-agenda","9":"category-entroncamento","10":"category-na-boa","11":"category-noticias"},"acf":[],"_links":{"self":[{"href":"https:\/\/www.entroncamentoonline.pt\/portal\/wp-json\/wp\/v2\/posts\/74079","targetHints":{"allow":["GET"]}}],"collection":[{"href":"https:\/\/www.entroncamentoonline.pt\/portal\/wp-json\/wp\/v2\/posts"}],"about":[{"href":"https:\/\/www.entroncamentoonline.pt\/portal\/wp-json\/wp\/v2\/types\/post"}],"author":[{"embeddable":true,"href":"https:\/\/www.entroncamentoonline.pt\/portal\/wp-json\/wp\/v2\/users\/43"}],"replies":[{"embeddable":true,"href":"https:\/\/www.entroncamentoonline.pt\/portal\/wp-json\/wp\/v2\/comments?post=74079"}],"version-history":[{"count":1,"href":"https:\/\/www.entroncamentoonline.pt\/portal\/wp-json\/wp\/v2\/posts\/74079\/revisions"}],"predecessor-version":[{"id":74081,"href":"https:\/\/www.entroncamentoonline.pt\/portal\/wp-json\/wp\/v2\/posts\/74079\/revisions\/74081"}],"wp:featuredmedia":[{"embeddable":true,"href":"https:\/\/www.entroncamentoonline.pt\/portal\/wp-json\/wp\/v2\/media\/74080"}],"wp:attachment":[{"href":"https:\/\/www.entroncamentoonline.pt\/portal\/wp-json\/wp\/v2\/media?parent=74079"}],"wp:term":[{"taxonomy":"category","embeddable":true,"href":"https:\/\/www.entroncamentoonline.pt\/portal\/wp-json\/wp\/v2\/categories?post=74079"},{"taxonomy":"post_tag","embeddable":true,"href":"https:\/\/www.entroncamentoonline.pt\/portal\/wp-json\/wp\/v2\/tags?post=74079"}],"curies":[{"name":"wp","href":"https:\/\/api.w.org\/{rel}","templated":true}]}}