{"id":74076,"date":"2026-04-28T12:35:32","date_gmt":"2026-04-28T11:35:32","guid":{"rendered":"https:\/\/www.entroncamentoonline.pt\/portal\/?p=74076"},"modified":"2026-04-28T10:21:06","modified_gmt":"2026-04-28T09:21:06","slug":"suspeito-de-esfaquear-homem-na-feira-da-golega-fica-em-prisao-preventiva","status":"publish","type":"post","link":"https:\/\/www.entroncamentoonline.pt\/portal\/suspeito-de-esfaquear-homem-na-feira-da-golega-fica-em-prisao-preventiva\/","title":{"rendered":"Suspeito de esfaquear homem na Feira da Goleg\u00e3 fica em pris\u00e3o preventiva"},"content":{"rendered":"<p><span style=\"color: #262626;\"><span style=\"font-family: Arial, sans-serif;\">O homem de 40 anos detido pela Pol\u00edcia Judici\u00e1ria no passado 22 de abril, por suspeitas de ter esfaqueado um jovem de 32 anos durante a Feira do Cavalo da Goleg\u00e3, em novembro de 2023, ficou em pris\u00e3o preventiva ap\u00f3s primeiro interrogat\u00f3rio judicial. O arguido est\u00e1 indiciado pelo crime de homic\u00eddio na forma tentada.<\/span><\/span><\/p>\n<p><span style=\"color: #262626;\"><span style=\"font-family: Arial, sans-serif;\">Segundo o Minist\u00e9rio P\u00fablico, a investiga\u00e7\u00e3o aponta para que, \u201cap\u00f3s um desentendimento com a v\u00edtima, e munido de uma faca, o arguido se tenha dirigido a esta e desferido um golpe no abd\u00f3men\u201d, provocando ferimentos graves. O homem agredido teve de ser submetido a cirurgia de urg\u00eancia, devido a uma lacera\u00e7\u00e3o hep\u00e1tica, permanecendo internado v\u00e1rios dias.<\/span><\/span><\/p>\n<p><span style=\"color: #262626;\"><span style=\"font-family: Arial, sans-serif;\">A deten\u00e7\u00e3o foi efetuada pela Pol\u00edcia Judici\u00e1ria de Leiria, no \u00e2mbito de dilig\u00eancias que decorriam desde o final da feira, per\u00edodo em que a Goleg\u00e3 registou v\u00e1rios epis\u00f3dios de viol\u00eancia associados a confrontos noturnos \u2014 situa\u00e7\u00e3o que, segundo fontes policiais, tem motivado refor\u00e7os de seguran\u00e7a nas \u00faltimas edi\u00e7\u00f5es do evento.<\/span><\/span><\/p>\n<p><span style=\"color: #262626;\"><span style=\"font-family: Arial, sans-serif;\">O arguido aguardar\u00e1 agora o desenrolar do processo em pris\u00e3o preventiva, medida de coa\u00e7\u00e3o aplicada por se considerar existir perigo de continua\u00e7\u00e3o da atividade criminosa e risco de perturba\u00e7\u00e3o da investiga\u00e7\u00e3o.<\/span><\/span><\/p>\n<div class=\"fb-background-color\">\n\t\t\t  <div \n\t\t\t  \tclass = \"fb-comments\" \n\t\t\t  \tdata-href = \"https:\/\/www.entroncamentoonline.pt\/portal\/suspeito-de-esfaquear-homem-na-feira-da-golega-fica-em-prisao-preventiva\/\"\n\t\t\t  \tdata-numposts = \"10\"\n\t\t\t  \tdata-lazy = \"true\"\n\t\t\t\tdata-colorscheme = \"light\"\n\t\t\t\tdata-order-by = \"social\"\n\t\t\t\tdata-mobile=true>\n\t\t\t  <\/div><\/div>\n\t\t  <style>\n\t\t    .fb-background-color {\n\t\t\t\tbackground:  !important;\n\t\t\t}\n\t\t\t.fb_iframe_widget_fluid_desktop iframe {\n\t\t\t    width: 100% !important;\n\t\t\t}\n\t\t  <\/style>\n\t\t  ","protected":false},"excerpt":{"rendered":"<p>O homem de 40 anos detido pela Pol\u00edcia Judici\u00e1ria no passado 22 de abril, por suspeitas de ter esfaqueado um jovem de 32 anos durante a Feira do Cavalo da Goleg\u00e3, em novembro de 2023, ficou em pris\u00e3o preventiva ap\u00f3s primeiro interrogat\u00f3rio judicial. O arguido est\u00e1 indiciado pelo crime de homic\u00eddio na forma tentada. Segundo [&hellip;]<\/p>\n","protected":false},"author":43,"featured_media":74077,"comment_status":"open","ping_status":"closed","sticky":false,"template":"","format":"standard","meta":{"_acf_changed":false,"footnotes":""},"categories":[56,49,27,32],"tags":[],"class_list":{"0":"post-74076","1":"post","2":"type-post","3":"status-publish","4":"format-standard","5":"has-post-thumbnail","7":"category-1apagina","8":"category-casos-de-policia","9":"category-golega","10":"category-noticias"},"acf":[],"_links":{"self":[{"href":"https:\/\/www.entroncamentoonline.pt\/portal\/wp-json\/wp\/v2\/posts\/74076","targetHints":{"allow":["GET"]}}],"collection":[{"href":"https:\/\/www.entroncamentoonline.pt\/portal\/wp-json\/wp\/v2\/posts"}],"about":[{"href":"https:\/\/www.entroncamentoonline.pt\/portal\/wp-json\/wp\/v2\/types\/post"}],"author":[{"embeddable":true,"href":"https:\/\/www.entroncamentoonline.pt\/portal\/wp-json\/wp\/v2\/users\/43"}],"replies":[{"embeddable":true,"href":"https:\/\/www.entroncamentoonline.pt\/portal\/wp-json\/wp\/v2\/comments?post=74076"}],"version-history":[{"count":1,"href":"https:\/\/www.entroncamentoonline.pt\/portal\/wp-json\/wp\/v2\/posts\/74076\/revisions"}],"predecessor-version":[{"id":74078,"href":"https:\/\/www.entroncamentoonline.pt\/portal\/wp-json\/wp\/v2\/posts\/74076\/revisions\/74078"}],"wp:featuredmedia":[{"embeddable":true,"href":"https:\/\/www.entroncamentoonline.pt\/portal\/wp-json\/wp\/v2\/media\/74077"}],"wp:attachment":[{"href":"https:\/\/www.entroncamentoonline.pt\/portal\/wp-json\/wp\/v2\/media?parent=74076"}],"wp:term":[{"taxonomy":"category","embeddable":true,"href":"https:\/\/www.entroncamentoonline.pt\/portal\/wp-json\/wp\/v2\/categories?post=74076"},{"taxonomy":"post_tag","embeddable":true,"href":"https:\/\/www.entroncamentoonline.pt\/portal\/wp-json\/wp\/v2\/tags?post=74076"}],"curies":[{"name":"wp","href":"https:\/\/api.w.org\/{rel}","templated":true}]}}