{"id":74069,"date":"2026-04-28T10:09:57","date_gmt":"2026-04-28T09:09:57","guid":{"rendered":"https:\/\/www.entroncamentoonline.pt\/portal\/?p=74069"},"modified":"2026-04-28T10:09:57","modified_gmt":"2026-04-28T09:09:57","slug":"festival-das-juventudes-regressa-a-abrantes-entre-6-e-9-de-maio-com-quatro-dias-dedicados-a-criatividade-e-ao-talento-jovem","status":"publish","type":"post","link":"https:\/\/www.entroncamentoonline.pt\/portal\/festival-das-juventudes-regressa-a-abrantes-entre-6-e-9-de-maio-com-quatro-dias-dedicados-a-criatividade-e-ao-talento-jovem\/","title":{"rendered":"Festival das Juventudes regressa a Abrantes entre 6 e 9 de maio com quatro dias dedicados \u00e0 criatividade e ao talento jovem"},"content":{"rendered":"<p><span style=\"color: #262626;\"><span style=\"font-family: Arial, sans-serif;\"><span style=\"font-size: medium;\">O <\/span><span style=\"font-size: medium;\">Festival das Juventudes<\/span><span style=\"font-size: medium;\"> est\u00e1 de volta ao <\/span><span style=\"font-size: medium;\">Parque Urbano de S. Louren\u00e7o<\/span><span style=\"font-size: medium;\">, em Abrantes, entre <\/span><span style=\"font-size: medium;\">6 e 9 de maio<\/span><span style=\"font-size: medium;\">, para a sua 5.\u00aa edi\u00e7\u00e3o. O evento, organizado pelo Munic\u00edpio de Abrantes, volta a reunir atividades de educa\u00e7\u00e3o, inova\u00e7\u00e3o, entretenimento e m\u00fasica, num programa pensado para os jovens, mas aberto a toda a comunidade.<\/span><\/span><\/span><\/p>\n<p><span style=\"color: #262626;\"><span style=\"font-family: Arial, sans-serif;\"><span style=\"font-size: medium;\">Durante quatro dias, o recinto transforma\u2011se num espa\u00e7o de descoberta e participa\u00e7\u00e3o, com iniciativas que pretendem apoiar escolhas de futuro, promover compet\u00eancias e valorizar o talento local.<\/span><\/span><\/span><\/p>\n<h2 class=\"western\"><span style=\"color: #262626;\"><span style=\"font-family: Arial, sans-serif;\"><strong><span style=\"font-size: medium;\">Tr\u00eas \u00e1reas principais: educa\u00e7\u00e3o, jogos e m\u00fasica<\/span><\/strong><\/span><\/span><\/h2>\n<p><span style=\"color: #262626;\"><span style=\"font-family: Arial, sans-serif;\"><span style=\"font-size: medium;\">O festival volta a organizar\u2011se em tr\u00eas grandes eixos:<\/span><\/span><\/span><\/p>\n<ul>\n<li><span style=\"color: #262626;\"><span style=\"font-family: Arial, sans-serif;\"><strong><span style=\"font-size: medium;\">Upgrade \u2013 Educa\u00e7\u00e3o e Futuro<\/span><\/strong><span style=\"font-size: medium;\">: mostra dedicada \u00e0 educa\u00e7\u00e3o, forma\u00e7\u00e3o e orienta\u00e7\u00e3o vocacional, com demonstra\u00e7\u00f5es, workshops e participa\u00e7\u00e3o de v\u00e1rias entidades ligadas ao ensino e qualifica\u00e7\u00e3o.<\/span><\/span><\/span><\/li>\n<li><span style=\"color: #262626;\"><span style=\"font-family: Arial, sans-serif;\"><strong><span style=\"font-size: medium;\">Arenas de Jogos<\/span><\/strong><span style=\"font-size: medium;\">: zonas de simula\u00e7\u00e3o e gaming, jogos de estrat\u00e9gia e tabuleiro, e atividades de desporto e lazer.<\/span><\/span><\/span><\/li>\n<li><span style=\"color: #262626;\"><span style=\"font-family: Arial, sans-serif;\"><strong><span style=\"font-size: medium;\">Anima\u00e7\u00e3o Musical<\/span><\/strong><span style=\"font-size: medium;\">: atua\u00e7\u00f5es de DJ\u2019s e artistas locais, a par de nomes reconhecidos do panorama nacional, como <\/span><strong><span style=\"font-size: medium;\">Chico da Tina<\/span><\/strong><span style=\"font-size: medium;\">, <\/span><strong><span style=\"font-size: medium;\">Zara G<\/span><\/strong><span style=\"font-size: medium;\"> e <\/span><strong><span style=\"font-size: medium;\">Dupla Mete C\u00e1 Sets<\/span><\/strong><span style=\"font-size: medium;\">.<\/span><\/span><\/span><\/li>\n<\/ul>\n<h2 class=\"western\"><span style=\"color: #262626;\"><span style=\"font-family: Arial, sans-serif;\"><strong><span style=\"font-size: medium;\">Novidades da edi\u00e7\u00e3o de 2026<\/span><\/strong><\/span><\/span><\/h2>\n<p><span style=\"color: #262626;\"><span style=\"font-family: Arial, sans-serif;\"><span style=\"font-size: medium;\">A programa\u00e7\u00e3o deste ano integra v\u00e1rias estreias:<\/span><\/span><\/span><\/p>\n<ul>\n<li><span style=\"color: #262626;\"><span style=\"font-family: Arial, sans-serif;\"><strong><span style=\"font-size: medium;\">Competi\u00e7\u00e3o de Rob\u00f3tica IPT \u2013 Tagusvalley<\/span><\/strong><span style=\"font-size: medium;\"> (6 de maio), no audit\u00f3rio da Escola Secund\u00e1ria Dr. Solano de Abreu, promovendo o interesse pela rob\u00f3tica e programa\u00e7\u00e3o.<\/span><\/span><\/span><\/li>\n<li><span style=\"color: #262626;\"><span style=\"font-family: Arial, sans-serif;\"><strong><span style=\"font-size: medium;\">Mostra de Empreendedorismo Juvenil<\/span><\/strong><span style=\"font-size: medium;\">, dedicada a projetos criativos e iniciativas de jovens abrantinos.<\/span><\/span><\/span><\/li>\n<li><span style=\"color: #262626;\"><span style=\"font-family: Arial, sans-serif;\"><strong><span style=\"font-size: medium;\">Entre Pares<\/span><\/strong><span style=\"font-size: medium;\">, um espa\u00e7o de partilha onde estudantes de diferentes \u00e1reas explicam, de forma pr\u00e1tica, como \u00e9 estudar cada curso.<\/span><\/span><\/span><\/li>\n<li><span style=\"color: #262626;\"><span style=\"font-family: Arial, sans-serif;\"><strong><span style=\"font-size: medium;\">Concurso de Cosplay<\/span><\/strong><span style=\"font-size: medium;\">, que pela primeira vez desafia participantes a dar vida a personagens de anime, banda desenhada, videojogos, cinema ou s\u00e9ries.<\/span><\/span><\/span><\/li>\n<\/ul>\n<h2 class=\"western\"><span style=\"color: #262626;\"><span style=\"font-family: Arial, sans-serif;\"><strong><span style=\"font-size: medium;\">M\u00fasica, workshops e Chuva de Talentos<\/span><\/strong><\/span><\/span><\/h2>\n<p><span style=\"color: #262626;\"><span style=\"font-family: Arial, sans-serif;\"><span style=\"font-size: medium;\">O festival inclui ainda workshops, demonstra\u00e7\u00f5es pr\u00e1ticas e v\u00e1rias atua\u00e7\u00f5es musicais ao longo dos quatro dias. A final da <\/span><strong><span style=\"font-size: medium;\">Chuva de Talentos<\/span><\/strong><span style=\"font-size: medium;\">, iniciativa das associa\u00e7\u00f5es de pais e estudantes das escolas Dr. Solano de Abreu e Dr. Manuel Fernandes, volta a subir ao palco no dia <\/span><strong><span style=\"font-size: medium;\">7 de maio<\/span><\/strong><span style=\"font-size: medium;\">.<\/span><\/span><\/span><\/p>\n<p><span style=\"color: #262626;\"><span style=\"font-family: Arial, sans-serif;\"><span style=\"font-size: medium;\">O <\/span><strong><span style=\"font-size: medium;\">Centro de Recolha Oficial Intermunicipal de Abrantes, Const\u00e2ncia e Sardoal<\/span><\/strong><span style=\"font-size: medium;\"> marcar\u00e1 presen\u00e7a com uma exposi\u00e7\u00e3o dedicada \u00e0 ado\u00e7\u00e3o respons\u00e1vel.<\/span><\/span><\/span><\/p>\n<h2 class=\"western\"><span style=\"color: #262626;\"><span style=\"font-family: Arial, sans-serif;\"><strong><span style=\"font-size: medium;\">Programa completo<\/span><\/strong><\/span><\/span><\/h2>\n<h3 class=\"western\"><span style=\"color: #262626;\"><span style=\"font-family: Arial, sans-serif;\"><strong><span style=\"font-size: medium;\">6 de maio (quarta\u2011feira)<\/span><\/strong><\/span><\/span><\/h3>\n<ul>\n<li><span style=\"color: #262626;\"><span style=\"font-family: Arial, sans-serif;\"><span style=\"font-size: medium;\">09h00\u201316h00 \u2014 Competi\u00e7\u00e3o de Rob\u00f3tica IPT \u2013 Tagusvalley (Escola Dr. Solano de Abreu)<\/span><\/span><\/span><\/li>\n<\/ul>\n<h3 class=\"western\"><span style=\"color: #262626;\"><span style=\"font-family: Arial, sans-serif;\"><strong><span style=\"font-size: medium;\">7 de maio (quinta\u2011feira)<\/span><\/strong><\/span><\/span><\/h3>\n<ul>\n<li><span style=\"color: #262626;\"><span style=\"font-family: Arial, sans-serif;\"><span style=\"font-size: medium;\">09h00\u201317h00 \u2014 Upgrade \u2013 Educa\u00e7\u00e3o e Futuro<\/span><\/span><\/span><\/li>\n<li><span style=\"color: #262626;\"><span style=\"font-family: Arial, sans-serif;\"><span style=\"font-size: medium;\">09h00\u201317h00 \u2014 Exposi\u00e7\u00e3o CRO<\/span><\/span><\/span><\/li>\n<li><span style=\"color: #262626;\"><span style=\"font-family: Arial, sans-serif;\"><span style=\"font-size: medium;\">12h30\u201314h30 \u2014 Arena de Simula\u00e7\u00e3o e Gaming<\/span><\/span><\/span><\/li>\n<li><span style=\"color: #262626;\"><span style=\"font-family: Arial, sans-serif;\"><span style=\"font-size: medium;\">17h00\u201321h00 \u2014 Arena de Estrat\u00e9gia e Tabuleiro<\/span><\/span><\/span><\/li>\n<li><span style=\"color: #262626;\"><span style=\"font-family: Arial, sans-serif;\"><span style=\"font-size: medium;\">10h00\u201317h00 \u2014 Arena de Desporto e Lazer<\/span><\/span><\/span><\/li>\n<li><span style=\"color: #262626;\"><span style=\"font-family: Arial, sans-serif;\"><span style=\"font-size: medium;\">19h00\u201323h00 \u2014 Street Food<\/span><\/span><\/span><\/li>\n<li><span style=\"color: #262626;\"><span style=\"font-family: Arial, sans-serif;\"><span style=\"font-size: medium;\">19h00\u201320h15 \u2014 Projeto Dhalvs &amp; Wazd<\/span><\/span><\/span><\/li>\n<li><span style=\"color: #262626;\"><span style=\"font-family: Arial, sans-serif;\"><span style=\"font-size: medium;\">20h15\u201321h00 \u2014 DJ Margarida Barata<\/span><\/span><\/span><\/li>\n<li><span style=\"color: #262626;\"><span style=\"font-family: Arial, sans-serif;\"><span style=\"font-size: medium;\">21h00\u201323h00 \u2014 Final \u201cChuva de Talentos\u201d<\/span><\/span><\/span><\/li>\n<\/ul>\n<h3 class=\"western\"><span style=\"color: #262626;\"><span style=\"font-family: Arial, sans-serif;\"><strong><span style=\"font-size: medium;\">8 de maio (sexta\u2011feira)<\/span><\/strong><\/span><\/span><\/h3>\n<ul>\n<li><span style=\"color: #262626;\"><span style=\"font-family: Arial, sans-serif;\"><span style=\"font-size: medium;\">09h00\u201313h00 \u2014 Upgrade \u2013 Educa\u00e7\u00e3o e Futuro<\/span><\/span><\/span><\/li>\n<li><span style=\"color: #262626;\"><span style=\"font-family: Arial, sans-serif;\"><span style=\"font-size: medium;\">09h00\u201317h00 \u2014 Exposi\u00e7\u00e3o CRO<\/span><\/span><\/span><\/li>\n<li><span style=\"color: #262626;\"><span style=\"font-family: Arial, sans-serif;\"><span style=\"font-size: medium;\">13h00\u201300h00 \u2014 Arenas de Jogos<\/span><\/span><\/span><\/li>\n<li><span style=\"color: #262626;\"><span style=\"font-family: Arial, sans-serif;\"><span style=\"font-size: medium;\">14h30\u201316h30 \u2014 Matin\u00e9 Juventudes (Bruno Ricardo)<\/span><\/span><\/span><\/li>\n<li><span style=\"color: #262626;\"><span style=\"font-family: Arial, sans-serif;\"><span style=\"font-size: medium;\">19h00\u201304h00 \u2014 Street Food<\/span><\/span><\/span><\/li>\n<li><span style=\"color: #262626;\"><span style=\"font-family: Arial, sans-serif;\"><span style=\"font-size: medium;\">19h00\u201321h30 \u2014 Ruy@solo<\/span><\/span><\/span><\/li>\n<li><span style=\"color: #262626;\"><span style=\"font-family: Arial, sans-serif;\"><span style=\"font-size: medium;\">22h00 \u2014 Concertos: DJ Faria, Zara G, Dupla Mete C\u00e1 Sets, DJ Battista &amp; Maria Paulo<\/span><\/span><\/span><\/li>\n<\/ul>\n<h3 class=\"western\"><span style=\"color: #262626;\"><span style=\"font-family: Arial, sans-serif;\"><strong><span style=\"font-size: medium;\">9 de maio (s\u00e1bado)<\/span><\/strong><\/span><\/span><\/h3>\n<ul>\n<li><span style=\"color: #262626;\"><span style=\"font-family: Arial, sans-serif;\"><span style=\"font-size: medium;\">14h00\u201318h00 \u2014 Exposi\u00e7\u00e3o CRO<\/span><\/span><\/span><\/li>\n<li><span style=\"color: #262626;\"><span style=\"font-family: Arial, sans-serif;\"><span style=\"font-size: medium;\">14h00\u201320h00 \u2014 Mostra de Empreendedorismo Juvenil e Entre Pares<\/span><\/span><\/span><\/li>\n<li><span style=\"color: #262626;\"><span style=\"font-family: Arial, sans-serif;\"><span style=\"font-size: medium;\">18h00 \u2014 Desfile e Concurso de Cosplay<\/span><\/span><\/span><\/li>\n<li><span style=\"color: #262626;\"><span style=\"font-family: Arial, sans-serif;\"><span style=\"font-size: medium;\">14h00\u201300h00 \u2014 Arenas de Jogos<\/span><\/span><\/span><\/li>\n<li><span style=\"color: #262626;\"><span style=\"font-family: Arial, sans-serif;\"><span style=\"font-size: medium;\">19h00\u201304h00 \u2014 Street Food<\/span><\/span><\/span><\/li>\n<li><span style=\"color: #262626;\"><span style=\"font-family: Arial, sans-serif;\"><span style=\"font-size: medium;\">19h00\u201321h45 \u2014 DJ IRS<\/span><\/span><\/span><\/li>\n<li><span style=\"color: #262626;\"><span style=\"font-family: Arial, sans-serif;\"><span style=\"font-size: medium;\">22h00 \u2014 Concertos: 7 (Bernaschico), FUNKITUP, Chico da Tina, DJ Hugo Rafael, KHEL<\/span><\/span><\/span><\/li>\n<\/ul>\n<div class=\"fb-background-color\">\n\t\t\t  <div \n\t\t\t  \tclass = \"fb-comments\" \n\t\t\t  \tdata-href = \"https:\/\/www.entroncamentoonline.pt\/portal\/festival-das-juventudes-regressa-a-abrantes-entre-6-e-9-de-maio-com-quatro-dias-dedicados-a-criatividade-e-ao-talento-jovem\/\"\n\t\t\t  \tdata-numposts = \"10\"\n\t\t\t  \tdata-lazy = \"true\"\n\t\t\t\tdata-colorscheme = \"light\"\n\t\t\t\tdata-order-by = \"social\"\n\t\t\t\tdata-mobile=true>\n\t\t\t  <\/div><\/div>\n\t\t  <style>\n\t\t    .fb-background-color {\n\t\t\t\tbackground:  !important;\n\t\t\t}\n\t\t\t.fb_iframe_widget_fluid_desktop iframe {\n\t\t\t    width: 100% !important;\n\t\t\t}\n\t\t  <\/style>\n\t\t  ","protected":false},"excerpt":{"rendered":"<p>O Festival das Juventudes est\u00e1 de volta ao Parque Urbano de S. Louren\u00e7o, em Abrantes, entre 6 e 9 de maio, para a sua 5.\u00aa edi\u00e7\u00e3o. O evento, organizado pelo Munic\u00edpio de Abrantes, volta a reunir atividades de educa\u00e7\u00e3o, inova\u00e7\u00e3o, entretenimento e m\u00fasica, num programa pensado para os jovens, mas aberto a toda a comunidade. [&hellip;]<\/p>\n","protected":false},"author":43,"featured_media":74070,"comment_status":"open","ping_status":"closed","sticky":false,"template":"","format":"standard","meta":{"_acf_changed":false,"footnotes":""},"categories":[56,29,31,54,68,32],"tags":[],"class_list":{"0":"post-74069","1":"post","2":"type-post","3":"status-publish","4":"format-standard","5":"has-post-thumbnail","7":"category-1apagina","8":"category-abrantes","9":"category-agenda","10":"category-cultura","11":"category-na-boa","12":"category-noticias"},"acf":[],"_links":{"self":[{"href":"https:\/\/www.entroncamentoonline.pt\/portal\/wp-json\/wp\/v2\/posts\/74069","targetHints":{"allow":["GET"]}}],"collection":[{"href":"https:\/\/www.entroncamentoonline.pt\/portal\/wp-json\/wp\/v2\/posts"}],"about":[{"href":"https:\/\/www.entroncamentoonline.pt\/portal\/wp-json\/wp\/v2\/types\/post"}],"author":[{"embeddable":true,"href":"https:\/\/www.entroncamentoonline.pt\/portal\/wp-json\/wp\/v2\/users\/43"}],"replies":[{"embeddable":true,"href":"https:\/\/www.entroncamentoonline.pt\/portal\/wp-json\/wp\/v2\/comments?post=74069"}],"version-history":[{"count":2,"href":"https:\/\/www.entroncamentoonline.pt\/portal\/wp-json\/wp\/v2\/posts\/74069\/revisions"}],"predecessor-version":[{"id":74072,"href":"https:\/\/www.entroncamentoonline.pt\/portal\/wp-json\/wp\/v2\/posts\/74069\/revisions\/74072"}],"wp:featuredmedia":[{"embeddable":true,"href":"https:\/\/www.entroncamentoonline.pt\/portal\/wp-json\/wp\/v2\/media\/74070"}],"wp:attachment":[{"href":"https:\/\/www.entroncamentoonline.pt\/portal\/wp-json\/wp\/v2\/media?parent=74069"}],"wp:term":[{"taxonomy":"category","embeddable":true,"href":"https:\/\/www.entroncamentoonline.pt\/portal\/wp-json\/wp\/v2\/categories?post=74069"},{"taxonomy":"post_tag","embeddable":true,"href":"https:\/\/www.entroncamentoonline.pt\/portal\/wp-json\/wp\/v2\/tags?post=74069"}],"curies":[{"name":"wp","href":"https:\/\/api.w.org\/{rel}","templated":true}]}}