{"id":74066,"date":"2026-04-27T12:00:12","date_gmt":"2026-04-27T11:00:12","guid":{"rendered":"https:\/\/www.entroncamentoonline.pt\/portal\/?p=74066"},"modified":"2026-04-27T10:55:13","modified_gmt":"2026-04-27T09:55:13","slug":"fazendense-perde-no-entroncamento-e-reabre-luta-pelo-titulo-distrital-macao-encurta-distancia-para-um-ponto","status":"publish","type":"post","link":"https:\/\/www.entroncamentoonline.pt\/portal\/fazendense-perde-no-entroncamento-e-reabre-luta-pelo-titulo-distrital-macao-encurta-distancia-para-um-ponto\/","title":{"rendered":"Fazendense perde no Entroncamento e reabre luta pelo t\u00edtulo distrital; Ma\u00e7\u00e3o encurta dist\u00e2ncia para um ponto"},"content":{"rendered":"<p><span style=\"color: #262626;\"><span style=\"font-family: Arial, sans-serif;\">A 1.\u00aa Divis\u00e3o Distrital da Associa\u00e7\u00e3o de Futebol de Santar\u00e9m ganhou novo f\u00f4lego na corrida pelo t\u00edtulo ap\u00f3s a derrota do Fazendense no Entroncamento, resultado que deixou a equipa de Fazendas de Almeirim com apenas um ponto de vantagem sobre o Ma\u00e7\u00e3o, vencedor destacado na rece\u00e7\u00e3o ao Porto Alto.<\/span><\/span><\/p>\n<p><span style=\"color: #262626;\"><span style=\"font-family: Arial, sans-serif;\">O Entroncamento Atl\u00e9tico Clube protagonizou a grande surpresa da jornada ao vencer por 3-1, somando tr\u00eas pontos decisivos na luta pela manuten\u00e7\u00e3o. J\u00e1 o Ma\u00e7\u00e3o confirmou o favoritismo e bateu o Porto Alto por 3-0, reduzindo a diferen\u00e7a no topo da tabela.<\/span><\/span><\/p>\n<p><span style=\"color: #262626;\"><span style=\"font-family: Arial, sans-serif;\">A jornada ficou ainda marcada pela subida do Torres Novas ao p\u00f3dio, gra\u00e7as ao triunfo por 2-1 frente ao Abrantes e Benfica, e pela vit\u00f3ria surpreendente do \u00c1guias de Alpiar\u00e7a em Tomar, por 3-1, agravando a s\u00e9rie negativa do Uni\u00e3o, que soma agora cinco derrotas consecutivas.<\/span><\/span><\/p>\n<h2 class=\"western\"><span style=\"color: #262626;\"><span style=\"font-family: Arial, sans-serif;\"><span style=\"font-size: medium;\"><strong>Resultados da 26.\u00aa jornada \u2013 1.\u00aa Divis\u00e3o Distrital (AF Santar\u00e9m)<\/strong><\/span><\/span><\/span><\/h2>\n<ul>\n<li><span style=\"color: #262626;\"><span style=\"font-family: Arial, sans-serif;\">Amiense 1\u20130 Ouriense<\/span><\/span><\/li>\n<li><span style=\"color: #262626;\"><span style=\"font-family: Arial, sans-serif;\">U. Tomar 1\u20133 \u00c1guias de Alpiar\u00e7a<\/span><\/span><\/li>\n<li><span style=\"color: #262626;\"><span style=\"font-family: Arial, sans-serif;\">Pont\u00e9vel 1\u20135 Coruchense<\/span><\/span><\/li>\n<li><span style=\"color: #262626;\"><span style=\"font-family: Arial, sans-serif;\">Entroncamento AC 3\u20131 Fazendense<\/span><\/span><\/li>\n<li><span style=\"color: #262626;\"><span style=\"font-family: Arial, sans-serif;\">Alcanenense 6\u20130 Tramagal<\/span><\/span><\/li>\n<li><span style=\"color: #262626;\"><span style=\"font-family: Arial, sans-serif;\">Ma\u00e7\u00e3o 3\u20130 Porto Alto<\/span><\/span><\/li>\n<li><span style=\"color: #262626;\"><span style=\"font-family: Arial, sans-serif;\">Riachense 1\u20131 Cartaxo<\/span><\/span><\/li>\n<li><span style=\"color: #262626;\"><span style=\"font-family: Arial, sans-serif;\">Torres Novas 2\u20131 Abrantes e Benfica<\/span><\/span><\/li>\n<\/ul>\n<h2 class=\"western\"><span style=\"color: #262626;\"><span style=\"font-family: Arial, sans-serif;\"><span style=\"font-size: medium;\"><strong>Classifica\u00e7\u00e3o ap\u00f3s 26 jornadas<\/strong><\/span><\/span><\/span><\/h2>\n<p><span style=\"color: #262626;\"><span style=\"font-family: Arial, sans-serif;\">1.\u00ba Fazendense \u2013 64 pts 2.\u00ba Ma\u00e7\u00e3o \u2013 63 3.\u00ba Torres Novas \u2013 54 4.\u00ba Porto Alto \u2013 52 5.\u00ba Alcanenense \u2013 47 6.\u00ba Coruchense \u2013 46 7.\u00ba \u00c1guias de Alpiar\u00e7a \u2013 37 8.\u00ba U. Tomar \u2013 33 8.\u00ba Amiense \u2013 33 8.\u00ba Ouriense \u2013 33 11.\u00ba Abrantes e Benfica \u2013 31 12.\u00ba Pont\u00e9vel \u2013 27 13.\u00ba Entroncamento AC \u2013 22 14.\u00ba Riachense \u2013 19 15.\u00ba Cartaxo \u2013 18 16.\u00ba Tramagal \u2013 8<\/span><\/span><\/p>\n<h2 class=\"western\"><span style=\"color: #262626;\"><span style=\"font-family: Arial, sans-serif;\"><span style=\"font-size: medium;\"><strong>Pr\u00f3xima jornada (3 de maio)<\/strong><\/span><\/span><\/span><\/h2>\n<ul>\n<li><span style=\"color: #262626;\"><span style=\"font-family: Arial, sans-serif;\">\u00c1guias de Alpiar\u00e7a \u2013 Riachense<\/span><\/span><\/li>\n<li><span style=\"color: #262626;\"><span style=\"font-family: Arial, sans-serif;\">Tramagal \u2013 Amiense<\/span><\/span><\/li>\n<li><span style=\"color: #262626;\"><span style=\"font-family: Arial, sans-serif;\">Fazendense \u2013 Torres Novas<\/span><\/span><\/li>\n<li><span style=\"color: #262626;\"><span style=\"font-family: Arial, sans-serif;\">Abrantes e Benfica \u2013 Pont\u00e9vel<\/span><\/span><\/li>\n<li><span style=\"color: #262626;\"><span style=\"font-family: Arial, sans-serif;\">Porto Alto \u2013 U. Tomar<\/span><\/span><\/li>\n<li><span style=\"color: #262626;\"><span style=\"font-family: Arial, sans-serif;\">Cartaxo \u2013 Entroncamento AC<\/span><\/span><\/li>\n<li><span style=\"color: #262626;\"><span style=\"font-family: Arial, sans-serif;\">Ouriense \u2013 Ma\u00e7\u00e3o<\/span><\/span><\/li>\n<\/ul>\n<h2 class=\"western\"><span style=\"color: #262626;\"><span style=\"font-family: Arial, sans-serif;\"><span style=\"font-size: medium;\"><strong>Outros resultados do fim de semana<\/strong><\/span><\/span><\/span><\/h2>\n<h3 class=\"western\"><span style=\"color: #262626;\"><span style=\"font-family: Arial, sans-serif;\"><span style=\"font-size: medium;\"><strong>Liga 3 \u2013 Apuramento de Campe\u00e3o (11.\u00aa jornada)<\/strong><\/span><\/span><\/span><\/h3>\n<ul>\n<li><span style=\"color: #262626;\"><span style=\"font-family: Arial, sans-serif;\">U. Santar\u00e9m SAD 1\u20131 Acad\u00e9mica OAF<\/span><\/span><\/li>\n<\/ul>\n<h3 class=\"western\"><span style=\"color: #262626;\"><span style=\"font-family: Arial, sans-serif;\"><span style=\"font-size: medium;\"><strong>2.\u00aa Divis\u00e3o Distrital \u2013 S\u00e9rie A (22.\u00aa jornada)<\/strong><\/span><\/span><\/span><\/h3>\n<ul>\n<li><span style=\"color: #262626;\"><span style=\"font-family: Arial, sans-serif;\">Benfica do Ribatejo 0\u20130 Samora Correia \u201cB\u201d<\/span><\/span><\/li>\n<li><span style=\"color: #262626;\"><span style=\"font-family: Arial, sans-serif;\">Rebocho 1\u20132 Marinhais<\/span><\/span><\/li>\n<li><span style=\"color: #262626;\"><span style=\"font-family: Arial, sans-serif;\">QT-SC Rio Maior 0\u20130 Benavente<\/span><\/span><\/li>\n<li><span style=\"color: #262626;\"><span style=\"font-family: Arial, sans-serif;\">Gl\u00f3ria do Ribatejo 1\u20132 Salvaterrense<\/span><\/span><\/li>\n<li><span style=\"color: #262626;\"><span style=\"font-family: Arial, sans-serif;\">Forense 1\u20132 Mo\u00e7arriense<\/span><\/span><\/li>\n<li><span style=\"color: #262626;\"><span style=\"font-family: Arial, sans-serif;\">Ouriquense 1\u20130 U. Santar\u00e9m \u201cB\u201d<\/span><\/span><\/li>\n<\/ul>\n<h3 class=\"western\"><span style=\"color: #262626;\"><span style=\"font-family: Arial, sans-serif;\"><span style=\"font-size: medium;\"><strong>2.\u00aa Divis\u00e3o Distrital \u2013 S\u00e9rie B (22.\u00aa jornada)<\/strong><\/span><\/span><\/span><\/h3>\n<ul>\n<li><span style=\"color: #262626;\"><span style=\"font-family: Arial, sans-serif;\">Alferrarede 3\u20139 Caxarias<\/span><\/span><\/li>\n<li><span style=\"color: #262626;\"><span style=\"font-family: Arial, sans-serif;\">Atalaiense 2\u20132 Mindense<\/span><\/span><\/li>\n<li><span style=\"color: #262626;\"><span style=\"font-family: Arial, sans-serif;\">Ortiga 1\u20131 Vasco da Gama<\/span><\/span><\/li>\n<li><span style=\"color: #262626;\"><span style=\"font-family: Arial, sans-serif;\">Abrantes e Benfica \u201cB\u201d 0\u20136 Pego<\/span><\/span><\/li>\n<li><span style=\"color: #262626;\"><span style=\"font-family: Arial, sans-serif;\">Pernes 1\u20132 Espinheirense<\/span><\/span><\/li>\n<li><span style=\"color: #262626;\"><span style=\"font-family: Arial, sans-serif;\">Ferreira do Z\u00eazere 4\u20130 Lagartos do Sardoal<\/span><\/span><\/li>\n<\/ul>\n<div class=\"fb-background-color\">\n\t\t\t  <div \n\t\t\t  \tclass = \"fb-comments\" \n\t\t\t  \tdata-href = \"https:\/\/www.entroncamentoonline.pt\/portal\/fazendense-perde-no-entroncamento-e-reabre-luta-pelo-titulo-distrital-macao-encurta-distancia-para-um-ponto\/\"\n\t\t\t  \tdata-numposts = \"10\"\n\t\t\t  \tdata-lazy = \"true\"\n\t\t\t\tdata-colorscheme = \"light\"\n\t\t\t\tdata-order-by = \"social\"\n\t\t\t\tdata-mobile=true>\n\t\t\t  <\/div><\/div>\n\t\t  <style>\n\t\t    .fb-background-color {\n\t\t\t\tbackground:  !important;\n\t\t\t}\n\t\t\t.fb_iframe_widget_fluid_desktop iframe {\n\t\t\t    width: 100% !important;\n\t\t\t}\n\t\t  <\/style>\n\t\t  ","protected":false},"excerpt":{"rendered":"<p>A 1.\u00aa Divis\u00e3o Distrital da Associa\u00e7\u00e3o de Futebol de Santar\u00e9m ganhou novo f\u00f4lego na corrida pelo t\u00edtulo ap\u00f3s a derrota do Fazendense no Entroncamento, resultado que deixou a equipa de Fazendas de Almeirim com apenas um ponto de vantagem sobre o Ma\u00e7\u00e3o, vencedor destacado na rece\u00e7\u00e3o ao Porto Alto. O Entroncamento Atl\u00e9tico Clube protagonizou a [&hellip;]<\/p>\n","protected":false},"author":43,"featured_media":74067,"comment_status":"open","ping_status":"closed","sticky":false,"template":"","format":"standard","meta":{"_acf_changed":false,"footnotes":""},"categories":[56,25,26,32,48],"tags":[],"class_list":{"0":"post-74066","1":"post","2":"type-post","3":"status-publish","4":"format-standard","5":"has-post-thumbnail","7":"category-1apagina","8":"category-desporto","9":"category-entroncamento","10":"category-noticias","11":"category-regiao"},"acf":[],"_links":{"self":[{"href":"https:\/\/www.entroncamentoonline.pt\/portal\/wp-json\/wp\/v2\/posts\/74066","targetHints":{"allow":["GET"]}}],"collection":[{"href":"https:\/\/www.entroncamentoonline.pt\/portal\/wp-json\/wp\/v2\/posts"}],"about":[{"href":"https:\/\/www.entroncamentoonline.pt\/portal\/wp-json\/wp\/v2\/types\/post"}],"author":[{"embeddable":true,"href":"https:\/\/www.entroncamentoonline.pt\/portal\/wp-json\/wp\/v2\/users\/43"}],"replies":[{"embeddable":true,"href":"https:\/\/www.entroncamentoonline.pt\/portal\/wp-json\/wp\/v2\/comments?post=74066"}],"version-history":[{"count":1,"href":"https:\/\/www.entroncamentoonline.pt\/portal\/wp-json\/wp\/v2\/posts\/74066\/revisions"}],"predecessor-version":[{"id":74068,"href":"https:\/\/www.entroncamentoonline.pt\/portal\/wp-json\/wp\/v2\/posts\/74066\/revisions\/74068"}],"wp:featuredmedia":[{"embeddable":true,"href":"https:\/\/www.entroncamentoonline.pt\/portal\/wp-json\/wp\/v2\/media\/74067"}],"wp:attachment":[{"href":"https:\/\/www.entroncamentoonline.pt\/portal\/wp-json\/wp\/v2\/media?parent=74066"}],"wp:term":[{"taxonomy":"category","embeddable":true,"href":"https:\/\/www.entroncamentoonline.pt\/portal\/wp-json\/wp\/v2\/categories?post=74066"},{"taxonomy":"post_tag","embeddable":true,"href":"https:\/\/www.entroncamentoonline.pt\/portal\/wp-json\/wp\/v2\/tags?post=74066"}],"curies":[{"name":"wp","href":"https:\/\/api.w.org\/{rel}","templated":true}]}}