{"id":74049,"date":"2026-04-26T13:55:51","date_gmt":"2026-04-26T12:55:51","guid":{"rendered":"https:\/\/www.entroncamentoonline.pt\/portal\/?p=74049"},"modified":"2026-04-26T12:26:37","modified_gmt":"2026-04-26T11:26:37","slug":"entroncamento-o-desabafo-amargurado-de-nelson-cunha-no-final-do-discurso-nas-comemoracoes-do-25-de-abril","status":"publish","type":"post","link":"https:\/\/www.entroncamentoonline.pt\/portal\/entroncamento-o-desabafo-amargurado-de-nelson-cunha-no-final-do-discurso-nas-comemoracoes-do-25-de-abril\/","title":{"rendered":"Entroncamento: O \u201cdesabafo\u201d amargurado de Nelson Cunha no final do discurso nas comemora\u00e7\u00f5es do 25 de abril"},"content":{"rendered":"<p><span style=\"font-family: Arial, sans-serif;\"><span style=\"font-size: medium;\">Nelson Cunha, presidente da C\u00e2mara Municipal eleito pelo Chega h\u00e1 cerca de seis meses, discursou nas cerim\u00f3nias de comemora\u00e7\u00e3o dos 52 anos do 25 de abril <\/span><\/span><span style=\"font-family: Arial, sans-serif;\"><span style=\"font-size: medium;\">e causou algum espanto a forma como acabou a sua interven\u00e7\u00e3o apelando a maior respeito institucional e, de forma firme, afirmando que n\u00e3o teve a presen\u00e7a de nenhuma entidade do concelho na sua tomada de posse.<\/span><\/span><\/p>\n<p><img loading=\"lazy\" decoding=\"async\" class=\"alignnone size-medium wp-image-74050\" src=\"https:\/\/www.entroncamentoonline.pt\/portal\/wp-content\/uploads\/2026\/04\/IMG_4746-800x533.jpg\" alt=\"\" width=\"800\" height=\"533\" srcset=\"https:\/\/www.entroncamentoonline.pt\/portal\/wp-content\/uploads\/2026\/04\/IMG_4746-800x533.jpg 800w, https:\/\/www.entroncamentoonline.pt\/portal\/wp-content\/uploads\/2026\/04\/IMG_4746-2024x1349.jpg 2024w, https:\/\/www.entroncamentoonline.pt\/portal\/wp-content\/uploads\/2026\/04\/IMG_4746-768x512.jpg 768w, https:\/\/www.entroncamentoonline.pt\/portal\/wp-content\/uploads\/2026\/04\/IMG_4746-1536x1024.jpg 1536w, https:\/\/www.entroncamentoonline.pt\/portal\/wp-content\/uploads\/2026\/04\/IMG_4746-2048x1365.jpg 2048w, https:\/\/www.entroncamentoonline.pt\/portal\/wp-content\/uploads\/2026\/04\/IMG_4746-696x464.jpg 696w, https:\/\/www.entroncamentoonline.pt\/portal\/wp-content\/uploads\/2026\/04\/IMG_4746-1068x712.jpg 1068w, https:\/\/www.entroncamentoonline.pt\/portal\/wp-content\/uploads\/2026\/04\/IMG_4746-1920x1280.jpg 1920w, https:\/\/www.entroncamentoonline.pt\/portal\/wp-content\/uploads\/2026\/04\/IMG_4746-630x420.jpg 630w\" sizes=\"auto, (max-width: 800px) 100vw, 800px\" \/><\/p>\n<p><span style=\"font-family: Arial, sans-serif;\"><span style=\"font-size: medium;\">O EOL esteve presente na tomada de posse de Nelson Cunha e, como se v\u00ea pelas fotos de arquivo, o sal\u00e3o nobre do munic\u00edpio esteve completamente lotado, com dezenas de pessoas no exterior que n\u00e3o tiveram oportunidade de entrar.<\/span><\/span><\/p>\n<p><img loading=\"lazy\" decoding=\"async\" class=\"alignnone size-medium wp-image-74052\" src=\"https:\/\/www.entroncamentoonline.pt\/portal\/wp-content\/uploads\/2026\/04\/IMG_4664-800x533.jpg\" alt=\"\" width=\"800\" height=\"533\" srcset=\"https:\/\/www.entroncamentoonline.pt\/portal\/wp-content\/uploads\/2026\/04\/IMG_4664-800x533.jpg 800w, https:\/\/www.entroncamentoonline.pt\/portal\/wp-content\/uploads\/2026\/04\/IMG_4664-2024x1349.jpg 2024w, https:\/\/www.entroncamentoonline.pt\/portal\/wp-content\/uploads\/2026\/04\/IMG_4664-768x512.jpg 768w, https:\/\/www.entroncamentoonline.pt\/portal\/wp-content\/uploads\/2026\/04\/IMG_4664-1536x1024.jpg 1536w, https:\/\/www.entroncamentoonline.pt\/portal\/wp-content\/uploads\/2026\/04\/IMG_4664-2048x1365.jpg 2048w, https:\/\/www.entroncamentoonline.pt\/portal\/wp-content\/uploads\/2026\/04\/IMG_4664-696x464.jpg 696w, https:\/\/www.entroncamentoonline.pt\/portal\/wp-content\/uploads\/2026\/04\/IMG_4664-1068x712.jpg 1068w, https:\/\/www.entroncamentoonline.pt\/portal\/wp-content\/uploads\/2026\/04\/IMG_4664-1920x1280.jpg 1920w, https:\/\/www.entroncamentoonline.pt\/portal\/wp-content\/uploads\/2026\/04\/IMG_4664-630x420.jpg 630w\" sizes=\"auto, (max-width: 800px) 100vw, 800px\" \/><\/p>\n<p><span style=\"font-family: Arial, sans-serif;\"><span style=\"font-size: medium;\">Em declara\u00e7\u00f5es \u00e0 R\u00e1dio Salesiana, o autarca explicou as suas declara\u00e7\u00f5es. \u201c<\/span><\/span><span style=\"font-family: Arial, sans-serif;\"><span style=\"font-size: medium;\">Todos (entidades) faltaram \u00e0 tomada de posse\u201d, \u201cquando falamos do 25 de abril, da liberdade e do respeito da pluralidade eu pergunto: onde \u00e9 que esteve l\u00e1 o 25 de abril\u201d. \u201cN\u00e3o me senti desacompanhado, mas n\u00e3o me senti respeitado (\u2026) mas vi a sala cheia de mun\u00edcipes e o povo \u00e9 quem mais ordena\u201d. \u201cDa minha parte cordialidade e respeito institucional, sempre\u201d, finalizou.<\/span><\/span><\/p>\n<p><span style=\"font-family: Arial, sans-serif;\"><span style=\"font-size: medium;\">No Podcast \u201cNa Linha do Encontramento\u201d (https:\/\/youtu.be\/7qd2oQPBpkY?si=ZqlxAlUK23FbXGuR) Jorge Faria, ex-presidente da autarquia e que esteve na linha da frente no esfor\u00e7o de constru\u00e7\u00e3o da nova esquadra da PSP na cidade, contou que n\u00e3o foi convidado pelo munic\u00edpio para a inaugura\u00e7\u00e3o da mesma, cuja placa foi descerrada por Nelson Cunha. O EOL sabe que tal se dever\u00e1 a este mesmo descontentamento.<\/span><\/span><\/p>\n<p><span style=\"font-family: Arial, sans-serif;\"><span style=\"font-size: medium;\">A tomada de posse de um presidente de c\u00e2mara n\u00e3o \u00e9 organizada pela C\u00e2mara Municipal, mas sim pela Assembleia Municipal, atrav\u00e9s do seu presidente, no caso cessante. \u00c9 este \u00f3rg\u00e3o que convoca a sess\u00e3o de instala\u00e7\u00e3o, dirige os trabalhos e confere posse aos eleitos, conforme determina a lei do poder local democr\u00e1tico. A C\u00e2mara n\u00e3o se pode auto\u2011empossar; a legitimidade do ato pertence sempre \u00e0 Assembleia Municipal, que representa o munic\u00edpio na sua totalidade e garante a legalidade do processo.<\/span><\/span><\/p>\n<p><em><span style=\"font-family: Arial, sans-serif;\"><span style=\"font-size: medium;\">Texto e fotos: Ricardo Alves<\/span><\/span><\/em><\/p>\n<div class=\"fb-background-color\">\n\t\t\t  <div \n\t\t\t  \tclass = \"fb-comments\" \n\t\t\t  \tdata-href = \"https:\/\/www.entroncamentoonline.pt\/portal\/entroncamento-o-desabafo-amargurado-de-nelson-cunha-no-final-do-discurso-nas-comemoracoes-do-25-de-abril\/\"\n\t\t\t  \tdata-numposts = \"10\"\n\t\t\t  \tdata-lazy = \"true\"\n\t\t\t\tdata-colorscheme = \"light\"\n\t\t\t\tdata-order-by = \"social\"\n\t\t\t\tdata-mobile=true>\n\t\t\t  <\/div><\/div>\n\t\t  <style>\n\t\t    .fb-background-color {\n\t\t\t\tbackground:  !important;\n\t\t\t}\n\t\t\t.fb_iframe_widget_fluid_desktop iframe {\n\t\t\t    width: 100% !important;\n\t\t\t}\n\t\t  <\/style>\n\t\t  ","protected":false},"excerpt":{"rendered":"<p>Nelson Cunha, presidente da C\u00e2mara Municipal eleito pelo Chega h\u00e1 cerca de seis meses, discursou nas cerim\u00f3nias de comemora\u00e7\u00e3o dos 52 anos do 25 de abril e causou algum espanto a forma como acabou a sua interven\u00e7\u00e3o apelando a maior respeito institucional e, de forma firme, afirmando que n\u00e3o teve a presen\u00e7a de nenhuma entidade [&hellip;]<\/p>\n","protected":false},"author":43,"featured_media":74051,"comment_status":"open","ping_status":"closed","sticky":false,"template":"","format":"standard","meta":{"_acf_changed":false,"footnotes":""},"categories":[56,47,26,32],"tags":[],"class_list":{"0":"post-74049","1":"post","2":"type-post","3":"status-publish","4":"format-standard","5":"has-post-thumbnail","7":"category-1apagina","8":"category-atividade-partidaria","9":"category-entroncamento","10":"category-noticias"},"acf":[],"_links":{"self":[{"href":"https:\/\/www.entroncamentoonline.pt\/portal\/wp-json\/wp\/v2\/posts\/74049","targetHints":{"allow":["GET"]}}],"collection":[{"href":"https:\/\/www.entroncamentoonline.pt\/portal\/wp-json\/wp\/v2\/posts"}],"about":[{"href":"https:\/\/www.entroncamentoonline.pt\/portal\/wp-json\/wp\/v2\/types\/post"}],"author":[{"embeddable":true,"href":"https:\/\/www.entroncamentoonline.pt\/portal\/wp-json\/wp\/v2\/users\/43"}],"replies":[{"embeddable":true,"href":"https:\/\/www.entroncamentoonline.pt\/portal\/wp-json\/wp\/v2\/comments?post=74049"}],"version-history":[{"count":3,"href":"https:\/\/www.entroncamentoonline.pt\/portal\/wp-json\/wp\/v2\/posts\/74049\/revisions"}],"predecessor-version":[{"id":74055,"href":"https:\/\/www.entroncamentoonline.pt\/portal\/wp-json\/wp\/v2\/posts\/74049\/revisions\/74055"}],"wp:featuredmedia":[{"embeddable":true,"href":"https:\/\/www.entroncamentoonline.pt\/portal\/wp-json\/wp\/v2\/media\/74051"}],"wp:attachment":[{"href":"https:\/\/www.entroncamentoonline.pt\/portal\/wp-json\/wp\/v2\/media?parent=74049"}],"wp:term":[{"taxonomy":"category","embeddable":true,"href":"https:\/\/www.entroncamentoonline.pt\/portal\/wp-json\/wp\/v2\/categories?post=74049"},{"taxonomy":"post_tag","embeddable":true,"href":"https:\/\/www.entroncamentoonline.pt\/portal\/wp-json\/wp\/v2\/tags?post=74049"}],"curies":[{"name":"wp","href":"https:\/\/api.w.org\/{rel}","templated":true}]}}