{"id":74043,"date":"2026-04-26T11:55:43","date_gmt":"2026-04-26T10:55:43","guid":{"rendered":"https:\/\/www.entroncamentoonline.pt\/portal\/?p=74043"},"modified":"2026-04-26T11:55:43","modified_gmt":"2026-04-26T10:55:43","slug":"entroncamento-assinalou-25-de-abril-com-cerimonias-oficiais-e-discursos-centrados-na-responsabilidade-democratica","status":"publish","type":"post","link":"https:\/\/www.entroncamentoonline.pt\/portal\/entroncamento-assinalou-25-de-abril-com-cerimonias-oficiais-e-discursos-centrados-na-responsabilidade-democratica\/","title":{"rendered":"Entroncamento assinalou 25 de Abril com cerim\u00f3nias oficiais e discursos centrados na responsabilidade democr\u00e1tica"},"content":{"rendered":"<p><span style=\"font-family: Arial, sans-serif;\"><span style=\"font-size: medium;\">O Entroncamento celebrou este s\u00e1bado o <\/span><\/span><span style=\"font-family: Arial, sans-serif;\"><span style=\"font-size: medium;\">52.\u00ba anivers\u00e1rio do 25 de Abril<\/span><\/span><span style=\"font-family: Arial, sans-serif;\"><span style=\"font-size: medium;\"> com um programa oficial que evocou os valores da liberdade, da democracia e do poder local, num ano em que se assinalam tamb\u00e9m os <\/span><\/span><span style=\"font-family: Arial, sans-serif;\"><span style=\"font-size: medium;\">50 anos das autarquias democr\u00e1ticas<\/span><\/span><span style=\"font-family: Arial, sans-serif;\"><span style=\"font-size: medium;\">.<\/span><\/span><\/p>\n<p><span style=\"font-family: Arial, sans-serif;\"><span style=\"font-size: medium;\">As comemora\u00e7\u00f5es arrancaram no <\/span><\/span><span style=\"font-family: Arial, sans-serif;\"><span style=\"font-size: medium;\">Largo Jos\u00e9 Duarte Coelho<\/span><\/span><span style=\"font-family: Arial, sans-serif;\"><span style=\"font-size: medium;\">, com o hastear das bandeiras pelos Bombeiros Volunt\u00e1rios, ao som do Hino Nacional interpretado por Walter Guia. Seguiu-se a <\/span><\/span><span style=\"font-family: Arial, sans-serif;\"><span style=\"font-size: medium;\">Sess\u00e3o Solene Comemorativa<\/span><\/span><span style=\"font-family: Arial, sans-serif;\"><span style=\"font-size: medium;\"> no Centro Cultural, que acolhe igualmente v\u00e1rias exposi\u00e7\u00f5es dedicadas \u00e0 efem\u00e9ride.<\/span><\/span><\/p>\n<p><span style=\"font-family: Arial, sans-serif;\"><span style=\"font-size: medium;\">A sess\u00e3o contou com interven\u00e7\u00f5es dos representantes dos partidos com assento na Assembleia Municipal, bem como do presidente da C\u00e2mara Municipal, <\/span><\/span><span style=\"font-family: Arial, sans-serif;\"><span style=\"font-size: medium;\">Nelson Cunha<\/span><\/span><span style=\"font-family: Arial, sans-serif;\"><span style=\"font-size: medium;\">, e do presidente da Assembleia Municipal, <\/span><\/span><span style=\"font-family: Arial, sans-serif;\"><span style=\"font-size: medium;\">S\u00e9rgio Belejo<\/span><\/span><span style=\"font-family: Arial, sans-serif;\"><span style=\"font-size: medium;\">.<\/span><\/span><\/p>\n<p><img loading=\"lazy\" decoding=\"async\" class=\"alignnone size-medium wp-image-74045\" src=\"https:\/\/www.entroncamentoonline.pt\/portal\/wp-content\/uploads\/2026\/04\/IMG_20260425_103316-800x602.jpg\" alt=\"\" width=\"800\" height=\"602\" srcset=\"https:\/\/www.entroncamentoonline.pt\/portal\/wp-content\/uploads\/2026\/04\/IMG_20260425_103316-800x602.jpg 800w, https:\/\/www.entroncamentoonline.pt\/portal\/wp-content\/uploads\/2026\/04\/IMG_20260425_103316-2024x1524.jpg 2024w, https:\/\/www.entroncamentoonline.pt\/portal\/wp-content\/uploads\/2026\/04\/IMG_20260425_103316-768x578.jpg 768w, https:\/\/www.entroncamentoonline.pt\/portal\/wp-content\/uploads\/2026\/04\/IMG_20260425_103316-1536x1157.jpg 1536w, https:\/\/www.entroncamentoonline.pt\/portal\/wp-content\/uploads\/2026\/04\/IMG_20260425_103316-2048x1542.jpg 2048w, https:\/\/www.entroncamentoonline.pt\/portal\/wp-content\/uploads\/2026\/04\/IMG_20260425_103316-696x524.jpg 696w, https:\/\/www.entroncamentoonline.pt\/portal\/wp-content\/uploads\/2026\/04\/IMG_20260425_103316-1068x804.jpg 1068w, https:\/\/www.entroncamentoonline.pt\/portal\/wp-content\/uploads\/2026\/04\/IMG_20260425_103316-1920x1446.jpg 1920w, https:\/\/www.entroncamentoonline.pt\/portal\/wp-content\/uploads\/2026\/04\/IMG_20260425_103316-558x420.jpg 558w, https:\/\/www.entroncamentoonline.pt\/portal\/wp-content\/uploads\/2026\/04\/IMG_20260425_103316-80x60.jpg 80w, https:\/\/www.entroncamentoonline.pt\/portal\/wp-content\/uploads\/2026\/04\/IMG_20260425_103316-265x198.jpg 265w\" sizes=\"auto, (max-width: 800px) 100vw, 800px\" \/><\/p>\n<h2 class=\"western\"><strong><span style=\"font-family: Arial, sans-serif;\"><span style=\"font-size: medium;\">L\u00facia Abelha: \u201cA democracia n\u00e3o \u00e9 garantida\u201d<\/span><\/span><\/strong><\/h2>\n<p><span style=\"font-family: Arial, sans-serif;\"><span style=\"font-size: medium;\">Em representa\u00e7\u00e3o do PS, <\/span><\/span><span style=\"font-family: Arial, sans-serif;\"><span style=\"font-size: medium;\">L\u00facia Abelha<\/span><\/span><span style=\"font-family: Arial, sans-serif;\"><span style=\"font-size: medium;\"> evocou a identidade ferrovi\u00e1ria do concelho e a resist\u00eancia oper\u00e1ria que antecedeu o 25 de Abril. Recordou que \u201c<\/span><\/span><span style=\"font-family: Arial, sans-serif;\"><span style=\"font-size: medium;\">o Entroncamento nasceu num cruzamento<\/span><\/span><span style=\"font-family: Arial, sans-serif;\"><span style=\"font-size: medium;\">, feito de trabalhadores que vieram de todo o pa\u00eds\u201d , sublinhando que a liberdade conquistada em 1974 n\u00e3o pode ser tratada como um dado adquirido.<\/span><\/span><\/p>\n<p><span style=\"font-family: Arial, sans-serif;\"><span style=\"font-size: medium;\">A deputada municipal alertou para o risco de banaliza\u00e7\u00e3o democr\u00e1tica: \u201c<\/span><\/span><span style=\"font-family: Arial, sans-serif;\"><span style=\"font-size: medium;\">A liberdade n\u00e3o \u00e9 garantida. S\u00e3o conquistas que precisam de ser renovadas, defendidas e, sobretudo, usadas<\/span><\/span><span style=\"font-family: Arial, sans-serif;\"><span style=\"font-size: medium;\">\u201d . Defendeu ainda que a d\u00favida e a exig\u00eancia dos cidad\u00e3os devem ser motores de melhoria e n\u00e3o instrumentos de destrui\u00e7\u00e3o do regime democr\u00e1tico.<\/span><\/span><\/p>\n<p><span style=\"font-family: Arial, sans-serif;\"><span style=\"font-size: medium;\">L\u00facia Abelha deixou tamb\u00e9m uma reflex\u00e3o sobre o papel das novas gera\u00e7\u00f5es e a ilus\u00e3o de participa\u00e7\u00e3o nas redes sociais, lembrando que \u201c<\/span><\/span><span style=\"font-family: Arial, sans-serif;\"><span style=\"font-size: medium;\">os problemas que herd\u00e1mos n\u00e3o se resolvem com um trending topic<\/span><\/span><span style=\"font-family: Arial, sans-serif;\"><span style=\"font-size: medium;\">\u201d .<\/span><\/span><\/p>\n<h2 class=\"western\"><strong><span style=\"font-family: Arial, sans-serif;\"><span style=\"font-size: medium;\">Nelson Cunha: \u201cO esp\u00edrito de Abril exige responsabilidade\u201d<\/span><\/span><\/strong><\/h2>\n<p><span style=\"font-family: Arial, sans-serif;\"><span style=\"font-size: medium;\">O presidente da C\u00e2mara Municipal, <\/span><\/span><span style=\"font-family: Arial, sans-serif;\"><span style=\"font-size: medium;\">Nelson Cunha<\/span><\/span><span style=\"font-family: Arial, sans-serif;\"><span style=\"font-size: medium;\">, destacou que celebrar Abril implica mais do que mem\u00f3ria: exige a\u00e7\u00e3o. \u201c<\/span><\/span><span style=\"font-family: Arial, sans-serif;\"><span style=\"font-size: medium;\">O esp\u00edrito de Abril exige mais do que mem\u00f3ria, exige responsabilidade<\/span><\/span><span style=\"font-family: Arial, sans-serif;\"><span style=\"font-size: medium;\">\u201d , afirmou, defendendo que a democracia s\u00f3 se fortalece quando responde \u00e0s necessidades concretas das pessoas.<\/span><\/span><\/p>\n<p><span style=\"font-family: Arial, sans-serif;\"><span style=\"font-size: medium;\">O autarca sublinhou que muitos portugueses continuam a sentir que a promessa de Abril permanece incompleta, apontando dificuldades no acesso \u00e0 habita\u00e7\u00e3o, inseguran\u00e7a e falta de oportunidades para os jovens. Refor\u00e7ou tamb\u00e9m a import\u00e2ncia do <\/span><\/span><span style=\"font-family: Arial, sans-serif;\"><span style=\"font-size: medium;\">25 de Novembro<\/span><\/span><span style=\"font-family: Arial, sans-serif;\"><span style=\"font-size: medium;\">, considerando que sem essa data \u201c<\/span><\/span><span style=\"font-family: Arial, sans-serif;\"><span style=\"font-size: medium;\">Abril n\u00e3o teria o significado de liberdade plena<\/span><\/span><span style=\"font-family: Arial, sans-serif;\"><span style=\"font-size: medium;\">\u201d .<\/span><\/span><\/p>\n<p><img loading=\"lazy\" decoding=\"async\" class=\"alignnone size-medium wp-image-74046\" src=\"https:\/\/www.entroncamentoonline.pt\/portal\/wp-content\/uploads\/2026\/04\/SAVE_20260426_113654-600x800.jpg\" alt=\"\" width=\"600\" height=\"800\" srcset=\"https:\/\/www.entroncamentoonline.pt\/portal\/wp-content\/uploads\/2026\/04\/SAVE_20260426_113654-600x800.jpg 600w, https:\/\/www.entroncamentoonline.pt\/portal\/wp-content\/uploads\/2026\/04\/SAVE_20260426_113654-1518x2024.jpg 1518w, https:\/\/www.entroncamentoonline.pt\/portal\/wp-content\/uploads\/2026\/04\/SAVE_20260426_113654-768x1024.jpg 768w, https:\/\/www.entroncamentoonline.pt\/portal\/wp-content\/uploads\/2026\/04\/SAVE_20260426_113654-1152x1536.jpg 1152w, https:\/\/www.entroncamentoonline.pt\/portal\/wp-content\/uploads\/2026\/04\/SAVE_20260426_113654-1536x2048.jpg 1536w, https:\/\/www.entroncamentoonline.pt\/portal\/wp-content\/uploads\/2026\/04\/SAVE_20260426_113654-696x928.jpg 696w, https:\/\/www.entroncamentoonline.pt\/portal\/wp-content\/uploads\/2026\/04\/SAVE_20260426_113654-1068x1424.jpg 1068w, https:\/\/www.entroncamentoonline.pt\/portal\/wp-content\/uploads\/2026\/04\/SAVE_20260426_113654-scaled.jpg 1920w, https:\/\/www.entroncamentoonline.pt\/portal\/wp-content\/uploads\/2026\/04\/SAVE_20260426_113654-315x420.jpg 315w\" sizes=\"auto, (max-width: 600px) 100vw, 600px\" \/><\/p>\n<p><span style=\"font-family: Arial, sans-serif;\"><span style=\"font-size: medium;\">No plano local, Nelson Cunha apresentou o trabalho desenvolvido nos primeiros seis meses de mandato, destacando \u00e1reas como limpeza urbana, seguran\u00e7a, sa\u00fade, justi\u00e7a social e mobilidade. Sublinhou ainda a necessidade de proximidade e respeito institucional, deixando uma nota pessoal sobre a aus\u00eancia de entidades oficiais na sua tomada de posse.<\/span><\/span><\/p>\n<h2 class=\"western\"><strong><span style=\"font-family: Arial, sans-serif;\"><span style=\"font-size: medium;\">S\u00e9rgio Belejo: 50 anos de poder local democr\u00e1tico<\/span><\/span><\/strong><\/h2>\n<p><span style=\"font-family: Arial, sans-serif;\"><span style=\"font-size: medium;\">O presidente da Assembleia Municipal, <\/span><\/span><span style=\"font-family: Arial, sans-serif;\"><span style=\"font-size: medium;\">S\u00e9rgio Belejo<\/span><\/span><span style=\"font-family: Arial, sans-serif;\"><span style=\"font-size: medium;\">, centrou a sua interven\u00e7\u00e3o na import\u00e2ncia do poder local, que este ano celebra meio s\u00e9culo. Recordou que nasceu \u201c<\/span><\/span><span style=\"font-family: Arial, sans-serif;\"><span style=\"font-size: medium;\">a democracia com endere\u00e7o, com rua, com nome de freguesia<\/span><\/span><span style=\"font-family: Arial, sans-serif;\"><span style=\"font-size: medium;\">\u201d , permitindo que a liberdade conquistada em 1974 ganhasse express\u00e3o concreta no territ\u00f3rio.<\/span><\/span><\/p>\n<p><span style=\"font-family: Arial, sans-serif;\"><span style=\"font-size: medium;\">S\u00e9rgio Belejo destacou o papel das autarquias na transforma\u00e7\u00e3o do pa\u00eds e do Entroncamento, afirmando que \u201c<\/span><\/span><span style=\"font-family: Arial, sans-serif;\"><span style=\"font-size: medium;\">o concelho cresceu, ganhou equipamentos e dignidade urbana pelo trabalho das suas gentes e das institui\u00e7\u00f5es democr\u00e1ticas<\/span><\/span><span style=\"font-family: Arial, sans-serif;\"><span style=\"font-size: medium;\">\u201d .<\/span><\/span><\/p>\n<p><span style=\"font-family: Arial, sans-serif;\"><span style=\"font-size: medium;\">Alertou ainda para os riscos que hoje amea\u00e7am as democracias em v\u00e1rios pa\u00edses, defendendo que o poder local \u00e9 a primeira linha de defesa da liberdade: \u201c<\/span><\/span><span style=\"font-family: Arial, sans-serif;\"><span style=\"font-size: medium;\">A democracia n\u00e3o \u00e9 um estado permanente; \u00e9 um equil\u00edbrio que exige manuten\u00e7\u00e3o<\/span><\/span><span style=\"font-family: Arial, sans-serif;\"><span style=\"font-size: medium;\">\u201d .<\/span><\/span><\/p>\n<h2 class=\"western\"><strong><span style=\"font-family: Arial, sans-serif;\"><span style=\"font-size: medium;\">Cultura, mem\u00f3ria e participa\u00e7\u00e3o<\/span><\/span><\/strong><\/h2>\n<p><span style=\"font-family: Arial, sans-serif;\"><span style=\"font-size: medium;\">A cerim\u00f3nia integrou tamb\u00e9m momentos culturais, incluindo a leitura dos poemas vencedores do concurso <\/span><\/span><span style=\"font-family: Arial, sans-serif;\"><span style=\"font-size: medium;\">\u201cO 25 de Abril de 74\u201d<\/span><\/span><span style=\"font-family: Arial, sans-serif;\"><span style=\"font-size: medium;\">, promovido pelo munic\u00edpio em parceria com o Agrupamento de Escolas do Entroncamento e a Escola Profissional Gustave Eiffel, al\u00e9m de atua\u00e7\u00f5es musicais de Walter Guia.<\/span><\/span><\/p>\n<p><span style=\"font-family: Arial, sans-serif;\"><span style=\"font-size: medium;\">As comemora\u00e7\u00f5es encerraram com um apelo transversal \u00e0 participa\u00e7\u00e3o c\u00edvica, ao refor\u00e7o da democracia e \u00e0 preserva\u00e7\u00e3o dos valores que Abril trouxe ao pa\u00eds.<\/span><\/span><\/p>\n<div class=\"fb-background-color\">\n\t\t\t  <div \n\t\t\t  \tclass = \"fb-comments\" \n\t\t\t  \tdata-href = \"https:\/\/www.entroncamentoonline.pt\/portal\/entroncamento-assinalou-25-de-abril-com-cerimonias-oficiais-e-discursos-centrados-na-responsabilidade-democratica\/\"\n\t\t\t  \tdata-numposts = \"10\"\n\t\t\t  \tdata-lazy = \"true\"\n\t\t\t\tdata-colorscheme = \"light\"\n\t\t\t\tdata-order-by = \"social\"\n\t\t\t\tdata-mobile=true>\n\t\t\t  <\/div><\/div>\n\t\t  <style>\n\t\t    .fb-background-color {\n\t\t\t\tbackground:  !important;\n\t\t\t}\n\t\t\t.fb_iframe_widget_fluid_desktop iframe {\n\t\t\t    width: 100% !important;\n\t\t\t}\n\t\t  <\/style>\n\t\t  ","protected":false},"excerpt":{"rendered":"<p>O Entroncamento celebrou este s\u00e1bado o 52.\u00ba anivers\u00e1rio do 25 de Abril com um programa oficial que evocou os valores da liberdade, da democracia e do poder local, num ano em que se assinalam tamb\u00e9m os 50 anos das autarquias democr\u00e1ticas. As comemora\u00e7\u00f5es arrancaram no Largo Jos\u00e9 Duarte Coelho, com o hastear das bandeiras pelos [&hellip;]<\/p>\n","protected":false},"author":43,"featured_media":74044,"comment_status":"open","ping_status":"closed","sticky":false,"template":"","format":"standard","meta":{"_acf_changed":false,"footnotes":""},"categories":[56,26,32],"tags":[],"class_list":{"0":"post-74043","1":"post","2":"type-post","3":"status-publish","4":"format-standard","5":"has-post-thumbnail","7":"category-1apagina","8":"category-entroncamento","9":"category-noticias"},"acf":[],"_links":{"self":[{"href":"https:\/\/www.entroncamentoonline.pt\/portal\/wp-json\/wp\/v2\/posts\/74043","targetHints":{"allow":["GET"]}}],"collection":[{"href":"https:\/\/www.entroncamentoonline.pt\/portal\/wp-json\/wp\/v2\/posts"}],"about":[{"href":"https:\/\/www.entroncamentoonline.pt\/portal\/wp-json\/wp\/v2\/types\/post"}],"author":[{"embeddable":true,"href":"https:\/\/www.entroncamentoonline.pt\/portal\/wp-json\/wp\/v2\/users\/43"}],"replies":[{"embeddable":true,"href":"https:\/\/www.entroncamentoonline.pt\/portal\/wp-json\/wp\/v2\/comments?post=74043"}],"version-history":[{"count":1,"href":"https:\/\/www.entroncamentoonline.pt\/portal\/wp-json\/wp\/v2\/posts\/74043\/revisions"}],"predecessor-version":[{"id":74047,"href":"https:\/\/www.entroncamentoonline.pt\/portal\/wp-json\/wp\/v2\/posts\/74043\/revisions\/74047"}],"wp:featuredmedia":[{"embeddable":true,"href":"https:\/\/www.entroncamentoonline.pt\/portal\/wp-json\/wp\/v2\/media\/74044"}],"wp:attachment":[{"href":"https:\/\/www.entroncamentoonline.pt\/portal\/wp-json\/wp\/v2\/media?parent=74043"}],"wp:term":[{"taxonomy":"category","embeddable":true,"href":"https:\/\/www.entroncamentoonline.pt\/portal\/wp-json\/wp\/v2\/categories?post=74043"},{"taxonomy":"post_tag","embeddable":true,"href":"https:\/\/www.entroncamentoonline.pt\/portal\/wp-json\/wp\/v2\/tags?post=74043"}],"curies":[{"name":"wp","href":"https:\/\/api.w.org\/{rel}","templated":true}]}}