{"id":73397,"date":"2026-03-13T11:30:27","date_gmt":"2026-03-13T11:30:27","guid":{"rendered":"https:\/\/www.entroncamentoonline.pt\/portal\/?p=73397"},"modified":"2026-03-13T09:55:33","modified_gmt":"2026-03-13T09:55:33","slug":"12-a-edicao-do-tejo-cup-apresentada-em-santarem-com-fase-final-da-competicao-no-entroncamento","status":"publish","type":"post","link":"https:\/\/www.entroncamentoonline.pt\/portal\/12-a-edicao-do-tejo-cup-apresentada-em-santarem-com-fase-final-da-competicao-no-entroncamento\/","title":{"rendered":"12.\u00aa edi\u00e7\u00e3o do Tejo Cup apresentada em Santar\u00e9m com fase final da competi\u00e7\u00e3o no Entroncamento"},"content":{"rendered":"<p><span style=\"color: #000000;\"><span style=\"font-family: Arial, sans-serif;\">A 12.\u00aa edi\u00e7\u00e3o do <strong>Tejo Cup<\/strong> foi apresentada esta ter\u00e7a\u2011feira, 10 de mar\u00e7o, no piso 2 do W Shopping, em Santar\u00e9m, reunindo representantes de v\u00e1rias entidades ligadas ao desporto regional e nacional. O evento contou ainda com a presen\u00e7a do selecionador nacional de sub\u201117, que assume o papel de patrono da edi\u00e7\u00e3o de 2026 e participou numa sess\u00e3o de aut\u00f3grafos.<\/span><\/span><\/p>\n<p><span style=\"color: #000000;\"><span style=\"font-family: Arial, sans-serif;\">Organizado pela <strong>Associa\u00e7\u00e3o de Futebol de Santar\u00e9m<\/strong>, o Tejo Cup volta a afirmar\u2011se como uma das principais competi\u00e7\u00f5es de futebol jovem do distrito, envolvendo mais de <strong>200 atletas<\/strong> distribu\u00eddos por <strong>12 sele\u00e7\u00f5es concelhias<\/strong> nos escal\u00f5es de sub\u201113 e sub\u201114. A estrutura do torneio integra tamb\u00e9m jovens equipas de arbitragem e mais de seis dezenas de agentes desportivos, entre treinadores, dirigentes e colaboradores.<\/span><\/span><\/p>\n<p><span style=\"color: #000000;\"><span style=\"font-family: Arial, sans-serif;\">A edi\u00e7\u00e3o deste ano apresenta uma novidade de destaque: o <strong>primeiro Tejo Cup Feminino<\/strong>, que reunir\u00e1 mais de <strong>100 jogadoras<\/strong> em cinco sele\u00e7\u00f5es dos escal\u00f5es sub\u201111 e sub\u201117, refor\u00e7ando a aposta no desenvolvimento do futebol feminino na regi\u00e3o.<\/span><\/span><\/p>\n<p><span style=\"color: #000000;\"><span style=\"font-family: Arial, sans-serif;\">A fase zonal do escal\u00e3o sub\u201114 realiza\u2011se a <strong>15 de mar\u00e7o<\/strong>, em Vila Nova da Barquinha e Fazendas de Almeirim. J\u00e1 os jogos do escal\u00e3o sub\u201113 est\u00e3o marcados para <strong>21 de mar\u00e7o<\/strong>, em Alcanena e Benavente. A <strong>fase final<\/strong> decorre a <strong>1 de maio<\/strong>, no Complexo Desportivo do Bonito, no Entroncamento, com os jogos decisivos dos escal\u00f5es masculinos durante a manh\u00e3 e a estreia competitiva do Tejo Cup Feminino durante a tarde.<\/span><\/span><\/p>\n<p><span style=\"color: #000000;\"><span style=\"font-family: Arial, sans-serif;\">O torneio dever\u00e1 reunir centenas de atletas, equipas t\u00e9cnicas, dirigentes e fam\u00edlias, consolidando\u2011se como uma das maiores celebra\u00e7\u00f5es do futebol juvenil no distrito de Santar\u00e9m.<\/span><\/span><\/p>\n<p><em>Foto: CME<\/em><\/p>\n<div class=\"fb-background-color\">\n\t\t\t  <div \n\t\t\t  \tclass = \"fb-comments\" \n\t\t\t  \tdata-href = \"https:\/\/www.entroncamentoonline.pt\/portal\/12-a-edicao-do-tejo-cup-apresentada-em-santarem-com-fase-final-da-competicao-no-entroncamento\/\"\n\t\t\t  \tdata-numposts = \"10\"\n\t\t\t  \tdata-lazy = \"true\"\n\t\t\t\tdata-colorscheme = \"light\"\n\t\t\t\tdata-order-by = \"social\"\n\t\t\t\tdata-mobile=true>\n\t\t\t  <\/div><\/div>\n\t\t  <style>\n\t\t    .fb-background-color {\n\t\t\t\tbackground:  !important;\n\t\t\t}\n\t\t\t.fb_iframe_widget_fluid_desktop iframe {\n\t\t\t    width: 100% !important;\n\t\t\t}\n\t\t  <\/style>\n\t\t  ","protected":false},"excerpt":{"rendered":"<p>A 12.\u00aa edi\u00e7\u00e3o do Tejo Cup foi apresentada esta ter\u00e7a\u2011feira, 10 de mar\u00e7o, no piso 2 do W Shopping, em Santar\u00e9m, reunindo representantes de v\u00e1rias entidades ligadas ao desporto regional e nacional. O evento contou ainda com a presen\u00e7a do selecionador nacional de sub\u201117, que assume o papel de patrono da edi\u00e7\u00e3o de 2026 e [&hellip;]<\/p>\n","protected":false},"author":43,"featured_media":73398,"comment_status":"open","ping_status":"closed","sticky":false,"template":"","format":"standard","meta":{"_acf_changed":false,"footnotes":""},"categories":[56,25,26,32,38],"tags":[],"class_list":{"0":"post-73397","1":"post","2":"type-post","3":"status-publish","4":"format-standard","5":"has-post-thumbnail","7":"category-1apagina","8":"category-desporto","9":"category-entroncamento","10":"category-noticias","11":"category-v-n-barquinha"},"acf":[],"_links":{"self":[{"href":"https:\/\/www.entroncamentoonline.pt\/portal\/wp-json\/wp\/v2\/posts\/73397","targetHints":{"allow":["GET"]}}],"collection":[{"href":"https:\/\/www.entroncamentoonline.pt\/portal\/wp-json\/wp\/v2\/posts"}],"about":[{"href":"https:\/\/www.entroncamentoonline.pt\/portal\/wp-json\/wp\/v2\/types\/post"}],"author":[{"embeddable":true,"href":"https:\/\/www.entroncamentoonline.pt\/portal\/wp-json\/wp\/v2\/users\/43"}],"replies":[{"embeddable":true,"href":"https:\/\/www.entroncamentoonline.pt\/portal\/wp-json\/wp\/v2\/comments?post=73397"}],"version-history":[{"count":2,"href":"https:\/\/www.entroncamentoonline.pt\/portal\/wp-json\/wp\/v2\/posts\/73397\/revisions"}],"predecessor-version":[{"id":73400,"href":"https:\/\/www.entroncamentoonline.pt\/portal\/wp-json\/wp\/v2\/posts\/73397\/revisions\/73400"}],"wp:featuredmedia":[{"embeddable":true,"href":"https:\/\/www.entroncamentoonline.pt\/portal\/wp-json\/wp\/v2\/media\/73398"}],"wp:attachment":[{"href":"https:\/\/www.entroncamentoonline.pt\/portal\/wp-json\/wp\/v2\/media?parent=73397"}],"wp:term":[{"taxonomy":"category","embeddable":true,"href":"https:\/\/www.entroncamentoonline.pt\/portal\/wp-json\/wp\/v2\/categories?post=73397"},{"taxonomy":"post_tag","embeddable":true,"href":"https:\/\/www.entroncamentoonline.pt\/portal\/wp-json\/wp\/v2\/tags?post=73397"}],"curies":[{"name":"wp","href":"https:\/\/api.w.org\/{rel}","templated":true}]}}