{"id":73384,"date":"2026-03-13T09:33:13","date_gmt":"2026-03-13T09:33:13","guid":{"rendered":"https:\/\/www.entroncamentoonline.pt\/portal\/?p=73384"},"modified":"2026-03-13T09:33:13","modified_gmt":"2026-03-13T09:33:13","slug":"necrologia-rui-miguel-rodrigues-rosa-entroncamento","status":"publish","type":"post","link":"https:\/\/www.entroncamentoonline.pt\/portal\/necrologia-rui-miguel-rodrigues-rosa-entroncamento\/","title":{"rendered":"Necrologia: Rui Miguel Rodrigues Rosa &#8211; Entroncamento"},"content":{"rendered":"<p><span style=\"color: #000000;\"><span style=\"font-family: Arial, sans-serif;\">Faleceu Rui Miguel Rodrigues Rosa, de 49 anos, que residia na Rua Engenheiro Ferreira de Mesquita \u2013 Entroncamento.<\/span><\/span><\/p>\n<p><span style=\"color: #000000;\"><span style=\"font-family: Arial, sans-serif;\">Suas filhas: Sara Rosa, L\u00facia Rosa, seus pais: M\u00e1rio de Jesus Rosa e Maria da Piedade<br \/>\nBatista Rodrigues, irm\u00e3 e restante fam\u00edlia, comunicam que o seu vel\u00f3rio ser\u00e1 realizado<br \/>\nna Capela Mortu\u00e1ria da Nossa Senhora de F\u00e1tima &#8211; Entroncamento, dia 12 de mar\u00e7o<br \/>\nde 2026 (quinta-feira), a partir das 18:00 horas.<\/span><\/span><\/p>\n<p><span style=\"color: #000000;\"><span style=\"font-family: Arial, sans-serif;\">O seu funeral realizar-se-\u00e1 no dia 13 de Mar\u00e7o de 2026 (sexta-feira), saindo da Capela<br \/>\nMortu\u00e1ria da Nossa Senhora de F\u00e1tima &#8211; Entroncamento pelas 14:45 horas, com<br \/>\ndestino \u00e0 Igreja da Nossa Senhora de F\u00e1tima &#8211; Entroncamento, onde ser\u00e1 realizada<br \/>\nmissa de corpo presente pelas 15:00 horas, seguindo para o cemit\u00e9rio do<br \/>\nEntroncamento.<\/span><\/span><\/p>\n<p><em><span style=\"color: #000000;\"><span style=\"font-family: Arial, sans-serif;\">Ag\u00eancia Funer\u00e1ria Rainho<\/span><\/span><\/em><\/p>\n<div class=\"fb-background-color\">\n\t\t\t  <div \n\t\t\t  \tclass = \"fb-comments\" \n\t\t\t  \tdata-href = \"https:\/\/www.entroncamentoonline.pt\/portal\/necrologia-rui-miguel-rodrigues-rosa-entroncamento\/\"\n\t\t\t  \tdata-numposts = \"10\"\n\t\t\t  \tdata-lazy = \"true\"\n\t\t\t\tdata-colorscheme = \"light\"\n\t\t\t\tdata-order-by = \"social\"\n\t\t\t\tdata-mobile=true>\n\t\t\t  <\/div><\/div>\n\t\t  <style>\n\t\t    .fb-background-color {\n\t\t\t\tbackground:  !important;\n\t\t\t}\n\t\t\t.fb_iframe_widget_fluid_desktop iframe {\n\t\t\t    width: 100% !important;\n\t\t\t}\n\t\t  <\/style>\n\t\t  ","protected":false},"excerpt":{"rendered":"<p>Faleceu Rui Miguel Rodrigues Rosa, de 49 anos, que residia na Rua Engenheiro Ferreira de Mesquita \u2013 Entroncamento. Suas filhas: Sara Rosa, L\u00facia Rosa, seus pais: M\u00e1rio de Jesus Rosa e Maria da Piedade Batista Rodrigues, irm\u00e3 e restante fam\u00edlia, comunicam que o seu vel\u00f3rio ser\u00e1 realizado na Capela Mortu\u00e1ria da Nossa Senhora de F\u00e1tima [&hellip;]<\/p>\n","protected":false},"author":43,"featured_media":73385,"comment_status":"open","ping_status":"closed","sticky":false,"template":"","format":"standard","meta":{"_acf_changed":false,"footnotes":""},"categories":[1],"tags":[],"class_list":{"0":"post-73384","1":"post","2":"type-post","3":"status-publish","4":"format-standard","5":"has-post-thumbnail","7":"category-sem-categoria"},"acf":[],"_links":{"self":[{"href":"https:\/\/www.entroncamentoonline.pt\/portal\/wp-json\/wp\/v2\/posts\/73384","targetHints":{"allow":["GET"]}}],"collection":[{"href":"https:\/\/www.entroncamentoonline.pt\/portal\/wp-json\/wp\/v2\/posts"}],"about":[{"href":"https:\/\/www.entroncamentoonline.pt\/portal\/wp-json\/wp\/v2\/types\/post"}],"author":[{"embeddable":true,"href":"https:\/\/www.entroncamentoonline.pt\/portal\/wp-json\/wp\/v2\/users\/43"}],"replies":[{"embeddable":true,"href":"https:\/\/www.entroncamentoonline.pt\/portal\/wp-json\/wp\/v2\/comments?post=73384"}],"version-history":[{"count":1,"href":"https:\/\/www.entroncamentoonline.pt\/portal\/wp-json\/wp\/v2\/posts\/73384\/revisions"}],"predecessor-version":[{"id":73388,"href":"https:\/\/www.entroncamentoonline.pt\/portal\/wp-json\/wp\/v2\/posts\/73384\/revisions\/73388"}],"wp:featuredmedia":[{"embeddable":true,"href":"https:\/\/www.entroncamentoonline.pt\/portal\/wp-json\/wp\/v2\/media\/73385"}],"wp:attachment":[{"href":"https:\/\/www.entroncamentoonline.pt\/portal\/wp-json\/wp\/v2\/media?parent=73384"}],"wp:term":[{"taxonomy":"category","embeddable":true,"href":"https:\/\/www.entroncamentoonline.pt\/portal\/wp-json\/wp\/v2\/categories?post=73384"},{"taxonomy":"post_tag","embeddable":true,"href":"https:\/\/www.entroncamentoonline.pt\/portal\/wp-json\/wp\/v2\/tags?post=73384"}],"curies":[{"name":"wp","href":"https:\/\/api.w.org\/{rel}","templated":true}]}}