{"id":73359,"date":"2026-03-11T15:46:07","date_gmt":"2026-03-11T15:46:07","guid":{"rendered":"https:\/\/www.entroncamentoonline.pt\/portal\/?p=73359"},"modified":"2026-03-11T11:52:46","modified_gmt":"2026-03-11T11:52:46","slug":"arruada-em-contramedo-vai-levar-alunos-as-ruas-de-vila-nova-da-barquinha-no-dia-20-de-marco","status":"publish","type":"post","link":"https:\/\/www.entroncamentoonline.pt\/portal\/arruada-em-contramedo-vai-levar-alunos-as-ruas-de-vila-nova-da-barquinha-no-dia-20-de-marco\/","title":{"rendered":"Arruada \u201cEm ContraMedo\u201d vai levar alunos \u00e0s ruas de Vila Nova da Barquinha no dia 20 de mar\u00e7o"},"content":{"rendered":"<p><span style=\"color: #000000;\"><span style=\"font-family: Aptos, Aptos EmbeddedFont, Aptos MSFontService, Calibri, Helvetica, sans-serif;\"><span style=\"font-family: Arial, sans-serif;\">O Agrupamento de Escolas de Vila Nova da Barquinha vai promover, no pr\u00f3ximo dia <\/span><strong><span style=\"font-family: Arial, sans-serif;\">20 de mar\u00e7o<\/span><\/strong><span style=\"font-family: Arial, sans-serif;\">, a arruada <\/span><strong><span style=\"font-family: Arial, sans-serif;\">\u201cEm ContraMedo\u201d<\/span><\/strong><span style=\"font-family: Arial, sans-serif;\">, uma iniciativa integrada no <\/span><strong><span style=\"font-family: Arial, sans-serif;\">Projeto Cultural de Escola<\/span><\/strong><span style=\"font-family: Arial, sans-serif;\"> e no <\/span><strong><span style=\"font-family: Arial, sans-serif;\">Plano Nacional das Artes<\/span><\/strong><span style=\"font-family: Arial, sans-serif;\">, que pretende trabalhar o tema do medo atrav\u00e9s de uma abordagem simb\u00f3lica e comunit\u00e1ria.<\/span><\/span><\/span><\/p>\n<p><span style=\"color: #000000;\"><span style=\"font-family: Aptos, Aptos EmbeddedFont, Aptos MSFontService, Calibri, Helvetica, sans-serif;\"><span style=\"font-family: Arial, sans-serif;\">A atividade tem como objetivo promover uma <\/span><strong><span style=\"font-family: Arial, sans-serif;\">catarse do medo<\/span><\/strong><span style=\"font-family: Arial, sans-serif;\">, entendida como \u201ca liberta\u00e7\u00e3o emocional e psicol\u00f3gica do medo, traumas e tens\u00f5es reprimidas\u201d. A arruada envolve crian\u00e7as e alunos de v\u00e1rias faixas et\u00e1rias, num exerc\u00edcio art\u00edstico e educativo que pretende transformar emo\u00e7\u00f5es em express\u00e3o criativa.<\/span><\/span><\/span><\/p>\n<p><span style=\"color: #000000;\"><span style=\"font-family: Aptos, Aptos EmbeddedFont, Aptos MSFontService, Calibri, Helvetica, sans-serif;\"><span style=\"font-family: Arial, sans-serif;\">A concentra\u00e7\u00e3o est\u00e1 marcada para as <\/span><strong><span style=\"font-family: Arial, sans-serif;\">9h30<\/span><\/strong><span style=\"font-family: Arial, sans-serif;\">, na <\/span><strong><span style=\"font-family: Arial, sans-serif;\">Escola D. Maria II<\/span><\/strong><span style=\"font-family: Arial, sans-serif;\">, de onde os participantes seguir\u00e3o em marcha at\u00e9 \u00e0 <\/span><strong><span style=\"font-family: Arial, sans-serif;\">Pra\u00e7a da Paz<\/span><\/strong><span style=\"font-family: Arial, sans-serif;\">, no centro do munic\u00edpio. O local escolhido refor\u00e7a a liga\u00e7\u00e3o ao <\/span><strong><span style=\"font-family: Arial, sans-serif;\">Projeto Educativo \u201cEducar para a Paz\u201d<\/span><\/strong><span style=\"font-family: Arial, sans-serif;\">, que orienta o trabalho do Agrupamento e que encontra na Pra\u00e7a do Munic\u00edpio \u2014 simbolicamente designada como Pra\u00e7a da Paz \u2014 o cen\u00e1rio \u201cideal\u201d para a conclus\u00e3o da iniciativa.<\/span><\/span><\/span><\/p>\n<p><span style=\"color: #000000;\"><span style=\"font-family: Arial, sans-serif;\">A arruada \u201cEm ContraMedo\u201d pretende, assim, envolver a comunidade escolar num momento de partilha, reflex\u00e3o e express\u00e3o art\u00edstica, refor\u00e7ando valores de paz, bem\u2011estar emocional e conviv\u00eancia positiva.<\/span><\/span><\/p>\n<p><em>Foto: CMVNB<\/em><\/p>\n<div class=\"fb-background-color\">\n\t\t\t  <div \n\t\t\t  \tclass = \"fb-comments\" \n\t\t\t  \tdata-href = \"https:\/\/www.entroncamentoonline.pt\/portal\/arruada-em-contramedo-vai-levar-alunos-as-ruas-de-vila-nova-da-barquinha-no-dia-20-de-marco\/\"\n\t\t\t  \tdata-numposts = \"10\"\n\t\t\t  \tdata-lazy = \"true\"\n\t\t\t\tdata-colorscheme = \"light\"\n\t\t\t\tdata-order-by = \"social\"\n\t\t\t\tdata-mobile=true>\n\t\t\t  <\/div><\/div>\n\t\t  <style>\n\t\t    .fb-background-color {\n\t\t\t\tbackground:  !important;\n\t\t\t}\n\t\t\t.fb_iframe_widget_fluid_desktop iframe {\n\t\t\t    width: 100% !important;\n\t\t\t}\n\t\t  <\/style>\n\t\t  ","protected":false},"excerpt":{"rendered":"<p>O Agrupamento de Escolas de Vila Nova da Barquinha vai promover, no pr\u00f3ximo dia 20 de mar\u00e7o, a arruada \u201cEm ContraMedo\u201d, uma iniciativa integrada no Projeto Cultural de Escola e no Plano Nacional das Artes, que pretende trabalhar o tema do medo atrav\u00e9s de uma abordagem simb\u00f3lica e comunit\u00e1ria. A atividade tem como objetivo promover [&hellip;]<\/p>\n","protected":false},"author":43,"featured_media":73360,"comment_status":"open","ping_status":"closed","sticky":false,"template":"","format":"standard","meta":{"_acf_changed":false,"footnotes":""},"categories":[56,32,71,38],"tags":[],"class_list":{"0":"post-73359","1":"post","2":"type-post","3":"status-publish","4":"format-standard","5":"has-post-thumbnail","7":"category-1apagina","8":"category-noticias","9":"category-outras-noticias","10":"category-v-n-barquinha"},"acf":[],"_links":{"self":[{"href":"https:\/\/www.entroncamentoonline.pt\/portal\/wp-json\/wp\/v2\/posts\/73359","targetHints":{"allow":["GET"]}}],"collection":[{"href":"https:\/\/www.entroncamentoonline.pt\/portal\/wp-json\/wp\/v2\/posts"}],"about":[{"href":"https:\/\/www.entroncamentoonline.pt\/portal\/wp-json\/wp\/v2\/types\/post"}],"author":[{"embeddable":true,"href":"https:\/\/www.entroncamentoonline.pt\/portal\/wp-json\/wp\/v2\/users\/43"}],"replies":[{"embeddable":true,"href":"https:\/\/www.entroncamentoonline.pt\/portal\/wp-json\/wp\/v2\/comments?post=73359"}],"version-history":[{"count":1,"href":"https:\/\/www.entroncamentoonline.pt\/portal\/wp-json\/wp\/v2\/posts\/73359\/revisions"}],"predecessor-version":[{"id":73361,"href":"https:\/\/www.entroncamentoonline.pt\/portal\/wp-json\/wp\/v2\/posts\/73359\/revisions\/73361"}],"wp:featuredmedia":[{"embeddable":true,"href":"https:\/\/www.entroncamentoonline.pt\/portal\/wp-json\/wp\/v2\/media\/73360"}],"wp:attachment":[{"href":"https:\/\/www.entroncamentoonline.pt\/portal\/wp-json\/wp\/v2\/media?parent=73359"}],"wp:term":[{"taxonomy":"category","embeddable":true,"href":"https:\/\/www.entroncamentoonline.pt\/portal\/wp-json\/wp\/v2\/categories?post=73359"},{"taxonomy":"post_tag","embeddable":true,"href":"https:\/\/www.entroncamentoonline.pt\/portal\/wp-json\/wp\/v2\/tags?post=73359"}],"curies":[{"name":"wp","href":"https:\/\/api.w.org\/{rel}","templated":true}]}}