{"id":73349,"date":"2026-03-11T11:05:27","date_gmt":"2026-03-11T11:05:27","guid":{"rendered":"https:\/\/www.entroncamentoonline.pt\/portal\/?p=73349"},"modified":"2026-03-11T10:08:07","modified_gmt":"2026-03-11T10:08:07","slug":"abrantes-utentes-defendem-funcionamento-permanente-da-maternidade-da-uls-medio-tejo","status":"publish","type":"post","link":"https:\/\/www.entroncamentoonline.pt\/portal\/abrantes-utentes-defendem-funcionamento-permanente-da-maternidade-da-uls-medio-tejo\/","title":{"rendered":"Abrantes: Utentes defendem funcionamento permanente da maternidade da ULS M\u00e9dio Tejo"},"content":{"rendered":"<p align=\"justify\"><span style=\"font-family: Arial, sans-serif;\">A possibilidade de encerramento da maternidade da <strong>ULS M\u00e9dio Tejo<\/strong>, situada no <strong>Hospital de Abrantes<\/strong>, est\u00e1 a gerar crescente preocupa\u00e7\u00e3o entre utentes e autarcas da regi\u00e3o. O tema ganha for\u00e7a num momento em que, na Pen\u00ednsula de Set\u00fabal e na zona do Estu\u00e1rio do Tejo, popula\u00e7\u00f5es e respons\u00e1veis pol\u00edticos t\u00eam vindo a manifestar-se contra o fecho das urg\u00eancias obst\u00e9tricas e maternidades.<\/span><\/p>\n<p align=\"justify\"><span style=\"font-family: Arial, sans-serif;\">Na lista de unidades em risco de encerramento \u2014 ap\u00f3s a cria\u00e7\u00e3o das chamadas <strong>urg\u00eancias regionais<\/strong> \u2014 surgem os hospitais de <strong>Set\u00fabal<\/strong>, <strong>Barreiro<\/strong>, <strong>Vila Franca de Xira<\/strong> e tamb\u00e9m <strong>Abrantes<\/strong>, o que coloca o M\u00e9dio Tejo em alerta.<\/span><\/p>\n<p align=\"justify\"><span style=\"font-family: Arial, sans-serif;\">Os utentes da regi\u00e3o j\u00e1 recolheram <strong>mais de 23 mil assinaturas<\/strong> a defender a manuten\u00e7\u00e3o da maternidade, enquanto v\u00e1rios autarcas t\u00eam assumido publicamente posi\u00e7\u00f5es contra um eventual encerramento. A medida, caso avance por decis\u00e3o governamental, \u00e9 considerada <strong>lesiva para as popula\u00e7\u00f5es, para os profissionais de sa\u00fade e para o territ\u00f3rio<\/strong>, que ficaria mais vulner\u00e1vel e com maior dist\u00e2ncia a servi\u00e7os essenciais.<\/span><\/p>\n<p align=\"justify\"><span style=\"font-family: Arial, sans-serif;\">A reivindica\u00e7\u00e3o \u00e9 clara: garantir o <strong>funcionamento permanente<\/strong> da maternidade da ULS M\u00e9dio Tejo, assegurando que as gr\u00e1vidas da regi\u00e3o continuam a ter acesso a cuidados de sa\u00fade pr\u00f3ximos, seguros e adequados.<\/span><\/p>\n<p align=\"justify\"><span style=\"font-family: Arial, sans-serif;\">A mobiliza\u00e7\u00e3o dever\u00e1 continuar nos pr\u00f3ximos meses, com utentes e autarcas a apelarem \u00e0 defesa de um servi\u00e7o considerado fundamental para a coes\u00e3o e seguran\u00e7a das comunidades do M\u00e9dio Tejo.<\/span><\/p>\n<div class=\"fb-background-color\">\n\t\t\t  <div \n\t\t\t  \tclass = \"fb-comments\" \n\t\t\t  \tdata-href = \"https:\/\/www.entroncamentoonline.pt\/portal\/abrantes-utentes-defendem-funcionamento-permanente-da-maternidade-da-uls-medio-tejo\/\"\n\t\t\t  \tdata-numposts = \"10\"\n\t\t\t  \tdata-lazy = \"true\"\n\t\t\t\tdata-colorscheme = \"light\"\n\t\t\t\tdata-order-by = \"social\"\n\t\t\t\tdata-mobile=true>\n\t\t\t  <\/div><\/div>\n\t\t  <style>\n\t\t    .fb-background-color {\n\t\t\t\tbackground:  !important;\n\t\t\t}\n\t\t\t.fb_iframe_widget_fluid_desktop iframe {\n\t\t\t    width: 100% !important;\n\t\t\t}\n\t\t  <\/style>\n\t\t  ","protected":false},"excerpt":{"rendered":"<p>A possibilidade de encerramento da maternidade da ULS M\u00e9dio Tejo, situada no Hospital de Abrantes, est\u00e1 a gerar crescente preocupa\u00e7\u00e3o entre utentes e autarcas da regi\u00e3o. O tema ganha for\u00e7a num momento em que, na Pen\u00ednsula de Set\u00fabal e na zona do Estu\u00e1rio do Tejo, popula\u00e7\u00f5es e respons\u00e1veis pol\u00edticos t\u00eam vindo a manifestar-se contra o [&hellip;]<\/p>\n","protected":false},"author":43,"featured_media":73350,"comment_status":"open","ping_status":"closed","sticky":false,"template":"","format":"standard","meta":{"_acf_changed":false,"footnotes":""},"categories":[56,75,32],"tags":[],"class_list":{"0":"post-73349","1":"post","2":"type-post","3":"status-publish","4":"format-standard","5":"has-post-thumbnail","7":"category-1apagina","8":"category-medio-tejo","9":"category-noticias"},"acf":[],"_links":{"self":[{"href":"https:\/\/www.entroncamentoonline.pt\/portal\/wp-json\/wp\/v2\/posts\/73349","targetHints":{"allow":["GET"]}}],"collection":[{"href":"https:\/\/www.entroncamentoonline.pt\/portal\/wp-json\/wp\/v2\/posts"}],"about":[{"href":"https:\/\/www.entroncamentoonline.pt\/portal\/wp-json\/wp\/v2\/types\/post"}],"author":[{"embeddable":true,"href":"https:\/\/www.entroncamentoonline.pt\/portal\/wp-json\/wp\/v2\/users\/43"}],"replies":[{"embeddable":true,"href":"https:\/\/www.entroncamentoonline.pt\/portal\/wp-json\/wp\/v2\/comments?post=73349"}],"version-history":[{"count":1,"href":"https:\/\/www.entroncamentoonline.pt\/portal\/wp-json\/wp\/v2\/posts\/73349\/revisions"}],"predecessor-version":[{"id":73351,"href":"https:\/\/www.entroncamentoonline.pt\/portal\/wp-json\/wp\/v2\/posts\/73349\/revisions\/73351"}],"wp:featuredmedia":[{"embeddable":true,"href":"https:\/\/www.entroncamentoonline.pt\/portal\/wp-json\/wp\/v2\/media\/73350"}],"wp:attachment":[{"href":"https:\/\/www.entroncamentoonline.pt\/portal\/wp-json\/wp\/v2\/media?parent=73349"}],"wp:term":[{"taxonomy":"category","embeddable":true,"href":"https:\/\/www.entroncamentoonline.pt\/portal\/wp-json\/wp\/v2\/categories?post=73349"},{"taxonomy":"post_tag","embeddable":true,"href":"https:\/\/www.entroncamentoonline.pt\/portal\/wp-json\/wp\/v2\/tags?post=73349"}],"curies":[{"name":"wp","href":"https:\/\/api.w.org\/{rel}","templated":true}]}}