{"id":73343,"date":"2026-03-10T12:16:40","date_gmt":"2026-03-10T12:16:40","guid":{"rendered":"https:\/\/www.entroncamentoonline.pt\/portal\/?p=73343"},"modified":"2026-03-10T10:18:52","modified_gmt":"2026-03-10T10:18:52","slug":"feira-de-abril-regressa-ao-entroncamento-de-10-a-26-de-abril-2","status":"publish","type":"post","link":"https:\/\/www.entroncamentoonline.pt\/portal\/feira-de-abril-regressa-ao-entroncamento-de-10-a-26-de-abril-2\/","title":{"rendered":"Feira de Abril regressa ao Entroncamento de 10 a 26 de abril"},"content":{"rendered":"<p align=\"justify\"><span style=\"font-family: Arial, sans-serif;\">O Munic\u00edpio do Entroncamento, em parceria com a <strong>Divers\u00f5es Sim\u00f5es<\/strong>, volta a promover a tradicional <strong>Feira de Abril<\/strong>, que decorre entre <strong>10 e 26 de abril<\/strong>, no <strong>Recinto Multiusos<\/strong>. Durante mais de duas semanas, o espa\u00e7o transforma\u2011se num ponto de encontro para fam\u00edlias, jovens e visitantes, com anima\u00e7\u00e3o para todas as idades.<\/span><\/p>\n<p align=\"justify\"><span style=\"font-family: Arial, sans-serif;\">A edi\u00e7\u00e3o deste ano mant\u00e9m a f\u00f3rmula que tem marcado a identidade do evento: <strong>divers\u00f5es para mi\u00fados e gra\u00fados<\/strong>, uma <strong>zona alimentar<\/strong> com v\u00e1rias op\u00e7\u00f5es e uma <strong>\u00e1rea dedicada ao artesanato<\/strong>, onde ser\u00e1 poss\u00edvel encontrar produtos locais e pe\u00e7as de inspira\u00e7\u00e3o \u00e9tnica.<\/span><\/p>\n<p align=\"justify\"><span style=\"font-family: Arial, sans-serif;\">O Entroncamento prepara-se assim para voltar a encher-se de <strong>cor, m\u00fasica e conv\u00edvio<\/strong>, numa celebra\u00e7\u00e3o que j\u00e1 faz parte das tradi\u00e7\u00f5es mais acarinhadas da comunidade.<\/span><\/p>\n<p align=\"justify\"><span style=\"font-family: Arial, sans-serif;\">A <strong>inaugura\u00e7\u00e3o<\/strong> est\u00e1 marcada para <strong>10 de abril, \u00e0s 17h00<\/strong>, com <strong>entrada livre<\/strong>.<\/span><\/p>\n<h3 class=\"western\" align=\"justify\"><span style=\"font-family: Arial, sans-serif;\"><span style=\"font-size: medium;\">Hor\u00e1rios da Feira de Abril<\/span><\/span><\/h3>\n<ul>\n<li>\n<p align=\"justify\"><span style=\"font-family: Arial, sans-serif;\"><strong>Domingo a quinta-feira:<\/strong> 14h00 \u2013 24h00<\/span><\/p>\n<\/li>\n<li>\n<p align=\"justify\"><strong><span style=\"font-family: Arial, sans-serif;\">Sextas-feiras e s\u00e1bados: <\/span><\/strong><strong><span style=\"font-family: Arial, sans-serif;\">14h00 \u2013 01h00 <\/span><\/strong><\/p>\n<\/li>\n<\/ul>\n<div class=\"fb-background-color\">\n\t\t\t  <div \n\t\t\t  \tclass = \"fb-comments\" \n\t\t\t  \tdata-href = \"https:\/\/www.entroncamentoonline.pt\/portal\/feira-de-abril-regressa-ao-entroncamento-de-10-a-26-de-abril-2\/\"\n\t\t\t  \tdata-numposts = \"10\"\n\t\t\t  \tdata-lazy = \"true\"\n\t\t\t\tdata-colorscheme = \"light\"\n\t\t\t\tdata-order-by = \"social\"\n\t\t\t\tdata-mobile=true>\n\t\t\t  <\/div><\/div>\n\t\t  <style>\n\t\t    .fb-background-color {\n\t\t\t\tbackground:  !important;\n\t\t\t}\n\t\t\t.fb_iframe_widget_fluid_desktop iframe {\n\t\t\t    width: 100% !important;\n\t\t\t}\n\t\t  <\/style>\n\t\t  ","protected":false},"excerpt":{"rendered":"<p>O Munic\u00edpio do Entroncamento, em parceria com a Divers\u00f5es Sim\u00f5es, volta a promover a tradicional Feira de Abril, que decorre entre 10 e 26 de abril, no Recinto Multiusos. Durante mais de duas semanas, o espa\u00e7o transforma\u2011se num ponto de encontro para fam\u00edlias, jovens e visitantes, com anima\u00e7\u00e3o para todas as idades. A edi\u00e7\u00e3o deste [&hellip;]<\/p>\n","protected":false},"author":43,"featured_media":73344,"comment_status":"open","ping_status":"closed","sticky":false,"template":"","format":"standard","meta":{"_acf_changed":false,"footnotes":""},"categories":[56,31,26,68,32],"tags":[],"class_list":{"0":"post-73343","1":"post","2":"type-post","3":"status-publish","4":"format-standard","5":"has-post-thumbnail","7":"category-1apagina","8":"category-agenda","9":"category-entroncamento","10":"category-na-boa","11":"category-noticias"},"acf":[],"_links":{"self":[{"href":"https:\/\/www.entroncamentoonline.pt\/portal\/wp-json\/wp\/v2\/posts\/73343","targetHints":{"allow":["GET"]}}],"collection":[{"href":"https:\/\/www.entroncamentoonline.pt\/portal\/wp-json\/wp\/v2\/posts"}],"about":[{"href":"https:\/\/www.entroncamentoonline.pt\/portal\/wp-json\/wp\/v2\/types\/post"}],"author":[{"embeddable":true,"href":"https:\/\/www.entroncamentoonline.pt\/portal\/wp-json\/wp\/v2\/users\/43"}],"replies":[{"embeddable":true,"href":"https:\/\/www.entroncamentoonline.pt\/portal\/wp-json\/wp\/v2\/comments?post=73343"}],"version-history":[{"count":1,"href":"https:\/\/www.entroncamentoonline.pt\/portal\/wp-json\/wp\/v2\/posts\/73343\/revisions"}],"predecessor-version":[{"id":73345,"href":"https:\/\/www.entroncamentoonline.pt\/portal\/wp-json\/wp\/v2\/posts\/73343\/revisions\/73345"}],"wp:featuredmedia":[{"embeddable":true,"href":"https:\/\/www.entroncamentoonline.pt\/portal\/wp-json\/wp\/v2\/media\/73344"}],"wp:attachment":[{"href":"https:\/\/www.entroncamentoonline.pt\/portal\/wp-json\/wp\/v2\/media?parent=73343"}],"wp:term":[{"taxonomy":"category","embeddable":true,"href":"https:\/\/www.entroncamentoonline.pt\/portal\/wp-json\/wp\/v2\/categories?post=73343"},{"taxonomy":"post_tag","embeddable":true,"href":"https:\/\/www.entroncamentoonline.pt\/portal\/wp-json\/wp\/v2\/tags?post=73343"}],"curies":[{"name":"wp","href":"https:\/\/api.w.org\/{rel}","templated":true}]}}