{"id":73337,"date":"2026-03-10T10:45:03","date_gmt":"2026-03-10T10:45:03","guid":{"rendered":"https:\/\/www.entroncamentoonline.pt\/portal\/?p=73337"},"modified":"2026-03-10T10:06:33","modified_gmt":"2026-03-10T10:06:33","slug":"abrantes-prisao-preventiva-por-trafico-de-estupefacientes","status":"publish","type":"post","link":"https:\/\/www.entroncamentoonline.pt\/portal\/abrantes-prisao-preventiva-por-trafico-de-estupefacientes\/","title":{"rendered":"Abrantes: Pris\u00e3o preventiva por tr\u00e1fico de estupefacientes"},"content":{"rendered":"<p align=\"justify\"><span style=\"font-family: Arial, sans-serif;\">O Comando Territorial de Santar\u00e9m, atrav\u00e9s do N\u00facleo de Investiga\u00e7\u00e3o Criminal (NIC) do Destacamento Territorial de Torres Novas, no dia 5 de mar\u00e7o, deteve 02 homens de 49 e 51 anos, no concelho de Abrantes, pelo crime de tr\u00e1fico de estupefacientes.<\/span><\/p>\n<p align=\"justify\"><span style=\"font-family: Arial, sans-serif;\">No decorrer de uma opera\u00e7\u00e3o de fiscaliza\u00e7\u00e3o rodovi\u00e1ria, os militares identificaram um forte odor caracter\u00edstico de produtos estupefacientes no interior de uma viatura, sendo not\u00f3rio o nervosismo dos seus dois ocupantes. <\/span><\/p>\n<p align=\"justify\"><span style=\"font-family: Arial, sans-serif;\">Ap\u00f3s a realiza\u00e7\u00e3o de uma busca ao ve\u00edculo, foi apreendido o seguinte:<\/span><\/p>\n<ul type=\"disc\">\n<li>\n<p align=\"justify\"><span style=\"font-family: Arial, sans-serif;\">967 doses de can\u00e1bis;<\/span><\/p>\n<\/li>\n<li>\n<p align=\"justify\"><span style=\"font-family: Arial, sans-serif;\">36 650 euros em numer\u00e1rio.<\/span><\/p>\n<\/li>\n<\/ul>\n<p align=\"justify\"><span style=\"font-family: Arial, sans-serif;\">Os detidos foram presentes a primeiro interrogat\u00f3rio judicial, tendo um deles sido restitu\u00eddo \u00e0 liberdade e ao segundo aplicada a medida de coa\u00e7\u00e3o de <b>pris\u00e3o preventiva<\/b>.<\/span><\/p>\n<p align=\"justify\"><span style=\"font-family: Arial, sans-serif;\">A a\u00e7\u00e3o contou com o apoio dos Destacamentos Territoriais de Abrantes e Tomar e do Destacamento de Tr\u00e2nsito de Santar\u00e9m. <\/span><\/p>\n<div class=\"fb-background-color\">\n\t\t\t  <div \n\t\t\t  \tclass = \"fb-comments\" \n\t\t\t  \tdata-href = \"https:\/\/www.entroncamentoonline.pt\/portal\/abrantes-prisao-preventiva-por-trafico-de-estupefacientes\/\"\n\t\t\t  \tdata-numposts = \"10\"\n\t\t\t  \tdata-lazy = \"true\"\n\t\t\t\tdata-colorscheme = \"light\"\n\t\t\t\tdata-order-by = \"social\"\n\t\t\t\tdata-mobile=true>\n\t\t\t  <\/div><\/div>\n\t\t  <style>\n\t\t    .fb-background-color {\n\t\t\t\tbackground:  !important;\n\t\t\t}\n\t\t\t.fb_iframe_widget_fluid_desktop iframe {\n\t\t\t    width: 100% !important;\n\t\t\t}\n\t\t  <\/style>\n\t\t  ","protected":false},"excerpt":{"rendered":"<p>O Comando Territorial de Santar\u00e9m, atrav\u00e9s do N\u00facleo de Investiga\u00e7\u00e3o Criminal (NIC) do Destacamento Territorial de Torres Novas, no dia 5 de mar\u00e7o, deteve 02 homens de 49 e 51 anos, no concelho de Abrantes, pelo crime de tr\u00e1fico de estupefacientes. No decorrer de uma opera\u00e7\u00e3o de fiscaliza\u00e7\u00e3o rodovi\u00e1ria, os militares identificaram um forte odor [&hellip;]<\/p>\n","protected":false},"author":43,"featured_media":73338,"comment_status":"open","ping_status":"closed","sticky":false,"template":"","format":"standard","meta":{"_acf_changed":false,"footnotes":""},"categories":[29,49,32],"tags":[],"class_list":{"0":"post-73337","1":"post","2":"type-post","3":"status-publish","4":"format-standard","5":"has-post-thumbnail","7":"category-abrantes","8":"category-casos-de-policia","9":"category-noticias"},"acf":[],"_links":{"self":[{"href":"https:\/\/www.entroncamentoonline.pt\/portal\/wp-json\/wp\/v2\/posts\/73337","targetHints":{"allow":["GET"]}}],"collection":[{"href":"https:\/\/www.entroncamentoonline.pt\/portal\/wp-json\/wp\/v2\/posts"}],"about":[{"href":"https:\/\/www.entroncamentoonline.pt\/portal\/wp-json\/wp\/v2\/types\/post"}],"author":[{"embeddable":true,"href":"https:\/\/www.entroncamentoonline.pt\/portal\/wp-json\/wp\/v2\/users\/43"}],"replies":[{"embeddable":true,"href":"https:\/\/www.entroncamentoonline.pt\/portal\/wp-json\/wp\/v2\/comments?post=73337"}],"version-history":[{"count":1,"href":"https:\/\/www.entroncamentoonline.pt\/portal\/wp-json\/wp\/v2\/posts\/73337\/revisions"}],"predecessor-version":[{"id":73339,"href":"https:\/\/www.entroncamentoonline.pt\/portal\/wp-json\/wp\/v2\/posts\/73337\/revisions\/73339"}],"wp:featuredmedia":[{"embeddable":true,"href":"https:\/\/www.entroncamentoonline.pt\/portal\/wp-json\/wp\/v2\/media\/73338"}],"wp:attachment":[{"href":"https:\/\/www.entroncamentoonline.pt\/portal\/wp-json\/wp\/v2\/media?parent=73337"}],"wp:term":[{"taxonomy":"category","embeddable":true,"href":"https:\/\/www.entroncamentoonline.pt\/portal\/wp-json\/wp\/v2\/categories?post=73337"},{"taxonomy":"post_tag","embeddable":true,"href":"https:\/\/www.entroncamentoonline.pt\/portal\/wp-json\/wp\/v2\/tags?post=73337"}],"curies":[{"name":"wp","href":"https:\/\/api.w.org\/{rel}","templated":true}]}}