{"id":73333,"date":"2026-03-10T10:04:21","date_gmt":"2026-03-10T10:04:21","guid":{"rendered":"https:\/\/www.entroncamentoonline.pt\/portal\/?p=73333"},"modified":"2026-03-10T10:04:21","modified_gmt":"2026-03-10T10:04:21","slug":"clac-manuel-maia-conquista-tres-recordes-nacionais-e-um-recorde-mundial-no-nacional-de-masters-de-pista-curta","status":"publish","type":"post","link":"https:\/\/www.entroncamentoonline.pt\/portal\/clac-manuel-maia-conquista-tres-recordes-nacionais-e-um-recorde-mundial-no-nacional-de-masters-de-pista-curta\/","title":{"rendered":"CLAC: Manuel Maia conquista tr\u00eas recordes nacionais \u2014 e um recorde mundial \u2014 no Nacional de Masters de Pista Curta"},"content":{"rendered":"<p><span style=\"color: #080809;\"><span style=\"font-family: inherit;\"><span style=\"font-size: medium;\"><span style=\"font-family: Arial, sans-serif;\">O atleta <\/span><strong><span style=\"font-family: Arial, sans-serif;\">Manuel Maia<\/span><\/strong><span style=\"font-family: Arial, sans-serif;\">, do <\/span><strong><span style=\"font-family: Arial, sans-serif;\">CLAC \u2013 Clube de Lazer, Aventura e Competi\u00e7\u00e3o <\/span><\/strong><strong><span style=\"font-family: Arial, sans-serif;\">do Entroncamento<\/span><\/strong><span style=\"font-family: Arial, sans-serif;\">, foi a grande figura do <\/span><strong><span style=\"font-family: Arial, sans-serif;\">Campeonato Nacional de Masters de Pista Curta<\/span><\/strong><span style=\"font-family: Arial, sans-serif;\">, que decorreu este fim de semana, <\/span><strong><span style=\"font-family: Arial, sans-serif;\">7 e 8 de mar\u00e7o<\/span><\/strong><span style=\"font-family: Arial, sans-serif;\">, no CAR do Jamor. O veterano do escal\u00e3o <\/span><strong><span style=\"font-family: Arial, sans-serif;\">M85<\/span><\/strong><span style=\"font-family: Arial, sans-serif;\"> sagrou\u2011se campe\u00e3o nacional e estabeleceu <\/span><strong><span style=\"font-family: Arial, sans-serif;\">tr\u00eas novos Recordes Nacionais<\/span><\/strong><span style=\"font-family: Arial, sans-serif;\">, um deles tamb\u00e9m <\/span><strong><span style=\"font-family: Arial, sans-serif;\">Recorde Mundial<\/span><\/strong><span style=\"font-family: Arial, sans-serif;\">, no salto em comprimento.<\/span><\/span><\/span><\/span><\/p>\n<p><span style=\"color: #080809;\"><span style=\"font-family: inherit;\"><span style=\"font-size: medium;\"><span style=\"font-family: Arial, sans-serif;\">A competi\u00e7\u00e3o decorreu num formato invulgar, combinando pista coberta e pista ao ar livre, depois de a Expocentro de Pombal \u2014 local inicialmente previsto \u2014 ter ficado inutilizada pela tempestade <\/span><em><span style=\"font-family: Arial, sans-serif;\">Kristin<\/span><\/em><span style=\"font-family: Arial, sans-serif;\">. Apesar das dificuldades log\u00edsticas, o campeonato registou uma forte ades\u00e3o, com <\/span><strong><span style=\"font-family: Arial, sans-serif;\">mais de 1650 participa\u00e7\u00f5es<\/span><\/strong><span style=\"font-family: Arial, sans-serif;\">, envolvendo cerca de <\/span><strong><span style=\"font-family: Arial, sans-serif;\">650 atletas<\/span><\/strong><span style=\"font-family: Arial, sans-serif;\"> de <\/span><strong><span style=\"font-family: Arial, sans-serif;\">120 clubes<\/span><\/strong><span style=\"font-family: Arial, sans-serif;\">.<\/span><\/span><\/span><\/span><\/p>\n<p><img loading=\"lazy\" decoding=\"async\" class=\"alignnone size-medium wp-image-73335\" src=\"https:\/\/www.entroncamentoonline.pt\/portal\/wp-content\/uploads\/2026\/03\/649194694_1386809436790420_4504132358507786023_n-800x450.jpg\" alt=\"\" width=\"800\" height=\"450\" srcset=\"https:\/\/www.entroncamentoonline.pt\/portal\/wp-content\/uploads\/2026\/03\/649194694_1386809436790420_4504132358507786023_n-800x450.jpg 800w, https:\/\/www.entroncamentoonline.pt\/portal\/wp-content\/uploads\/2026\/03\/649194694_1386809436790420_4504132358507786023_n-2024x1139.jpg 2024w, https:\/\/www.entroncamentoonline.pt\/portal\/wp-content\/uploads\/2026\/03\/649194694_1386809436790420_4504132358507786023_n-768x432.jpg 768w, https:\/\/www.entroncamentoonline.pt\/portal\/wp-content\/uploads\/2026\/03\/649194694_1386809436790420_4504132358507786023_n-1536x864.jpg 1536w, https:\/\/www.entroncamentoonline.pt\/portal\/wp-content\/uploads\/2026\/03\/649194694_1386809436790420_4504132358507786023_n-696x392.jpg 696w, https:\/\/www.entroncamentoonline.pt\/portal\/wp-content\/uploads\/2026\/03\/649194694_1386809436790420_4504132358507786023_n-1068x601.jpg 1068w, https:\/\/www.entroncamentoonline.pt\/portal\/wp-content\/uploads\/2026\/03\/649194694_1386809436790420_4504132358507786023_n-1920x1080.jpg 1920w, https:\/\/www.entroncamentoonline.pt\/portal\/wp-content\/uploads\/2026\/03\/649194694_1386809436790420_4504132358507786023_n-747x420.jpg 747w, https:\/\/www.entroncamentoonline.pt\/portal\/wp-content\/uploads\/2026\/03\/649194694_1386809436790420_4504132358507786023_n.jpg 2048w\" sizes=\"auto, (max-width: 800px) 100vw, 800px\" \/><\/p>\n<h3 class=\"western\"><strong><span style=\"color: #080809;\"><span style=\"font-family: Arial, sans-serif;\"><span style=\"font-size: medium;\">Manuel Maia brilha no Jamor<\/span><\/span><\/span><\/strong><\/h3>\n<p><span style=\"color: #080809;\"><span style=\"font-family: Arial, sans-serif;\"><span style=\"font-size: medium;\">O atleta do CLAC foi protagonista absoluto no seu escal\u00e3o, conquistando tr\u00eas t\u00edtulos nacionais e quebrando recordes em todas as provas que disputou:<\/span><\/span><\/span><\/p>\n<ul>\n<li><span style=\"color: #080809;\"><span style=\"font-family: inherit;\"><span style=\"font-size: medium;\"><strong><span style=\"font-family: Arial, sans-serif;\">Salto em Comprimento<\/span><\/strong><span style=\"font-family: Arial, sans-serif;\"> \u2013 1.\u00ba lugar, Campe\u00e3o Nacional, <\/span><strong><span style=\"font-family: Arial, sans-serif;\">Recorde Nacional e Recorde Mundial<\/span><\/strong><\/span><\/span><\/span><\/li>\n<li><span style=\"color: #080809;\"><span style=\"font-family: inherit;\"><span style=\"font-size: medium;\"><strong><span style=\"font-family: Arial, sans-serif;\">60 metros<\/span><\/strong><span style=\"font-family: Arial, sans-serif;\"> \u2013 1.\u00ba lugar, Campe\u00e3o Nacional, <\/span><strong><span style=\"font-family: Arial, sans-serif;\">Recorde Nacional<\/span><\/strong><\/span><\/span><\/span><\/li>\n<li><span style=\"color: #080809;\"><span style=\"font-family: inherit;\"><span style=\"font-size: medium;\"><strong><span style=\"font-family: Arial, sans-serif;\">200 metros<\/span><\/strong><span style=\"font-family: Arial, sans-serif;\"> \u2013 1.\u00ba lugar, Campe\u00e3o Nacional, <\/span><strong><span style=\"font-family: Arial, sans-serif;\">Recorde Nacional<\/span><\/strong><\/span><\/span><\/span><\/li>\n<\/ul>\n<h3 class=\"western\"><span style=\"color: #080809;\"><span style=\"font-family: Arial, sans-serif;\"><span style=\"font-size: medium;\">Mais p\u00f3dios para o CLAC<\/span><\/span><\/span><\/h3>\n<p><span style=\"color: #080809;\"><span style=\"font-family: Arial, sans-serif;\"><span style=\"font-size: medium;\">A presta\u00e7\u00e3o do clube foi refor\u00e7ada por mais dois lugares de destaque:<\/span><\/span><\/span><\/p>\n<ul>\n<li><span style=\"color: #080809;\"><span style=\"font-family: inherit;\"><span style=\"font-size: medium;\"><strong><span style=\"font-family: Arial, sans-serif;\">Ana Abeg\u00e3o (F55)<\/span><\/strong><span style=\"font-family: Arial, sans-serif;\"> \u2013 Vice\u2011campe\u00e3 nacional no <\/span><strong><span style=\"font-family: Arial, sans-serif;\">Triplo Salto<\/span><\/strong><span style=\"font-family: Arial, sans-serif;\"> (2.\u00ba lugar), com recorde pessoal; 4.\u00ba lugar nos 400m e 5.\u00ba lugar nos 200m<\/span><\/span><\/span><\/span><\/li>\n<li><span style=\"color: #080809;\"><span style=\"font-family: inherit;\"><span style=\"font-size: medium;\"><strong><span style=\"font-family: Arial, sans-serif;\">Suzete Morgado (F50)<\/span><\/strong><span style=\"font-family: Arial, sans-serif;\"> \u2013 3.\u00ba lugar no <\/span><strong><span style=\"font-family: Arial, sans-serif;\">Lan\u00e7amento do Peso (3kg)<\/span><\/strong><span style=\"font-family: Arial, sans-serif;\"> e 6.\u00ba lugar no Triplo Salto<\/span><\/span><\/span><\/span><\/li>\n<\/ul>\n<p><span style=\"color: #080809;\"><span style=\"font-family: inherit;\"><span style=\"font-size: medium;\"><span style=\"font-family: Arial, sans-serif;\">Tamb\u00e9m participaram <\/span><strong><span style=\"font-family: Arial, sans-serif;\">Clara Carr\u00ealo (F55)<\/span><\/strong><span style=\"font-family: Arial, sans-serif;\">, 4.\u00aa no Lan\u00e7amento do Peso, e <\/span><strong><span style=\"font-family: Arial, sans-serif;\">C\u00e9lia Silva (F45)<\/span><\/strong><span style=\"font-family: Arial, sans-serif;\">, 10.\u00aa nos 60m e 12.\u00aa no Salto em Comprimento, ambas com desempenhos muito positivos.<\/span><\/span><\/span><\/span><\/p>\n<h3 class=\"western\"><span style=\"color: #080809;\"><span style=\"font-family: Arial, sans-serif;\"><span style=\"font-size: medium;\">Classifica\u00e7\u00e3o coletiva<\/span><\/span><\/span><\/h3>\n<ul>\n<li><span style=\"color: #080809;\"><span style=\"font-family: inherit;\"><span style=\"font-size: medium;\"><strong><span style=\"font-family: Arial, sans-serif;\">Masculinos:<\/span><\/strong><span style=\"font-family: Arial, sans-serif;\"> 32.\u00ba lugar entre 95 equipas<\/span><\/span><\/span><\/span><\/li>\n<li><span style=\"color: #080809;\"><span style=\"font-family: inherit;\"><span style=\"font-size: medium;\"><strong><span style=\"font-family: Arial, sans-serif;\">Femininos:<\/span><\/strong><span style=\"font-family: Arial, sans-serif;\"> 22.\u00ba lugar entre 68 equipas<\/span><\/span><\/span><\/span><\/li>\n<\/ul>\n<p><span style=\"color: #080809;\"><span style=\"font-family: Arial, sans-serif;\"><span style=\"font-size: medium;\">A Sec\u00e7\u00e3o de Atletismo do CLAC destacou o empenho e a qualidade das presta\u00e7\u00f5es, felicitando todos os atletas pela representa\u00e7\u00e3o do clube ao mais alto n\u00edvel.<\/span><\/span><\/span><\/p>\n<div class=\"fb-background-color\">\n\t\t\t  <div \n\t\t\t  \tclass = \"fb-comments\" \n\t\t\t  \tdata-href = \"https:\/\/www.entroncamentoonline.pt\/portal\/clac-manuel-maia-conquista-tres-recordes-nacionais-e-um-recorde-mundial-no-nacional-de-masters-de-pista-curta\/\"\n\t\t\t  \tdata-numposts = \"10\"\n\t\t\t  \tdata-lazy = \"true\"\n\t\t\t\tdata-colorscheme = \"light\"\n\t\t\t\tdata-order-by = \"social\"\n\t\t\t\tdata-mobile=true>\n\t\t\t  <\/div><\/div>\n\t\t  <style>\n\t\t    .fb-background-color {\n\t\t\t\tbackground:  !important;\n\t\t\t}\n\t\t\t.fb_iframe_widget_fluid_desktop iframe {\n\t\t\t    width: 100% !important;\n\t\t\t}\n\t\t  <\/style>\n\t\t  ","protected":false},"excerpt":{"rendered":"<p>O atleta Manuel Maia, do CLAC \u2013 Clube de Lazer, Aventura e Competi\u00e7\u00e3o do Entroncamento, foi a grande figura do Campeonato Nacional de Masters de Pista Curta, que decorreu este fim de semana, 7 e 8 de mar\u00e7o, no CAR do Jamor. O veterano do escal\u00e3o M85 sagrou\u2011se campe\u00e3o nacional e estabeleceu tr\u00eas novos Recordes [&hellip;]<\/p>\n","protected":false},"author":43,"featured_media":73334,"comment_status":"open","ping_status":"closed","sticky":false,"template":"","format":"standard","meta":{"_acf_changed":false,"footnotes":""},"categories":[56,25,26,32],"tags":[],"class_list":{"0":"post-73333","1":"post","2":"type-post","3":"status-publish","4":"format-standard","5":"has-post-thumbnail","7":"category-1apagina","8":"category-desporto","9":"category-entroncamento","10":"category-noticias"},"acf":[],"_links":{"self":[{"href":"https:\/\/www.entroncamentoonline.pt\/portal\/wp-json\/wp\/v2\/posts\/73333","targetHints":{"allow":["GET"]}}],"collection":[{"href":"https:\/\/www.entroncamentoonline.pt\/portal\/wp-json\/wp\/v2\/posts"}],"about":[{"href":"https:\/\/www.entroncamentoonline.pt\/portal\/wp-json\/wp\/v2\/types\/post"}],"author":[{"embeddable":true,"href":"https:\/\/www.entroncamentoonline.pt\/portal\/wp-json\/wp\/v2\/users\/43"}],"replies":[{"embeddable":true,"href":"https:\/\/www.entroncamentoonline.pt\/portal\/wp-json\/wp\/v2\/comments?post=73333"}],"version-history":[{"count":1,"href":"https:\/\/www.entroncamentoonline.pt\/portal\/wp-json\/wp\/v2\/posts\/73333\/revisions"}],"predecessor-version":[{"id":73336,"href":"https:\/\/www.entroncamentoonline.pt\/portal\/wp-json\/wp\/v2\/posts\/73333\/revisions\/73336"}],"wp:featuredmedia":[{"embeddable":true,"href":"https:\/\/www.entroncamentoonline.pt\/portal\/wp-json\/wp\/v2\/media\/73334"}],"wp:attachment":[{"href":"https:\/\/www.entroncamentoonline.pt\/portal\/wp-json\/wp\/v2\/media?parent=73333"}],"wp:term":[{"taxonomy":"category","embeddable":true,"href":"https:\/\/www.entroncamentoonline.pt\/portal\/wp-json\/wp\/v2\/categories?post=73333"},{"taxonomy":"post_tag","embeddable":true,"href":"https:\/\/www.entroncamentoonline.pt\/portal\/wp-json\/wp\/v2\/tags?post=73333"}],"curies":[{"name":"wp","href":"https:\/\/api.w.org\/{rel}","templated":true}]}}