{"id":73330,"date":"2026-03-09T10:08:17","date_gmt":"2026-03-09T10:08:17","guid":{"rendered":"https:\/\/www.entroncamentoonline.pt\/portal\/?p=73330"},"modified":"2026-03-09T10:08:17","modified_gmt":"2026-03-09T10:08:17","slug":"abrantes-colisao-na-en2-provoca-ferimentos-em-quatro-pessoas","status":"publish","type":"post","link":"https:\/\/www.entroncamentoonline.pt\/portal\/abrantes-colisao-na-en2-provoca-ferimentos-em-quatro-pessoas\/","title":{"rendered":"Abrantes: Colis\u00e3o na EN2 provoca ferimentos em quatro pessoas"},"content":{"rendered":"<p><span style=\"font-family: Arial, sans-serif;\"><span style=\"font-size: medium;\"><span style=\"color: #282828;\">Quatro pessoas ficaram feridas na sequ\u00eancia de uma colis\u00e3o entre dois autom\u00f3veis que aconteceu pelas 8h22 desta segunda-feira, na Estrada Nacional 2, em Arrifana, concelho de Abrantes. <\/span><span style=\"color: #282828;\">A informa\u00e7\u00e3o foi avan\u00e7ada \u00e0 R\u00e1dio Hertz por<\/span><span style=\"color: #282828;\"> fonte oficial do Comando Subregional do M\u00e9dio Tejo.<\/span><\/span><\/span><\/p>\n<p><span style=\"font-family: Arial, sans-serif;\"><span style=\"font-size: medium;\"><span style=\"color: #282828;\">Segundo a Hertz,<\/span><span style=\"color: #282828;\"> os envolvidos foram avaliados como \u2018feridos leves\u2019 e transportados para o Hospital abrantino. A Guarda Nacional Republicana tomou conta da ocorr\u00eancia.\u00a0<\/span><\/span><\/span><\/p>\n<p><em><span style=\"font-family: Arial, sans-serif;\"><span style=\"font-size: medium;\"><span style=\"color: #282828;\">Foto Os Monhacas\/Andr\u00e9 Espadinha, Facebook<\/span><\/span><\/span><\/em><\/p>\n<div class=\"fb-background-color\">\n\t\t\t  <div \n\t\t\t  \tclass = \"fb-comments\" \n\t\t\t  \tdata-href = \"https:\/\/www.entroncamentoonline.pt\/portal\/abrantes-colisao-na-en2-provoca-ferimentos-em-quatro-pessoas\/\"\n\t\t\t  \tdata-numposts = \"10\"\n\t\t\t  \tdata-lazy = \"true\"\n\t\t\t\tdata-colorscheme = \"light\"\n\t\t\t\tdata-order-by = \"social\"\n\t\t\t\tdata-mobile=true>\n\t\t\t  <\/div><\/div>\n\t\t  <style>\n\t\t    .fb-background-color {\n\t\t\t\tbackground:  !important;\n\t\t\t}\n\t\t\t.fb_iframe_widget_fluid_desktop iframe {\n\t\t\t    width: 100% !important;\n\t\t\t}\n\t\t  <\/style>\n\t\t  ","protected":false},"excerpt":{"rendered":"<p>Quatro pessoas ficaram feridas na sequ\u00eancia de uma colis\u00e3o entre dois autom\u00f3veis que aconteceu pelas 8h22 desta segunda-feira, na Estrada Nacional 2, em Arrifana, concelho de Abrantes. A informa\u00e7\u00e3o foi avan\u00e7ada \u00e0 R\u00e1dio Hertz por fonte oficial do Comando Subregional do M\u00e9dio Tejo. Segundo a Hertz, os envolvidos foram avaliados como \u2018feridos leves\u2019 e transportados [&hellip;]<\/p>\n","protected":false},"author":43,"featured_media":73331,"comment_status":"open","ping_status":"closed","sticky":false,"template":"","format":"standard","meta":{"_acf_changed":false,"footnotes":""},"categories":[51],"tags":[],"class_list":{"0":"post-73330","1":"post","2":"type-post","3":"status-publish","4":"format-standard","5":"has-post-thumbnail","7":"category-breves"},"acf":[],"_links":{"self":[{"href":"https:\/\/www.entroncamentoonline.pt\/portal\/wp-json\/wp\/v2\/posts\/73330","targetHints":{"allow":["GET"]}}],"collection":[{"href":"https:\/\/www.entroncamentoonline.pt\/portal\/wp-json\/wp\/v2\/posts"}],"about":[{"href":"https:\/\/www.entroncamentoonline.pt\/portal\/wp-json\/wp\/v2\/types\/post"}],"author":[{"embeddable":true,"href":"https:\/\/www.entroncamentoonline.pt\/portal\/wp-json\/wp\/v2\/users\/43"}],"replies":[{"embeddable":true,"href":"https:\/\/www.entroncamentoonline.pt\/portal\/wp-json\/wp\/v2\/comments?post=73330"}],"version-history":[{"count":1,"href":"https:\/\/www.entroncamentoonline.pt\/portal\/wp-json\/wp\/v2\/posts\/73330\/revisions"}],"predecessor-version":[{"id":73332,"href":"https:\/\/www.entroncamentoonline.pt\/portal\/wp-json\/wp\/v2\/posts\/73330\/revisions\/73332"}],"wp:featuredmedia":[{"embeddable":true,"href":"https:\/\/www.entroncamentoonline.pt\/portal\/wp-json\/wp\/v2\/media\/73331"}],"wp:attachment":[{"href":"https:\/\/www.entroncamentoonline.pt\/portal\/wp-json\/wp\/v2\/media?parent=73330"}],"wp:term":[{"taxonomy":"category","embeddable":true,"href":"https:\/\/www.entroncamentoonline.pt\/portal\/wp-json\/wp\/v2\/categories?post=73330"},{"taxonomy":"post_tag","embeddable":true,"href":"https:\/\/www.entroncamentoonline.pt\/portal\/wp-json\/wp\/v2\/tags?post=73330"}],"curies":[{"name":"wp","href":"https:\/\/api.w.org\/{rel}","templated":true}]}}