{"id":73326,"date":"2026-03-09T12:30:46","date_gmt":"2026-03-09T12:30:46","guid":{"rendered":"https:\/\/www.entroncamentoonline.pt\/portal\/?p=73326"},"modified":"2026-03-09T10:04:09","modified_gmt":"2026-03-09T10:04:09","slug":"triatlo-de-santo-andre-clube-de-natacao-de-torres-novas-em-destaque-com-podios-feminino-e-masculino","status":"publish","type":"post","link":"https:\/\/www.entroncamentoonline.pt\/portal\/triatlo-de-santo-andre-clube-de-natacao-de-torres-novas-em-destaque-com-podios-feminino-e-masculino\/","title":{"rendered":"Triatlo de Santo Andr\u00e9: Clube de Nata\u00e7\u00e3o de Torres Novas em destaque com p\u00f3dios feminino e masculino"},"content":{"rendered":"<p><span style=\"font-family: Arial, sans-serif;\"><span style=\"font-size: medium;\">A nova \u00e9poca competitiva de triatlo arrancou finalmente para o <\/span><strong><span style=\"font-size: medium;\">Clube de Nata\u00e7\u00e3o de Torres Novas<\/span><\/strong><span style=\"font-size: medium;\">, com a realiza\u00e7\u00e3o do <\/span><strong><span style=\"font-size: medium;\">Triatlo de Santo Andr\u00e9<\/span><\/strong><span style=\"font-size: medium;\">, disputado este domingo, <\/span><strong><span style=\"font-size: medium;\">8 de mar\u00e7o<\/span><\/strong><span style=\"font-size: medium;\">, entre a ba\u00eda de Sines e Vila Nova de Santo Andr\u00e9. A prova, correspondente \u00e0 <\/span><strong><span style=\"font-size: medium;\">1.\u00aa etapa da Ta\u00e7a de Portugal de Triatlo<\/span><\/strong><span style=\"font-size: medium;\">, tinha sido adiada a 15 de fevereiro devido \u00e0s condi\u00e7\u00f5es meteorol\u00f3gicas.<\/span><\/span><\/p>\n<p><span style=\"font-family: Arial, sans-serif;\"><span style=\"font-size: medium;\">Esta etapa teve um peso especial, servindo como momento de <\/span><strong><span style=\"font-size: medium;\">observa\u00e7\u00e3o e apuramento de atletas<\/span><\/strong><span style=\"font-size: medium;\"> para as sele\u00e7\u00f5es nacionais de elites e juniores, com vista \u00e0s Ta\u00e7as da Europa de Quarteira, Monte Gordo e Torremolinos. Os triatletas torrejano apresentaram-se em excelente forma, lutando pelos lugares cimeiros tanto no setor feminino como no masculino.<\/span><\/span><\/p>\n<p><img loading=\"lazy\" decoding=\"async\" class=\"alignnone size-medium wp-image-73328\" src=\"https:\/\/www.entroncamentoonline.pt\/portal\/wp-content\/uploads\/2026\/03\/Equipa-masculina-do-Clube-de-Natacao-de-Torres-Novas-3olugar-Triatlo-Santo-Andre-800x600.jpg\" alt=\"\" width=\"800\" height=\"600\" srcset=\"https:\/\/www.entroncamentoonline.pt\/portal\/wp-content\/uploads\/2026\/03\/Equipa-masculina-do-Clube-de-Natacao-de-Torres-Novas-3olugar-Triatlo-Santo-Andre-800x600.jpg 800w, https:\/\/www.entroncamentoonline.pt\/portal\/wp-content\/uploads\/2026\/03\/Equipa-masculina-do-Clube-de-Natacao-de-Torres-Novas-3olugar-Triatlo-Santo-Andre-2024x1518.jpg 2024w, https:\/\/www.entroncamentoonline.pt\/portal\/wp-content\/uploads\/2026\/03\/Equipa-masculina-do-Clube-de-Natacao-de-Torres-Novas-3olugar-Triatlo-Santo-Andre-768x576.jpg 768w, https:\/\/www.entroncamentoonline.pt\/portal\/wp-content\/uploads\/2026\/03\/Equipa-masculina-do-Clube-de-Natacao-de-Torres-Novas-3olugar-Triatlo-Santo-Andre-1536x1152.jpg 1536w, https:\/\/www.entroncamentoonline.pt\/portal\/wp-content\/uploads\/2026\/03\/Equipa-masculina-do-Clube-de-Natacao-de-Torres-Novas-3olugar-Triatlo-Santo-Andre-2048x1536.jpg 2048w, https:\/\/www.entroncamentoonline.pt\/portal\/wp-content\/uploads\/2026\/03\/Equipa-masculina-do-Clube-de-Natacao-de-Torres-Novas-3olugar-Triatlo-Santo-Andre-696x522.jpg 696w, https:\/\/www.entroncamentoonline.pt\/portal\/wp-content\/uploads\/2026\/03\/Equipa-masculina-do-Clube-de-Natacao-de-Torres-Novas-3olugar-Triatlo-Santo-Andre-1068x801.jpg 1068w, https:\/\/www.entroncamentoonline.pt\/portal\/wp-content\/uploads\/2026\/03\/Equipa-masculina-do-Clube-de-Natacao-de-Torres-Novas-3olugar-Triatlo-Santo-Andre-1920x1440.jpg 1920w, https:\/\/www.entroncamentoonline.pt\/portal\/wp-content\/uploads\/2026\/03\/Equipa-masculina-do-Clube-de-Natacao-de-Torres-Novas-3olugar-Triatlo-Santo-Andre-560x420.jpg 560w, https:\/\/www.entroncamentoonline.pt\/portal\/wp-content\/uploads\/2026\/03\/Equipa-masculina-do-Clube-de-Natacao-de-Torres-Novas-3olugar-Triatlo-Santo-Andre-80x60.jpg 80w, https:\/\/www.entroncamentoonline.pt\/portal\/wp-content\/uploads\/2026\/03\/Equipa-masculina-do-Clube-de-Natacao-de-Torres-Novas-3olugar-Triatlo-Santo-Andre-265x198.jpg 265w\" sizes=\"auto, (max-width: 800px) 100vw, 800px\" \/><\/p>\n<h3 class=\"western\"><strong><span style=\"font-family: Arial, sans-serif;\"><span style=\"font-size: medium;\">Resultados individuais de destaque<\/span><\/span><\/strong><\/h3>\n<p><span style=\"font-family: Arial, sans-serif;\"><span style=\"font-size: medium;\">A prova, disputada na dist\u00e2ncia sprint (nata\u00e7\u00e3o, 20 km de ciclismo e 5 km de corrida), colocou v\u00e1rios atletas do clube entre os melhores classificados.<\/span><\/span><\/p>\n<h4 class=\"western\"><span style=\"font-family: Arial, sans-serif;\"><strong><span style=\"font-size: medium;\">Classifica\u00e7\u00e3o geral feminina<\/span><\/strong><\/span><\/h4>\n<ul>\n<li><span style=\"font-family: Arial, sans-serif;\"><strong><span style=\"font-size: medium;\">Cassilda Carvalho<\/span><\/strong><span style=\"font-size: medium;\"> \u2013 3.\u00ba lugar (2.\u00aa Sub-23)<\/span><\/span><\/li>\n<li><span style=\"font-family: Arial, sans-serif;\"><strong><span style=\"font-size: medium;\">Catarina Santos<\/span><\/strong><span style=\"font-size: medium;\"> \u2013 4.\u00ba lugar (1.\u00aa J\u00fanior)<\/span><\/span><\/li>\n<li><span style=\"font-family: Arial, sans-serif;\"><strong><span style=\"font-size: medium;\">Francisca Leiri\u00e3o<\/span><\/strong><span style=\"font-size: medium;\"> \u2013 10.\u00ba lugar (2.\u00aa Cadete)<\/span><\/span><\/li>\n<\/ul>\n<h4 class=\"western\"><span style=\"font-family: Arial, sans-serif;\"><strong><span style=\"font-size: medium;\">Classifica\u00e7\u00e3o geral masculina<\/span><\/strong><\/span><\/h4>\n<ul>\n<li><span style=\"font-family: Arial, sans-serif;\"><strong><span style=\"font-size: medium;\">Gustavo do Canto<\/span><\/strong><span style=\"font-size: medium;\"> \u2013 4.\u00ba lugar (2.\u00ba Sub-23)<\/span><\/span><\/li>\n<li><span style=\"font-family: Arial, sans-serif;\"><strong><span style=\"font-size: medium;\">Francisco Carvalho<\/span><\/strong><span style=\"font-size: medium;\"> \u2013 10.\u00ba lugar (3.\u00ba J\u00fanior)<\/span><\/span><\/li>\n<li><span style=\"font-family: Arial, sans-serif;\"><strong><span style=\"font-size: medium;\">Vasco Canadas<\/span><\/strong><span style=\"font-size: medium;\"> \u2013 14.\u00ba lugar (8.\u00ba Sub-23)<\/span><\/span><\/li>\n<li><span style=\"font-family: Arial, sans-serif;\"><strong><span style=\"font-size: medium;\">Tom\u00e9 Tom\u00e9<\/span><\/strong><span style=\"font-size: medium;\"> \u2013 21.\u00ba lugar (8.\u00ba J\u00fanior)<\/span><\/span><\/li>\n<li><span style=\"font-family: Arial, sans-serif;\"><strong><span style=\"font-size: medium;\">Rodrigo Narigueta<\/span><\/strong><span style=\"font-size: medium;\"> \u2013 23.\u00ba lugar (3.\u00ba Cadete)<\/span><\/span><\/li>\n<li><span style=\"font-family: Arial, sans-serif;\"><strong><span style=\"font-size: medium;\">Rodrigo Correia<\/span><\/strong><span style=\"font-size: medium;\"> \u2013 31.\u00ba lugar (6.\u00ba Cadete)<\/span><\/span><\/li>\n<\/ul>\n<p><span style=\"font-family: Arial, sans-serif;\"><span style=\"font-size: medium;\">Os atletas demonstraram grande consist\u00eancia, sobretudo nos segmentos de nata\u00e7\u00e3o e ciclismo, onde v\u00e1rios deles sa\u00edram na frente para disputar os lugares de topo.<\/span><\/span><\/p>\n<h3 class=\"western\"><span style=\"font-family: Arial, sans-serif;\"><span style=\"font-size: medium;\">P\u00f3dios coletivos refor\u00e7am arranque positivo da \u00e9poca<\/span><\/span><\/h3>\n<p><span style=\"font-family: Arial, sans-serif;\"><span style=\"font-size: medium;\">Gra\u00e7as aos resultados individuais, o <\/span><strong><span style=\"font-size: medium;\">Clube de Nata\u00e7\u00e3o de Torres Novas<\/span><\/strong><span style=\"font-size: medium;\"> conquistou:<\/span><\/span><\/p>\n<ul>\n<li><span style=\"font-family: Arial, sans-serif;\"><strong><span style=\"font-size: medium;\">2.\u00ba lugar por equipas no setor feminino<\/span><\/strong><\/span><\/li>\n<li><span style=\"font-family: Arial, sans-serif;\"><strong><span style=\"font-size: medium;\">3.\u00ba lugar por equipas no setor masculino<\/span><\/strong><\/span><\/li>\n<\/ul>\n<p><span style=\"font-family: Arial, sans-serif;\"><span style=\"font-size: medium;\">Um arranque s\u00f3lido e promissor para a \u00e9poca, que deixa boas perspetivas para as pr\u00f3ximas competi\u00e7\u00f5es nacionais e internacionais.<\/span><\/span><\/p>\n<p>&nbsp;<\/p>\n<div class=\"fb-background-color\">\n\t\t\t  <div \n\t\t\t  \tclass = \"fb-comments\" \n\t\t\t  \tdata-href = \"https:\/\/www.entroncamentoonline.pt\/portal\/triatlo-de-santo-andre-clube-de-natacao-de-torres-novas-em-destaque-com-podios-feminino-e-masculino\/\"\n\t\t\t  \tdata-numposts = \"10\"\n\t\t\t  \tdata-lazy = \"true\"\n\t\t\t\tdata-colorscheme = \"light\"\n\t\t\t\tdata-order-by = \"social\"\n\t\t\t\tdata-mobile=true>\n\t\t\t  <\/div><\/div>\n\t\t  <style>\n\t\t    .fb-background-color {\n\t\t\t\tbackground:  !important;\n\t\t\t}\n\t\t\t.fb_iframe_widget_fluid_desktop iframe {\n\t\t\t    width: 100% !important;\n\t\t\t}\n\t\t  <\/style>\n\t\t  ","protected":false},"excerpt":{"rendered":"<p>A nova \u00e9poca competitiva de triatlo arrancou finalmente para o Clube de Nata\u00e7\u00e3o de Torres Novas, com a realiza\u00e7\u00e3o do Triatlo de Santo Andr\u00e9, disputado este domingo, 8 de mar\u00e7o, entre a ba\u00eda de Sines e Vila Nova de Santo Andr\u00e9. A prova, correspondente \u00e0 1.\u00aa etapa da Ta\u00e7a de Portugal de Triatlo, tinha sido [&hellip;]<\/p>\n","protected":false},"author":43,"featured_media":73327,"comment_status":"open","ping_status":"closed","sticky":false,"template":"","format":"standard","meta":{"_acf_changed":false,"footnotes":""},"categories":[25,32,37],"tags":[],"class_list":{"0":"post-73326","1":"post","2":"type-post","3":"status-publish","4":"format-standard","5":"has-post-thumbnail","7":"category-desporto","8":"category-noticias","9":"category-torres-novas"},"acf":[],"_links":{"self":[{"href":"https:\/\/www.entroncamentoonline.pt\/portal\/wp-json\/wp\/v2\/posts\/73326","targetHints":{"allow":["GET"]}}],"collection":[{"href":"https:\/\/www.entroncamentoonline.pt\/portal\/wp-json\/wp\/v2\/posts"}],"about":[{"href":"https:\/\/www.entroncamentoonline.pt\/portal\/wp-json\/wp\/v2\/types\/post"}],"author":[{"embeddable":true,"href":"https:\/\/www.entroncamentoonline.pt\/portal\/wp-json\/wp\/v2\/users\/43"}],"replies":[{"embeddable":true,"href":"https:\/\/www.entroncamentoonline.pt\/portal\/wp-json\/wp\/v2\/comments?post=73326"}],"version-history":[{"count":1,"href":"https:\/\/www.entroncamentoonline.pt\/portal\/wp-json\/wp\/v2\/posts\/73326\/revisions"}],"predecessor-version":[{"id":73329,"href":"https:\/\/www.entroncamentoonline.pt\/portal\/wp-json\/wp\/v2\/posts\/73326\/revisions\/73329"}],"wp:featuredmedia":[{"embeddable":true,"href":"https:\/\/www.entroncamentoonline.pt\/portal\/wp-json\/wp\/v2\/media\/73327"}],"wp:attachment":[{"href":"https:\/\/www.entroncamentoonline.pt\/portal\/wp-json\/wp\/v2\/media?parent=73326"}],"wp:term":[{"taxonomy":"category","embeddable":true,"href":"https:\/\/www.entroncamentoonline.pt\/portal\/wp-json\/wp\/v2\/categories?post=73326"},{"taxonomy":"post_tag","embeddable":true,"href":"https:\/\/www.entroncamentoonline.pt\/portal\/wp-json\/wp\/v2\/tags?post=73326"}],"curies":[{"name":"wp","href":"https:\/\/api.w.org\/{rel}","templated":true}]}}