{"id":73292,"date":"2026-03-06T09:37:02","date_gmt":"2026-03-06T09:37:02","guid":{"rendered":"https:\/\/www.entroncamentoonline.pt\/portal\/?p=73292"},"modified":"2026-03-06T09:37:02","modified_gmt":"2026-03-06T09:37:02","slug":"depressao-kristin-provoca-100-milhoes-de-euros-em-prejuizos-no-medio-tejo","status":"publish","type":"post","link":"https:\/\/www.entroncamentoonline.pt\/portal\/depressao-kristin-provoca-100-milhoes-de-euros-em-prejuizos-no-medio-tejo\/","title":{"rendered":"Depress\u00e3o Kristin provoca 100 milh\u00f5es de euros em preju\u00edzos no M\u00e9dio Tejo"},"content":{"rendered":"<p><span style=\"font-family: Arial, sans-serif;\">A Comunidade Intermunicipal do M\u00e9dio Tejo (CIMMT) revelou esta quinta\u2011feira, 5 de mar\u00e7o, o balan\u00e7o dos estragos causados pela Depress\u00e3o Kristin e pelas intemp\u00e9ries que se seguiram. Trinta e cinco dias ap\u00f3s o fen\u00f3meno meteorol\u00f3gico extremo, os 11 munic\u00edpios da regi\u00e3o contabilizam <strong>preju\u00edzos que ultrapassam os 100 milh\u00f5es de euros<\/strong>.<\/span><\/p>\n<h3 class=\"western\"><strong><span style=\"font-family: Arial, sans-serif;\"><span style=\"font-size: medium;\">Danos abrangem equipamentos, infraestruturas e patrim\u00f3nio<\/span><\/span><\/strong><\/h3>\n<p><span style=\"font-family: Arial, sans-serif;\">O levantamento inclui estragos em <strong>infraestruturas municipais<\/strong>, equipamentos p\u00fablicos, patrim\u00f3nio cultural e estruturas associativas. O impacto foi t\u00e3o significativo que levou os autarcas a refor\u00e7ar o apelo ao Governo para que sejam disponibilizados, com urg\u00eancia, <strong>apoios financeiros diretos<\/strong>.<\/span><\/p>\n<p><span style=\"font-family: Arial, sans-serif;\">O presidente da CIM M\u00e9dio Tejo, <strong>Manuel Jorge Valamatos<\/strong>, manifestou \u201cprofunda preocupa\u00e7\u00e3o\u201d com a situa\u00e7\u00e3o e defendeu a necessidade de acelerar os processos de requalifica\u00e7\u00e3o:<\/span><\/p>\n<blockquote><p>\u201c<span style=\"font-family: Arial, sans-serif;\">\u00c9 urgente que os apoios cheguem aos munic\u00edpios e que a requalifica\u00e7\u00e3o necess\u00e1ria seja agilizada para voltarmos \u00e0 normalidade.\u201d<\/span><\/p><\/blockquote>\n<blockquote><p><img loading=\"lazy\" decoding=\"async\" class=\"alignnone size-medium wp-image-73294\" src=\"https:\/\/www.entroncamentoonline.pt\/portal\/wp-content\/uploads\/2026\/03\/conf-imp_01-800x533.jpg\" alt=\"\" width=\"800\" height=\"533\" srcset=\"https:\/\/www.entroncamentoonline.pt\/portal\/wp-content\/uploads\/2026\/03\/conf-imp_01-800x533.jpg 800w, https:\/\/www.entroncamentoonline.pt\/portal\/wp-content\/uploads\/2026\/03\/conf-imp_01-768x512.jpg 768w, https:\/\/www.entroncamentoonline.pt\/portal\/wp-content\/uploads\/2026\/03\/conf-imp_01-1536x1024.jpg 1536w, https:\/\/www.entroncamentoonline.pt\/portal\/wp-content\/uploads\/2026\/03\/conf-imp_01-696x464.jpg 696w, https:\/\/www.entroncamentoonline.pt\/portal\/wp-content\/uploads\/2026\/03\/conf-imp_01-1068x712.jpg 1068w, https:\/\/www.entroncamentoonline.pt\/portal\/wp-content\/uploads\/2026\/03\/conf-imp_01-630x420.jpg 630w, https:\/\/www.entroncamentoonline.pt\/portal\/wp-content\/uploads\/2026\/03\/conf-imp_01.jpg 1920w\" sizes=\"auto, (max-width: 800px) 100vw, 800px\" \/><\/p><\/blockquote>\n<h3 class=\"western\"><strong><span style=\"font-family: Arial, sans-serif;\"><span style=\"font-size: medium;\">Vias rodovi\u00e1rias e ferrovi\u00e1rias entre os setores mais afetados<\/span><\/span><\/strong><\/h3>\n<p><span style=\"font-family: Arial, sans-serif;\">Entre as prioridades identificadas est\u00e1 a recupera\u00e7\u00e3o das <strong>vias rodovi\u00e1rias<\/strong>, muitas delas parcial ou totalmente destru\u00eddas, condicionando a mobilidade e o quotidiano das popula\u00e7\u00f5es.<\/span><\/p>\n<p><span style=\"font-family: Arial, sans-serif;\">Tamb\u00e9m a <strong>Linha da Beira Baixa<\/strong> necessita de interven\u00e7\u00f5es imediatas. A CIMMT pediu solu\u00e7\u00f5es r\u00e1pidas que garantam alternativas eficazes para o transbordo de passageiros enquanto decorrem as obras.<\/span><\/p>\n<h3 class=\"western\"><strong><span style=\"font-family: Arial, sans-serif;\"><span style=\"font-size: medium;\">Primeiros apoios j\u00e1 come\u00e7aram a chegar \u00e0s fam\u00edlias<\/span><\/span><\/strong><\/h3>\n<p><span style=\"font-family: Arial, sans-serif;\">Apesar de os apoios nacionais ainda n\u00e3o terem chegado aos munic\u00edpios, j\u00e1 come\u00e7aram a ser entregues os primeiros aux\u00edlios destinados a <strong>casas de primeira habita\u00e7\u00e3o<\/strong>. Est\u00e3o igualmente em curso processos para acionar seguros e mecanismos de apoio \u00e0s empresas afetadas.<\/span><\/p>\n<p><span style=\"font-family: Arial, sans-serif;\">Ainda assim, os autarcas alertam para a <strong>resposta tardia<\/strong> e exigem medidas \u201cobjetivas e c\u00e9leres\u201d que permitam acelerar a reconstru\u00e7\u00e3o.<\/span><\/p>\n<h3 class=\"western\"><strong><span style=\"font-family: Arial, sans-serif;\"><span style=\"font-size: medium;\">Our\u00e9m e Ferreira do Z\u00eazere entre os concelhos mais atingidos<\/span><\/span><\/strong><\/h3>\n<p><span style=\"font-family: Arial, sans-serif;\">Os vice\u2011presidentes da CIMMT, <strong>Lu\u00eds Albuquerque<\/strong> (Our\u00e9m) e <strong>Bruno Gomes<\/strong> (Ferreira do Z\u00eazere), refor\u00e7aram que h\u00e1 ainda muito trabalho por fazer, sobretudo no setor das <strong>telecomunica\u00e7\u00f5es<\/strong>, onde continuam a faltar equipas e meios suficientes para restabelecer a normalidade.<\/span><\/p>\n<h3 class=\"western\"><strong><span style=\"font-family: Arial, sans-serif;\"><span style=\"font-size: medium;\">Apelo \u00e0 mobiliza\u00e7\u00e3o de todas as entidades<\/span><\/span><\/strong><\/h3>\n<p><span style=\"font-family: Arial, sans-serif;\">A CIM M\u00e9dio Tejo voltou a apelar ao empenho das entidades competentes para recuperar a regi\u00e3o o mais rapidamente poss\u00edvel. O <strong>Comando Sub\u2011regional de Emerg\u00eancia e Prote\u00e7\u00e3o Civil do M\u00e9dio Tejo<\/strong>, representado pelo comandante <strong>David Lobato<\/strong>, tem desempenhado um papel central na resposta e acompanhamento dos trabalhos no terreno.<\/span><\/p>\n<div class=\"fb-background-color\">\n\t\t\t  <div \n\t\t\t  \tclass = \"fb-comments\" \n\t\t\t  \tdata-href = \"https:\/\/www.entroncamentoonline.pt\/portal\/depressao-kristin-provoca-100-milhoes-de-euros-em-prejuizos-no-medio-tejo\/\"\n\t\t\t  \tdata-numposts = \"10\"\n\t\t\t  \tdata-lazy = \"true\"\n\t\t\t\tdata-colorscheme = \"light\"\n\t\t\t\tdata-order-by = \"social\"\n\t\t\t\tdata-mobile=true>\n\t\t\t  <\/div><\/div>\n\t\t  <style>\n\t\t    .fb-background-color {\n\t\t\t\tbackground:  !important;\n\t\t\t}\n\t\t\t.fb_iframe_widget_fluid_desktop iframe {\n\t\t\t    width: 100% !important;\n\t\t\t}\n\t\t  <\/style>\n\t\t  ","protected":false},"excerpt":{"rendered":"<p>A Comunidade Intermunicipal do M\u00e9dio Tejo (CIMMT) revelou esta quinta\u2011feira, 5 de mar\u00e7o, o balan\u00e7o dos estragos causados pela Depress\u00e3o Kristin e pelas intemp\u00e9ries que se seguiram. Trinta e cinco dias ap\u00f3s o fen\u00f3meno meteorol\u00f3gico extremo, os 11 munic\u00edpios da regi\u00e3o contabilizam preju\u00edzos que ultrapassam os 100 milh\u00f5es de euros. Danos abrangem equipamentos, infraestruturas e [&hellip;]<\/p>\n","protected":false},"author":43,"featured_media":73293,"comment_status":"open","ping_status":"closed","sticky":false,"template":"","format":"standard","meta":{"_acf_changed":false,"footnotes":""},"categories":[56,75,32],"tags":[],"class_list":{"0":"post-73292","1":"post","2":"type-post","3":"status-publish","4":"format-standard","5":"has-post-thumbnail","7":"category-1apagina","8":"category-medio-tejo","9":"category-noticias"},"acf":[],"_links":{"self":[{"href":"https:\/\/www.entroncamentoonline.pt\/portal\/wp-json\/wp\/v2\/posts\/73292","targetHints":{"allow":["GET"]}}],"collection":[{"href":"https:\/\/www.entroncamentoonline.pt\/portal\/wp-json\/wp\/v2\/posts"}],"about":[{"href":"https:\/\/www.entroncamentoonline.pt\/portal\/wp-json\/wp\/v2\/types\/post"}],"author":[{"embeddable":true,"href":"https:\/\/www.entroncamentoonline.pt\/portal\/wp-json\/wp\/v2\/users\/43"}],"replies":[{"embeddable":true,"href":"https:\/\/www.entroncamentoonline.pt\/portal\/wp-json\/wp\/v2\/comments?post=73292"}],"version-history":[{"count":1,"href":"https:\/\/www.entroncamentoonline.pt\/portal\/wp-json\/wp\/v2\/posts\/73292\/revisions"}],"predecessor-version":[{"id":73295,"href":"https:\/\/www.entroncamentoonline.pt\/portal\/wp-json\/wp\/v2\/posts\/73292\/revisions\/73295"}],"wp:featuredmedia":[{"embeddable":true,"href":"https:\/\/www.entroncamentoonline.pt\/portal\/wp-json\/wp\/v2\/media\/73293"}],"wp:attachment":[{"href":"https:\/\/www.entroncamentoonline.pt\/portal\/wp-json\/wp\/v2\/media?parent=73292"}],"wp:term":[{"taxonomy":"category","embeddable":true,"href":"https:\/\/www.entroncamentoonline.pt\/portal\/wp-json\/wp\/v2\/categories?post=73292"},{"taxonomy":"post_tag","embeddable":true,"href":"https:\/\/www.entroncamentoonline.pt\/portal\/wp-json\/wp\/v2\/tags?post=73292"}],"curies":[{"name":"wp","href":"https:\/\/api.w.org\/{rel}","templated":true}]}}